{"id":123380,"date":"2025-10-23T17:04:23","date_gmt":"2025-10-23T17:04:23","guid":{"rendered":"https:\/\/www.europesays.com\/pt\/123380\/"},"modified":"2025-10-23T17:04:23","modified_gmt":"2025-10-23T17:04:23","slug":"depois-da-polemica-vem-a-cancao-ex-concorrente-faz-sucesso-com-parodia-sobre-vera-do-secret-story-secret-story","status":"publish","type":"post","link":"https:\/\/www.europesays.com\/pt\/123380\/","title":{"rendered":"Depois da pol\u00e9mica, vem a can\u00e7\u00e3o: Ex-concorrente faz sucesso com par\u00f3dia sobre Vera do \u201cSecret Story\u201d &#8211; Secret Story"},"content":{"rendered":"<p data-end=\"676\" data-start=\"330\">A nona edi\u00e7\u00e3o de <a href=\"https:\/\/tvi.iol.pt\/secretstory\/\" rel=\"nofollow noopener\" target=\"_blank\"><strong data-end=\"385\" data-start=\"347\">\u201cSecret Story &#8211; Casa dos Segredos\u201d<\/strong><\/a> continua a dar que falar. Depois do epis\u00f3dio pol\u00e9mico em que <a href=\"https:\/\/tvi.iol.pt\/secretstory\/vera\/dylan\/vera-perde-as-estribeiras-com-dylan-e-o-momento-parou-o-pais-isto-e-tudo-o-que-precisa-saber\" rel=\"nofollow noopener\" target=\"_blank\"><strong data-end=\"483\" data-start=\"447\">Vera Cl\u00e1udia agrediu Dylan Fonte<\/strong><\/a> dentro da casa mais vigiada do pa\u00eds \u2014 o que resultou na <a href=\"https:\/\/tvi.iol.pt\/secretstory\/secret-story\/vera\/ultima-hora-vera-e-expulsa-do-secret-story-e-estas-foram-as-reacoes-da-casa\" rel=\"nofollow noopener\" target=\"_blank\"><strong data-end=\"576\" data-start=\"540\">expuls\u00e3o imediata da concorrente<\/strong><\/a> \u2014, as redes sociais fervilharam de rea\u00e7\u00f5es. E agora, a hist\u00f3ria ganhou um novo cap\u00edtulo\u2026 musical.<\/p>\n<p data-end=\"908\" data-start=\"678\">O cantor e influenciador <a href=\"https:\/\/tvi.iol.pt\/tvireality\/search?pagina=1&amp;pesquisa=rafael+bail%C3%A3o\" rel=\"nofollow noopener\" target=\"_blank\"><strong data-end=\"720\" data-start=\"703\">Rafael Bail\u00e3o<\/strong><\/a>, conhecido pela sua participa\u00e7\u00e3o no reality show <a href=\"https:\/\/tvi.iol.pt\/tvireality\/\" rel=\"nofollow noopener\" target=\"_blank\"><strong data-end=\"782\" data-start=\"770\">\u201cDilema\u201d<\/strong><\/a>, decidiu transformar o momento em inspira\u00e7\u00e3o para uma par\u00f3dia que rapidamente se tornou <strong data-end=\"905\" data-start=\"871\">viral no Instagram e no TikTok<\/strong>.<\/p>\n<p>Rafael Bail\u00e3o transforma pol\u00e9mica em m\u00fasica <\/p>\n<p data-end=\"1149\" data-start=\"959\">Com muito humor e criatividade, Rafael Bail\u00e3o pegou no conhecido tema de <strong data-end=\"1052\" data-start=\"1032\">Victor Rodrigues<\/strong>, \u201cP\u00f5e a M\u00e3o Na Cabecinha\u201d, e criou uma nova vers\u00e3o dedicada ao incidente entre Vera e Dylan.<\/p>\n<p data-end=\"1280\" data-start=\"1151\">O jovem artista publicou o v\u00eddeo nas redes sociais com uma legenda que est\u00e1 a arrancar gargalhadas (e tamb\u00e9m algumas cr\u00edticas):<\/p>\n<blockquote data-end=\"1442\" data-start=\"1282\">\n<p data-end=\"1442\" data-start=\"1284\">\u201cVou s\u00f3 deixar aqui esta par\u00f3dia. Interpretem como quiserem e, por amor de Deus&#8230; n\u00e3o andem \u00e0 batatada, porque n\u00e3o vale a pena. At\u00e9 um dia, Vera Saramago.\u201d<\/p>\n<\/blockquote>\n<p data-end=\"1780\" data-start=\"1444\">Veja, em baixo, o v\u00eddeo original.\u00a0<\/p>\n<p data-end=\"1780\" data-start=\"1444\">\u00a0<\/p>\n<p data-end=\"1780\" data-start=\"1444\">\u00a0<\/p>\n<p data-end=\"1780\" data-start=\"1444\">A refer\u00eancia a <strong data-end=\"1478\" data-start=\"1459\">\u201cVera Saramago\u201d<\/strong> \u00e9, ali\u00e1s, uma das partes mais comentadas. O nome surgiu nas redes sociais como uma brincadeira entre os f\u00e3s do programa, depois de Vera Cl\u00e1udia protagonizar v\u00e1rios momentos de reflex\u00e3o dentro da casa \u2014 algo que muitos telespectadores compararam (com ironia) ao estilo liter\u00e1rio de <strong data-end=\"1777\" data-start=\"1760\">Jos\u00e9 Saramago<\/strong>.<\/p>\n<p>Viral nas redes sociais <\/p>\n<p data-end=\"2129\" data-start=\"1811\">O v\u00eddeo de Rafael Bail\u00e3o rapidamente ultrapassou <strong data-end=\"1889\" data-start=\"1860\">milhares de visualiza\u00e7\u00f5es<\/strong> e partilhas, tornando-se um dos conte\u00fados mais comentados da semana entre os seguidores do \u201cSecret Story\u201d.<\/p>\n<p>Nos coment\u00e1rios, h\u00e1 quem elogie o sentido de humor do cantor e quem critique a par\u00f3dia. Ainda assim, o impacto \u00e9 ineg\u00e1vel: o nome de Rafael Bail\u00e3o voltou aos holofotes e o tema musical est\u00e1 a circular em <strong data-end=\"2273\" data-start=\"2247\">reels, stories e memes<\/strong> por todo o pa\u00eds.<\/p>\n<p>O ex-concorrente foi convidado do <a href=\"https:\/\/tvi.iol.pt\/doisas10\/\" rel=\"nofollow noopener\" target=\"_blank\">&#8220;Dois \u00e0s 10&#8221;<\/a> no passado dia 7 de agosto e falou abertamente sobre a sua orienta\u00e7\u00e3o sexual. Veja, em baixo, o momento da entrevista.<\/p>\n<p>\u00a0<\/p>\n<p>\u201cSecret Story 9\u201d: pol\u00e9micas e audi\u00eancias em alta<\/p>\n<p data-end=\"2612\" data-start=\"2350\">A agress\u00e3o de Vera Cl\u00e1udia a Dylan Fonte foi, at\u00e9 agora, o <strong data-end=\"2444\" data-start=\"2409\">momento mais tenso da temporada<\/strong>. O epis\u00f3dio levou \u00e0 <strong data-end=\"2489\" data-start=\"2465\">expuls\u00e3o disciplinar<\/strong> da concorrente por parte da TVI e \u00e0 emiss\u00e3o de um comunicado oficial a condenar qualquer forma de viol\u00eancia no programa.<\/p>\n<p data-end=\"2854\" data-start=\"2614\">Mesmo com a pol\u00e9mica, o formato parece estar a beneficiar em termos de <strong data-end=\"2720\" data-start=\"2685\">audi\u00eancias e engagement digital<\/strong>, confirmando que a \u201cCasa dos Segredos\u201d continua a ser um dos reality shows mais imprevis\u00edveis e comentados da televis\u00e3o portuguesa.<\/p>\n<p data-end=\"2854\" data-start=\"2614\"><strong>Em cima, recorde o momento da expuls\u00e3o de Vera em imagens, que marcou os acontecimentos desta semana, e veja a galeria de Rafael Bail\u00e3o que prepar\u00e1mos para si.<\/strong><\/p>\n","protected":false},"excerpt":{"rendered":"A nona edi\u00e7\u00e3o de \u201cSecret Story &#8211; Casa dos Segredos\u201d continua a dar que falar. Depois do epis\u00f3dio&hellip;\n","protected":false},"author":2,"featured_media":123381,"comment_status":"","ping_status":"","sticky":false,"template":"","format":"standard","meta":{"footnotes":""},"categories":[142],"tags":[18706,4782,19105,114,115,18705,6587,32,33,17904,1014,1315,151,162,11841,18704],"class_list":{"0":"post-123380","1":"post","2":"type-post","3":"status-publish","4":"format-standard","5":"has-post-thumbnail","7":"category-tv","8":"tag-bastidores-secret-story","9":"tag-dilema","10":"tag-dylan","11":"tag-entertainment","12":"tag-entretenimento","13":"tag-entrevistas-concorrentes-tvi","14":"tag-parodia","15":"tag-portugal","16":"tag-pt","17":"tag-rafael-bailao","18":"tag-reality-show","19":"tag-secret-story","20":"tag-tv","21":"tag-tvi","22":"tag-vera","23":"tag-vida-fora-da-casa"},"share_on_mastodon":{"url":"https:\/\/pubeurope.com\/@pt\/115424570089594727","error":""},"_links":{"self":[{"href":"https:\/\/www.europesays.com\/pt\/wp-json\/wp\/v2\/posts\/123380","targetHints":{"allow":["GET"]}}],"collection":[{"href":"https:\/\/www.europesays.com\/pt\/wp-json\/wp\/v2\/posts"}],"about":[{"href":"https:\/\/www.europesays.com\/pt\/wp-json\/wp\/v2\/types\/post"}],"author":[{"embeddable":true,"href":"https:\/\/www.europesays.com\/pt\/wp-json\/wp\/v2\/users\/2"}],"replies":[{"embeddable":true,"href":"https:\/\/www.europesays.com\/pt\/wp-json\/wp\/v2\/comments?post=123380"}],"version-history":[{"count":0,"href":"https:\/\/www.europesays.com\/pt\/wp-json\/wp\/v2\/posts\/123380\/revisions"}],"wp:featuredmedia":[{"embeddable":true,"href":"https:\/\/www.europesays.com\/pt\/wp-json\/wp\/v2\/media\/123381"}],"wp:attachment":[{"href":"https:\/\/www.europesays.com\/pt\/wp-json\/wp\/v2\/media?parent=123380"}],"wp:term":[{"taxonomy":"category","embeddable":true,"href":"https:\/\/www.europesays.com\/pt\/wp-json\/wp\/v2\/categories?post=123380"},{"taxonomy":"post_tag","embeddable":true,"href":"https:\/\/www.europesays.com\/pt\/wp-json\/wp\/v2\/tags?post=123380"}],"curies":[{"name":"wp","href":"https:\/\/api.w.org\/{rel}","templated":true}]}}