{"id":123402,"date":"2025-10-23T17:17:13","date_gmt":"2025-10-23T17:17:13","guid":{"rendered":"https:\/\/www.europesays.com\/pt\/123402\/"},"modified":"2025-10-23T17:17:13","modified_gmt":"2025-10-23T17:17:13","slug":"um-mar-de-historias-invade-a-hora-do-conto-do-praca-rio-grande-shopping-rio-grande-tem","status":"publish","type":"post","link":"https:\/\/www.europesays.com\/pt\/123402\/","title":{"rendered":"Um mar de hist\u00f3rias invade a \u2018Hora do Conto\u2019 do Pra\u00e7a Rio Grande Shopping \u2013 RIO GRANDE TEM"},"content":{"rendered":"<p>\tMomento leiturinha acontece nesta quinta-feira (23)<\/p>\n<p style=\"text-align: justify;\">A \u2018Hora do Conto\u2019 realizada todas as quintas-feiras, \u00e0s 19h30, na Livraria Albuquerque, ser\u00e1 especial durante o m\u00eas das crian\u00e7as. A cada semana, uma tem\u00e1tica diferente para os pequenos se fantasiarem e se jogarem no mundo da imagina\u00e7\u00e3o.<\/p>\n<p style=\"text-align: justify;\">Nesta quinta-feira, 23, um mar de hist\u00f3rias invadir\u00e1 o nosso momento leiturinha com o livro \u2018O Barquinho e o Marinheiro\u2019, de Jonas Ribeiro, narrada com muita interatividade e brincadeira pela escritora e professora Gabriela Prado. Aproveite e fantasie as crian\u00e7as em homenagem a quem vive, trabalhe ou navegue no mar.<\/p>\n<p style=\"text-align: justify;\">Confira a programa\u00e7\u00e3o do m\u00eas:<\/p>\n<ul>\n<li style=\"text-align: justify;\">23\/10 \u2013 Mar de Hist\u00f3rias \u2013 fantasie-se de quem viva, trabalhe ou navegue no mar;<\/li>\n<li style=\"text-align: justify;\">30\/10 \u2013 Festa de Halloween.<\/li>\n<\/ul>\n<p style=\"text-align: justify;\">Abra as suas asas, entre nesta festa e venha viver a magia do m\u00eas das crian\u00e7as no Pra\u00e7a Shopping.<\/p>\n<p style=\"text-align: justify;\"><strong>Assessoria de Imprensa \u2013 Pra\u00e7a Rio Grande Shopping<\/strong><\/p>\n<p style=\"text-align: justify;\"><strong>Foto: Pra\u00e7a Rio Grande Shopping<\/strong><\/p>\n<p style=\"text-align: center;\"><strong><a href=\"https:\/\/www.whatsapp.com\/channel\/0029Va9rtZ96xCSIqfSU672n\" target=\"_blank\" rel=\"noopener nofollow\">Clique aqui e participe do nosso Canal de Not\u00edcias no WhatsApp<\/a><\/strong><\/p>\n<p>Compartilhe nas suas Redes Sociais<\/p>\n","protected":false},"excerpt":{"rendered":"Momento leiturinha acontece nesta quinta-feira (23) A \u2018Hora do Conto\u2019 realizada todas as quintas-feiras, \u00e0s 19h30, na Livraria&hellip;\n","protected":false},"author":2,"featured_media":123403,"comment_status":"","ping_status":"","sticky":false,"template":"","format":"standard","meta":{"footnotes":""},"categories":[143],"tags":[169,114,115,170,32,33],"class_list":{"0":"post-123402","1":"post","2":"type-post","3":"status-publish","4":"format-standard","5":"has-post-thumbnail","7":"category-livros","8":"tag-books","9":"tag-entertainment","10":"tag-entretenimento","11":"tag-livros","12":"tag-portugal","13":"tag-pt"},"share_on_mastodon":{"url":"https:\/\/pubeurope.com\/@pt\/115424621045301248","error":""},"_links":{"self":[{"href":"https:\/\/www.europesays.com\/pt\/wp-json\/wp\/v2\/posts\/123402","targetHints":{"allow":["GET"]}}],"collection":[{"href":"https:\/\/www.europesays.com\/pt\/wp-json\/wp\/v2\/posts"}],"about":[{"href":"https:\/\/www.europesays.com\/pt\/wp-json\/wp\/v2\/types\/post"}],"author":[{"embeddable":true,"href":"https:\/\/www.europesays.com\/pt\/wp-json\/wp\/v2\/users\/2"}],"replies":[{"embeddable":true,"href":"https:\/\/www.europesays.com\/pt\/wp-json\/wp\/v2\/comments?post=123402"}],"version-history":[{"count":0,"href":"https:\/\/www.europesays.com\/pt\/wp-json\/wp\/v2\/posts\/123402\/revisions"}],"wp:featuredmedia":[{"embeddable":true,"href":"https:\/\/www.europesays.com\/pt\/wp-json\/wp\/v2\/media\/123403"}],"wp:attachment":[{"href":"https:\/\/www.europesays.com\/pt\/wp-json\/wp\/v2\/media?parent=123402"}],"wp:term":[{"taxonomy":"category","embeddable":true,"href":"https:\/\/www.europesays.com\/pt\/wp-json\/wp\/v2\/categories?post=123402"},{"taxonomy":"post_tag","embeddable":true,"href":"https:\/\/www.europesays.com\/pt\/wp-json\/wp\/v2\/tags?post=123402"}],"curies":[{"name":"wp","href":"https:\/\/api.w.org\/{rel}","templated":true}]}}