{"id":123408,"date":"2025-10-23T17:21:38","date_gmt":"2025-10-23T17:21:38","guid":{"rendered":"https:\/\/www.europesays.com\/pt\/123408\/"},"modified":"2025-10-23T17:21:38","modified_gmt":"2025-10-23T17:21:38","slug":"adepto-do-manchester-city-encontrado-morto-antes-do-jogo-com-o-villarreal","status":"publish","type":"post","link":"https:\/\/www.europesays.com\/pt\/123408\/","title":{"rendered":"Adepto do Manchester City encontrado morto antes do jogo com o Villarreal"},"content":{"rendered":"<p>Um adepto do Manchester City que viajou at\u00e9 Espanha para ver o jogo do clube ingl\u00eas ante o Villarreal foi encontrado sem vida na manh\u00e3 de ter\u00e7a-feira, no apartamento em que estava hospedado na cidade de Benidorm, poucas horas antes do in\u00edcio do jogo da terceira jornada da fase de liga da Liga dos Campe\u00f5es.<\/p>\n<p>O alerta por Guy Bradshaw, de 35 anos, foi dado por um elemento do seu grupo de amigos, que se deslocou at\u00e9 territ\u00f3rio espanhol para assistir ao jogo da liga milion\u00e1ria, segundo o Manchester Evening News.<\/p>\n<p>O Manchester City partilhou uma mensagem nos seus canais oficiais, na qual lamenta o falecimento do adepto de 35 anos.<\/p>\n<p>\u00abEstamos profundamente tristes com o falecimento de Guy Bradshaw, um adepto do Manchester City que morreu tragicamente em Espanha, antes da partida do nosso clube contra o Villarreal, na noite passada. Todos no clube enviam as condol\u00eancias \u00e0 fam\u00edlia, amigos e f\u00e3s neste momento dif\u00edcil\u00bb, refere o clube de Manchester.<\/p>\n<p>A causa da morte, segundo o Manchester Evening News, ainda n\u00e3o foi confirmada, mas o mesmo jornal apurou que a fam\u00edlia foi informada de que \u00abn\u00e3o h\u00e1 circunst\u00e2ncias suspeitas\u00bb.<\/p>\n","protected":false},"excerpt":{"rendered":"Um adepto do Manchester City que viajou at\u00e9 Espanha para ver o jogo do clube ingl\u00eas ante o&hellip;\n","protected":false},"author":2,"featured_media":123409,"comment_status":"","ping_status":"","sticky":false,"template":"","format":"standard","meta":{"footnotes":""},"categories":[87],"tags":[28501,135,6911,28500,82,46,1382,2409,32,33,47,134,1157],"class_list":{"0":"post-123408","1":"post","2":"type-post","3":"status-publish","4":"format-standard","5":"has-post-thumbnail","7":"category-desporto","8":"tag-benidorm","9":"tag-desporto","10":"tag-excluirinstant","11":"tag-guy-bradshaw","12":"tag-internacional","13":"tag-maisfutebol","14":"tag-manchester-city","15":"tag-obito","16":"tag-portugal","17":"tag-pt","18":"tag-pura-paixao","19":"tag-sports","20":"tag-villarreal"},"share_on_mastodon":{"url":"https:\/\/pubeurope.com\/@pt\/115424636902859895","error":""},"_links":{"self":[{"href":"https:\/\/www.europesays.com\/pt\/wp-json\/wp\/v2\/posts\/123408","targetHints":{"allow":["GET"]}}],"collection":[{"href":"https:\/\/www.europesays.com\/pt\/wp-json\/wp\/v2\/posts"}],"about":[{"href":"https:\/\/www.europesays.com\/pt\/wp-json\/wp\/v2\/types\/post"}],"author":[{"embeddable":true,"href":"https:\/\/www.europesays.com\/pt\/wp-json\/wp\/v2\/users\/2"}],"replies":[{"embeddable":true,"href":"https:\/\/www.europesays.com\/pt\/wp-json\/wp\/v2\/comments?post=123408"}],"version-history":[{"count":0,"href":"https:\/\/www.europesays.com\/pt\/wp-json\/wp\/v2\/posts\/123408\/revisions"}],"wp:featuredmedia":[{"embeddable":true,"href":"https:\/\/www.europesays.com\/pt\/wp-json\/wp\/v2\/media\/123409"}],"wp:attachment":[{"href":"https:\/\/www.europesays.com\/pt\/wp-json\/wp\/v2\/media?parent=123408"}],"wp:term":[{"taxonomy":"category","embeddable":true,"href":"https:\/\/www.europesays.com\/pt\/wp-json\/wp\/v2\/categories?post=123408"},{"taxonomy":"post_tag","embeddable":true,"href":"https:\/\/www.europesays.com\/pt\/wp-json\/wp\/v2\/tags?post=123408"}],"curies":[{"name":"wp","href":"https:\/\/api.w.org\/{rel}","templated":true}]}}