{"id":123414,"date":"2025-10-23T17:24:12","date_gmt":"2025-10-23T17:24:12","guid":{"rendered":"https:\/\/www.europesays.com\/pt\/123414\/"},"modified":"2025-10-23T17:24:12","modified_gmt":"2025-10-23T17:24:12","slug":"especialistas-preocupados-com-manipulacao-da-nova-aplicacao-da-openai","status":"publish","type":"post","link":"https:\/\/www.europesays.com\/pt\/123414\/","title":{"rendered":"Especialistas preocupados com manipula\u00e7\u00e3o da nova aplica\u00e7\u00e3o da OpenAI"},"content":{"rendered":"<p data-remotead-prev-elm=\"true\" data-remotead-elm-id=\"inread\">A OpenAI, empresa respons\u00e1vel pela cria\u00e7\u00e3o do ChatGPT, lan\u00e7ou este m\u00eas o Sora 2, uma aplica\u00e7\u00e3o que <strong>cria v\u00eddeos realistas com recurso a intelig\u00eancia artificial<\/strong> (IA), a partir de descri\u00e7\u00f5es escritas.<\/p>\n<p>Lan\u00e7ada no in\u00edcio do m\u00eas, a nova ferramenta conjuga a cria\u00e7\u00e3o de v\u00eddeo com IA e uma rede social, que permite aos utilizadores publicar os v\u00eddeos que criam com a tecnologia e partilh\u00e1-los diretamente em plataformas concorrentes como o TikTok e Instagram.<\/p>\n<p>Contactado pela Lusa, o acad\u00e9mico e especialista em desinforma\u00e7\u00e3o Jo\u00e3o Santos Pereira, da Universidade Cat\u00f3lica Portuguesa, come\u00e7a por explicar que a aplica\u00e7\u00e3o tem um potencial muito superior \u00e0s vers\u00f5es anteriores &#8220;porque os v\u00eddeos s\u00e3o bastante mais realistas, respeitam mais as leis da f\u00edsica e as texturas s\u00e3o mais fotorrealistas&#8221;.<\/p>\n<p data-remotead-prev-elm=\"true\" data-remotead-elm-id=\"centro1\">&#8220;Isto significa que <strong>\u00e9 cada vez mais dif\u00edcil a distin\u00e7\u00e3o entre o que \u00e9 real e o que \u00e9 fabricado<\/strong>. A dissipa\u00e7\u00e3o da fronteira entre o real e o artificial leva a conclus\u00f5es que podem ser potencialmente muito perigosas&#8221;, afirma o Jo\u00e3o Santos Pereira.<\/p>\n<p>Regula\u00e7\u00e3o dif\u00edcil<\/p>\n<p>O acad\u00e9mico explica que a grande utiliza\u00e7\u00e3o destas tecnologias por agentes pol\u00edticos e de not\u00edcias pode ser muito malicioso, sobretudo porque a IA &#8220;diminuiu as barreiras de entrada&#8221; no mundo virtual.<\/p>\n<p>Questionado sobre o papel das grandes plataformas na regula\u00e7\u00e3o destes conte\u00fados, Jo\u00e3o Santos Pereira acredita haver &#8220;uma boa vontade, havendo uma preocupa\u00e7\u00e3o para evitar que a internet se transforme num faroeste&#8221;.<\/p>\n<p data-remotead-prev-elm=\"true\" data-remotead-elm-id=\"centro2\">Apesar disso, &#8220;\u00e9 muito complicado esta regula\u00e7\u00e3o face \u00e0 evolu\u00e7\u00e3o da IA, porque os filtros de dete\u00e7\u00e3o autom\u00e1ticos, os humanos e aspetos regulat\u00f3rios est\u00e3o sempre um ou dois passos atr\u00e1s das ondas tecnol\u00f3gicas&#8221;.<\/p>\n<p>Mais casos com fotos e v\u00eddeos reais<\/p>\n<p>\u00c0 Lusa, a investigadora do ISCTE Ana Pinto Martinho afirma que a nova app j\u00e1 cria v\u00eddeos de IA &#8220;muito bons, a que as pessoas podem aceder facilmente&#8221;, o que &#8220;multiplica a possibilidade de ter conte\u00fados desinformativos&#8221;. <\/p>\n<p>&#8220;Quando se fala em &#8216;feeds&#8217; muito viciantes, o que acontece \u00e9 que esse tipo de v\u00eddeos apela a um lado mais emocional, t\u00e1ticas para manter as pessoas o maior tempo poss\u00edvel ligadas aos seus &#8216;feeds'&#8221;, explica a investigadora. <\/p>\n<p data-remotead-prev-elm=\"true\" data-remotead-elm-id=\"centro3\">Por sua vez, em declara\u00e7\u00f5es \u00e0 Lusa, tamb\u00e9m o investigador universit\u00e1rio do ISCTE Jos\u00e9 Moreno alerta que &#8220;seria impens\u00e1vel dizer que um motor de gera\u00e7\u00e3o de v\u00eddeos t\u00e3o hiper-realista como o Sora 2 n\u00e3o pode contribuir para a desinforma\u00e7\u00e3o&#8221;.<\/p>\n<p>O investigador explica que &#8220;s\u00e3o mais frequentes os casos de desinforma\u00e7\u00e3o que usam fotos ou v\u00eddeos reais e os descontextualizam para propagar uma narrativa do que os casos de desinforma\u00e7\u00e3o que t\u00eam na sua base um v\u00eddeo ou imagem gerados por IA&#8221;.<\/p>\n<p>Al\u00e9m disso, Jos\u00e9 Moreno defende que &#8220;a maior parte das pessoas ainda n\u00e3o est\u00e3o suficientemente familiarizadas com estas tecnologias inovadoras&#8221;.<\/p>\n<p data-remotead-prev-elm=\"true\" data-remotead-elm-id=\"centro4\">Para o especialista, o risco das pessoas acreditarem em desinforma\u00e7\u00e3o \u00e9 maior naqueles &#8220;que estejam menos conscientes da pr\u00f3pria exist\u00eancia dos riscos da IA, seja porque n\u00e3o sabem como \u00e9 que a IA os pode enganar, seja porque j\u00e1 est\u00e3o convencidos de uma verdade que a IA, ou qualquer outra tecnologia, n\u00e3o ter\u00e1 dificuldade em lhes confirmar&#8221;, explica.<\/p>\n<p>Desta forma, \u00e9 fundamental &#8220;perceber como \u00e9 que os algoritmos favorecem os conte\u00fados emocionais e polarizadores, entre os quais a desinforma\u00e7\u00e3o&#8221;, bem como desconfiar sempre das informa\u00e7\u00f5es mais simples que parecem confirmar determinadas cren\u00e7as.<\/p>\n<p>Esta semana, uma an\u00e1lise da organiza\u00e7\u00e3o de combate \u00e0 desinforma\u00e7\u00e3o NewsGuard revelou que em 80% dos testes, a aplica\u00e7\u00e3o produziu v\u00eddeos falsos ou enganadores relacionados com not\u00edcias importantes, como o ato eleitoral da Moldova ou quest\u00f5es sobre a pol\u00edtica de imigra\u00e7\u00e3o dos Estados Unidos da Am\u00e9rica (EUA).<\/p>\n<p>O lan\u00e7amento da aplica\u00e7\u00e3o Sora 2 come\u00e7ou pelos EUA e pelo Canad\u00e1, no sistema iOS.<\/p>\n","protected":false},"excerpt":{"rendered":"A OpenAI, empresa respons\u00e1vel pela cria\u00e7\u00e3o do ChatGPT, lan\u00e7ou este m\u00eas o Sora 2, uma aplica\u00e7\u00e3o que cria&hellip;\n","protected":false},"author":2,"featured_media":123415,"comment_status":"","ping_status":"","sticky":false,"template":"","format":"standard","meta":{"footnotes":""},"categories":[84],"tags":[109,107,108,2745,933,619,2430,32,33,105,103,104,106,110],"class_list":{"0":"post-123414","1":"post","2":"type-post","3":"status-publish","4":"format-standard","5":"has-post-thumbnail","7":"category-ciencia-e-tecnologia","8":"tag-ciencia","9":"tag-ciencia-e-tecnologia","10":"tag-cienciaetecnologia","11":"tag-desinformacao","12":"tag-inteligencia-artificial","13":"tag-nacional","14":"tag-openai","15":"tag-portugal","16":"tag-pt","17":"tag-science","18":"tag-science-and-technology","19":"tag-scienceandtechnology","20":"tag-technology","21":"tag-tecnologia"},"share_on_mastodon":{"url":"https:\/\/pubeurope.com\/@pt\/115424648695229989","error":""},"_links":{"self":[{"href":"https:\/\/www.europesays.com\/pt\/wp-json\/wp\/v2\/posts\/123414","targetHints":{"allow":["GET"]}}],"collection":[{"href":"https:\/\/www.europesays.com\/pt\/wp-json\/wp\/v2\/posts"}],"about":[{"href":"https:\/\/www.europesays.com\/pt\/wp-json\/wp\/v2\/types\/post"}],"author":[{"embeddable":true,"href":"https:\/\/www.europesays.com\/pt\/wp-json\/wp\/v2\/users\/2"}],"replies":[{"embeddable":true,"href":"https:\/\/www.europesays.com\/pt\/wp-json\/wp\/v2\/comments?post=123414"}],"version-history":[{"count":0,"href":"https:\/\/www.europesays.com\/pt\/wp-json\/wp\/v2\/posts\/123414\/revisions"}],"wp:featuredmedia":[{"embeddable":true,"href":"https:\/\/www.europesays.com\/pt\/wp-json\/wp\/v2\/media\/123415"}],"wp:attachment":[{"href":"https:\/\/www.europesays.com\/pt\/wp-json\/wp\/v2\/media?parent=123414"}],"wp:term":[{"taxonomy":"category","embeddable":true,"href":"https:\/\/www.europesays.com\/pt\/wp-json\/wp\/v2\/categories?post=123414"},{"taxonomy":"post_tag","embeddable":true,"href":"https:\/\/www.europesays.com\/pt\/wp-json\/wp\/v2\/tags?post=123414"}],"curies":[{"name":"wp","href":"https:\/\/api.w.org\/{rel}","templated":true}]}}