{"id":123420,"date":"2025-10-23T17:29:09","date_gmt":"2025-10-23T17:29:09","guid":{"rendered":"https:\/\/www.europesays.com\/pt\/123420\/"},"modified":"2025-10-23T17:29:09","modified_gmt":"2025-10-23T17:29:09","slug":"morreu-patricia-saramago-desaparecimento-inesperado","status":"publish","type":"post","link":"https:\/\/www.europesays.com\/pt\/123420\/","title":{"rendered":"Morreu Patr\u00edcia Saramago: &#8220;Desaparecimento inesperado&#8221;"},"content":{"rendered":"<p>O cinema portugu\u00eas est\u00e1 de luto, com a morte de Patr\u00edcia Saramago.<\/p>\n<p>&#8220;\u00c9 com enorme tristeza que comunicamos o falecimento de Patr\u00edcia Saramago. O seu desaparecimento, inesperado e prematuro, assinala uma perda profunda para o cinema portugu\u00eas&#8221;, informou a Academia Portuguesa de Cinema, esta quarta-feira, dia 22, no Facebook.<\/p>\n<p>&#8220;Formada na Escola Superior de Teatro e Cinema entre 1993 e 1996, Patr\u00edcia Saramago dedicou\u2011se \u00e0 montagem cinematogr\u00e1fica e colaborou em in\u00fameras produ\u00e7\u00f5es de relevo, nacionais e internacionais&#8221;, referiu a associa\u00e7\u00e3o, dando conta do curr\u00edculo de Patr\u00edcia Saramago: &#8220;Entre os muitos projetos que marcaram a sua carreira, destacam\u2011se &#8216;No Quarto de Vanda&#8217; (2000) e &#8216;Ne Change Rien&#8217; (2009), de Pedro Costa; &#8216;Fr\u00e1gil Como o Mundo&#8217; (2001) e &#8216;A Portuguesa&#8217; (2018), de Rita Azevedo Gomes; &#8216;Com Que Voz&#8217; (2009), de Nicholas Oulman; &#8216;Estive em Lisboa e Lembrei\u2011me de Voc\u00ea&#8217; (2015), de Jos\u00e9 Barahona; &#8216;Vadio &#8211; I Am Not a Poet&#8217;, de Stefan Lechner; &#8216;Kutchinga&#8217; (2021), de Sol de Carvalho; e, ainda este ano, na curta &#8216;Les Habitants&#8217; (2025), de Maureen Fazendeiro.&#8221;<\/p>\n<p>&#8220;Com obras t\u00e3o variadas e com uma presen\u00e7a discreta, mas vital, por detr\u00e1s das c\u00e2maras, Patr\u00edcia Saramago ajudou a dar forma, ritmo e voz a hist\u00f3rias que nos tocam. O seu percurso dedicado \u00e0 arte da montagem deixa mem\u00f3ria e inspira\u00e7\u00e3o&#8221;, defendeu ainda a\u00a0Academia Portuguesa de Cinema, que terminou a mensagem a dizer que &#8220;lamenta profundamente a sua partida e endere\u00e7a \u00e0 fam\u00edlia, amigos e aos seus colegas as mais sentidas condol\u00eancias&#8221;. &#8220;O legado da sua entrega e da sua vis\u00e3o art\u00edstica permanece connosco&#8221;, afian\u00e7ou.<\/p>\n","protected":false},"excerpt":{"rendered":"O cinema portugu\u00eas est\u00e1 de luto, com a morte de Patr\u00edcia Saramago. &#8220;\u00c9 com enorme tristeza que comunicamos&hellip;\n","protected":false},"author":2,"featured_media":123421,"comment_status":"","ping_status":"","sticky":false,"template":"","format":"standard","meta":{"footnotes":""},"categories":[145],"tags":[28503,211,210,114,115,1169,980,7804,1437,16628,28502,32,33,1012],"class_list":{"0":"post-123420","1":"post","2":"type-post","3":"status-publish","4":"format-standard","5":"has-post-thumbnail","7":"category-celebridades","8":"tag-academia-portuguesa-de-cinema","9":"tag-celebridades","10":"tag-celebrities","11":"tag-entertainment","12":"tag-entretenimento","13":"tag-facebook","14":"tag-famosos","15":"tag-morreu","16":"tag-morte","17":"tag-mortes-2025","18":"tag-patricia-saramago","19":"tag-portugal","20":"tag-pt","21":"tag-selfie"},"share_on_mastodon":{"url":"https:\/\/pubeurope.com\/@pt\/115424668095292221","error":""},"_links":{"self":[{"href":"https:\/\/www.europesays.com\/pt\/wp-json\/wp\/v2\/posts\/123420","targetHints":{"allow":["GET"]}}],"collection":[{"href":"https:\/\/www.europesays.com\/pt\/wp-json\/wp\/v2\/posts"}],"about":[{"href":"https:\/\/www.europesays.com\/pt\/wp-json\/wp\/v2\/types\/post"}],"author":[{"embeddable":true,"href":"https:\/\/www.europesays.com\/pt\/wp-json\/wp\/v2\/users\/2"}],"replies":[{"embeddable":true,"href":"https:\/\/www.europesays.com\/pt\/wp-json\/wp\/v2\/comments?post=123420"}],"version-history":[{"count":0,"href":"https:\/\/www.europesays.com\/pt\/wp-json\/wp\/v2\/posts\/123420\/revisions"}],"wp:featuredmedia":[{"embeddable":true,"href":"https:\/\/www.europesays.com\/pt\/wp-json\/wp\/v2\/media\/123421"}],"wp:attachment":[{"href":"https:\/\/www.europesays.com\/pt\/wp-json\/wp\/v2\/media?parent=123420"}],"wp:term":[{"taxonomy":"category","embeddable":true,"href":"https:\/\/www.europesays.com\/pt\/wp-json\/wp\/v2\/categories?post=123420"},{"taxonomy":"post_tag","embeddable":true,"href":"https:\/\/www.europesays.com\/pt\/wp-json\/wp\/v2\/tags?post=123420"}],"curies":[{"name":"wp","href":"https:\/\/api.w.org\/{rel}","templated":true}]}}