{"id":123424,"date":"2025-10-23T17:32:09","date_gmt":"2025-10-23T17:32:09","guid":{"rendered":"https:\/\/www.europesays.com\/pt\/123424\/"},"modified":"2025-10-23T17:32:09","modified_gmt":"2025-10-23T17:32:09","slug":"ana-maria-braga-recebe-princesa-que-usou-joia-roubada-no-louvre","status":"publish","type":"post","link":"https:\/\/www.europesays.com\/pt\/123424\/","title":{"rendered":"Ana Maria Braga recebe princesa que usou joia roubada no Louvre"},"content":{"rendered":"<p><img decoding=\"async\" fetchpriority=\"high\" src=\"https:\/\/www.europesays.com\/pt\/wp-content\/uploads\/2025\/10\/5pekcm2dj2ehyh490x9azm3g4.jpg\" width=\"906\" height=\"509\" alt=\"Gloria de Thurn e Taxis disse estar \" triste=\"triste\" com=\"com\" o=\"o\" roubo=\"roubo\" title=\"Gloria de Thurn e Taxis disse estar \"\/>Reprodu\u00e7\u00e3o\/ TV Globo &#8211; 23.10.2025<\/p>\n<p>Gloria de Thurn e Taxis disse estar &#8220;triste&#8221; com o roubo<\/p>\n<p><strong>Ana Maria Braga,<\/strong> de 76 anos, surpreendeu os telespectadores do &#8220;Mais Voc\u00ea&#8221; nesta quinta-feira (23), ao apresentar o relato de uma princesa alem\u00e3 em uma breve participa\u00e7\u00e3o no\u00a0 <a href=\"https:\/\/gente.ig.com.br\/tvenovela\/2025-10-22\/ao-vivo--com-dor-de-barriga--ana-maria-braga-abandona-programa.html.amp\" target=\"_blank\" rel=\"noopener nofollow\" data-mce-href=\"https:\/\/gente.ig.com.br\/tvenovela\/2025-10-22\/ao-vivo--com-dor-de-barriga--ana-maria-braga-abandona-programa.html.amp\" data-mce->programa matinal da Rede Globo.<\/a><\/p>\n<p>A convidada era <strong>Gloria de Thurn e Taxis,<\/strong> integrante da monarquia da Alemanha e a \u00fanica pessoa viva que j\u00e1 utilizou uma das\u00a0 <a href=\"https:\/\/ultimosegundo.ig.com.br\/mundo\/2025-10-22\/museu-do-louvre-reabre-apos-roubo-de-joias-da-coroa-francesa.html\" target=\"_blank\" rel=\"noopener nofollow\" data-mce-href=\"https:\/\/ultimosegundo.ig.com.br\/mundo\/2025-10-22\/museu-do-louvre-reabre-apos-roubo-de-joias-da-coroa-francesa.html\" data-mce->joias roubadas do Museu do Louvre, na Fran\u00e7a.<\/a> O caso, ainda em investiga\u00e7\u00e3o, ganhou repercuss\u00e3o internacional.<\/p>\n<p>Em v\u00eddeo exibido durante o programa, a princesa comentou sua rela\u00e7\u00e3o com a pe\u00e7a hist\u00f3rica. Em 1980, <strong>Gloria<\/strong> usou uma tiara que pertencia \u00e0 imperatriz <strong>Eugenia.<\/strong> Anos depois, em 1990, decidiu vender o adere\u00e7o ao Louvre, logo ap\u00f3s a morte do marido, <strong>Johannes von Thurn und Taxis.<\/strong><\/p>\n<p>&#8220;Quando eu me casei na Bas\u00edlica do Sant&#8217;Emera, no 31 de maio de 1980, eu tinha um vestido que o Valentino desenhou especialmente para mim. Um vestido da Sonia. E o lind\u00edssimo diadema da Imperatriz Eugenie&#8221;, recordou.<\/p>\n<p>&#8220;Quando meu marido faleceu, em 1990, a fam\u00edlia teve uma montanha de taxas heredit\u00e1rias. Eu tive que vender o diadema e o Louvre comprou. Era um momento muito emocionante porque o Louvre, a exposi\u00e7\u00e3o, era um lugar muito bonito, muito prominente&#8221;, acrescentou.<\/p>\n<p><strong>Gloria de Thurn e Taxis<\/strong> tamb\u00e9m disse estar triste pelo\u00a0crime e afirmou n\u00e3o compreender como um roubo p\u00f4de ocorrer em um museu de tamanha relev\u00e2ncia e reconhecimento internacional.<\/p>\n<p>&#8220;Eu fico muito triste e n\u00e3o entendo mais porque a Fran\u00e7a n\u00e3o consegue proteger o seu museu mais lindo, talvez o museu mais lindo do mundo&#8221;, desabafou a princesa alem\u00e3 no\u00a0 <a href=\"https:\/\/gente.ig.com.br\/tvenovela\/2025-10-23\/ana-maria-braga-fala-da-dor-de-barriga-que-a-tirou-do-mais-voce.html\" target=\"_blank\" rel=\"noopener nofollow\" data-mce-href=\"https:\/\/gente.ig.com.br\/tvenovela\/2025-10-23\/ana-maria-braga-fala-da-dor-de-barriga-que-a-tirou-do-mais-voce.html\" data-mce->&#8220;Mais Voc\u00ea&#8221;,<\/a> em um v\u00eddeo obtido pelo jornalista <strong>Bruno Astuto.<\/strong><\/p>\n<p><strong>Entenda<\/strong><\/p>\n<p>No domingo (19), o Museu do Louvre foi invadido por volta de 9h30, no hor\u00e1rio franc\u00eas. As investiga\u00e7\u00f5es iniciais das autoridades francesas apontam que pelo menos quatro indiv\u00edduos fizeram parte do esquema do roubo.\u00a0Oito pe\u00e7as, avaliadas em mais de R$ 550 milh\u00f5es, foram\u00a0levadas.<\/p>\n","protected":false},"excerpt":{"rendered":"Reprodu\u00e7\u00e3o\/ TV Globo &#8211; 23.10.2025 Gloria de Thurn e Taxis disse estar &#8220;triste&#8221; com o roubo Ana Maria&hellip;\n","protected":false},"author":2,"featured_media":123425,"comment_status":"","ping_status":"","sticky":false,"template":"","format":"standard","meta":{"footnotes":""},"categories":[142],"tags":[752,114,115,28504,28505,27439,32,33,151],"class_list":{"0":"post-123424","1":"post","2":"type-post","3":"status-publish","4":"format-standard","5":"has-post-thumbnail","7":"category-tv","8":"tag-ana-maria-braga","9":"tag-entertainment","10":"tag-entretenimento","11":"tag-escandalo-internacional","12":"tag-joia","13":"tag-louvre","14":"tag-portugal","15":"tag-pt","16":"tag-tv"},"share_on_mastodon":{"url":"https:\/\/pubeurope.com\/@pt\/115424680067600692","error":""},"_links":{"self":[{"href":"https:\/\/www.europesays.com\/pt\/wp-json\/wp\/v2\/posts\/123424","targetHints":{"allow":["GET"]}}],"collection":[{"href":"https:\/\/www.europesays.com\/pt\/wp-json\/wp\/v2\/posts"}],"about":[{"href":"https:\/\/www.europesays.com\/pt\/wp-json\/wp\/v2\/types\/post"}],"author":[{"embeddable":true,"href":"https:\/\/www.europesays.com\/pt\/wp-json\/wp\/v2\/users\/2"}],"replies":[{"embeddable":true,"href":"https:\/\/www.europesays.com\/pt\/wp-json\/wp\/v2\/comments?post=123424"}],"version-history":[{"count":0,"href":"https:\/\/www.europesays.com\/pt\/wp-json\/wp\/v2\/posts\/123424\/revisions"}],"wp:featuredmedia":[{"embeddable":true,"href":"https:\/\/www.europesays.com\/pt\/wp-json\/wp\/v2\/media\/123425"}],"wp:attachment":[{"href":"https:\/\/www.europesays.com\/pt\/wp-json\/wp\/v2\/media?parent=123424"}],"wp:term":[{"taxonomy":"category","embeddable":true,"href":"https:\/\/www.europesays.com\/pt\/wp-json\/wp\/v2\/categories?post=123424"},{"taxonomy":"post_tag","embeddable":true,"href":"https:\/\/www.europesays.com\/pt\/wp-json\/wp\/v2\/tags?post=123424"}],"curies":[{"name":"wp","href":"https:\/\/api.w.org\/{rel}","templated":true}]}}