{"id":123426,"date":"2025-10-23T17:34:16","date_gmt":"2025-10-23T17:34:16","guid":{"rendered":"https:\/\/www.europesays.com\/pt\/123426\/"},"modified":"2025-10-23T17:34:16","modified_gmt":"2025-10-23T17:34:16","slug":"frankenstein-e-cinebiografia-de-mauricio-de-sousa-sao-as-grandes-estreias-da-semana-no-cinema","status":"publish","type":"post","link":"https:\/\/www.europesays.com\/pt\/123426\/","title":{"rendered":"\u201cFrankenstein\u201d e cinebiografia de Mauricio de Sousa s\u00e3o as grandes estreias da semana no cinema"},"content":{"rendered":"\n<p>O monstro \u201cFrankenstein\u201d est\u00e1 de volta \u00e0s telonas! Uma nova adapta\u00e7\u00e3o do romance de Mary Shelley ganhou forma e retornou aos cinemas dirigido pelo famoso cineasta Guillermo del Toro. Nesta semana, a programa\u00e7\u00e3o tamb\u00e9m conta com a cinebiografia do criador da Turma da M\u00f4nica, Maur\u00edcio de Sousa; com o romance \u201cSe N\u00e3o Fosse Voc\u00ea\u201d, um filme de terror nacional, e muito mais.\u00a0<\/p>\n<p>Em \u201c<strong>Frankenstein<\/strong>&#8220;, o longa acompanha o egoc\u00eantrico cientista Victor Frankenstein que resolve se aventurar em experimentos audaciosos e criar do zero uma criatura com vida. O que essas tentativas e estudos desencadeiam \u00e9 uma trag\u00e9dia tanto para o criador quanto para sua cria\u00e7\u00e3o monstruosa.<\/p>\n<p>Brincar de Deus levou Frankenstein a concretizar suas maiores ambi\u00e7\u00f5es cient\u00edficas, mas colocou-o na mira da raiva de sua pr\u00f3pria criatura, que, agora, busca vingan\u00e7a ap\u00f3s se ver descartada pelo professor. <strong>Veja o trailer:\u00a0<\/strong><\/p>\n<p>Em cartaz no: Kinoplex (Macei\u00f3 Shopping) e Arte Paju\u00e7ara.\u00a0<\/p>\n<p>Outro destaque \u00e9 \u201c<strong>Mauricio De Sousa: O Filme<\/strong>\u201d, que reconta a vida do quadrinista mais importante do Brasil, desde sua inf\u00e2ncia, a rela\u00e7\u00e3o com os pais e os primeiros passos e momentos marcantes que tornaram realidade o seu sonho de se tornar desenhista.\u00a0<\/p>\n<p>Criador de Turma da M\u00f4nica e outros personagens famosos da cultura brasileira, a trama traz um olhar pessoal e sens\u00edvel para a vida de um artista e das refer\u00eancias que o formaram, como sua av\u00f3 Dita e fam\u00edlia, figuras essenciais para a cria\u00e7\u00e3o da Turma da M\u00f4nica. <strong>Assista ao trailer:\u00a0<\/strong><\/p>\n<p>Dispon\u00edvel em: Arapiraca Partage Shopping, Centerplex (Shopping P\u00e1tio Macei\u00f3), Cinesystem (Parque Shopping) e Kinoplex (Macei\u00f3 Shopping).<\/p>\n<p>O romance dram\u00e1tico \u201c<strong>Se N\u00e3o Fosse Voc\u00ea<\/strong>\u201d tamb\u00e9m \u00e9 bastante aguardado entre os amantes do g\u00eanero. No filme, ap\u00f3s ser m\u00e3e na adolesc\u00eancia, Morgan n\u00e3o quer que a filha Clara tenha o mesmo destino. Com personalidades muito diferentes, as coisas pioram ap\u00f3s um acontecimento tr\u00e1gico que retira da vida delas o \u00fanico capaz de trazer paz para a fam\u00edlia. <strong>Acompanhe:\u00a0<\/strong><\/p>\n<p>Em cartaz no: Arapiraca Partage Shopping, Centerplex (Shopping P\u00e1tio Macei\u00f3), Cinesystem (Parque Shopping), Grupo Cine (Shopping da Vila &#8211; Delmiro Gouveia), Kinoplex (Macei\u00f3 Shopping).<\/p>\n<p>Um destaque entre as estreias dos filmes nacionais \u00e9 &#8220;#<strong>SalveRosa<\/strong>&#8220;, com um tema bastante atual. No longa, Rosa, 13 anos, \u00e9 uma celebridade da internet no auge da carreira. A ang\u00fastia se instala quando ela descobre que \u00e9 manipulada e vive uma vida de mentiras. O contraste entre a imagem perfeita nas redes sociais e a realidade opressiva cria um drama visceral. <strong>Confira o trailer:\u00a0<\/strong><\/p>\n<p>Dispon\u00edvel em: Arapiraca Partage Shopping, Centerplex (Shopping P\u00e1tio Macei\u00f3), Cinesystem (Parque Shopping) e Kinoplex (Macei\u00f3 Shopping).<\/p>\n<p>Para os f\u00e3s do g\u00eanero terror, \u201c<strong>Recife Assombrado 2 &#8211; A Maldi\u00e7\u00e3o De Branca Dia<\/strong>s\u201d estreia nos cinemas. Na trama, um grupo de jovens pesquisadores especializados em paranormalidade \u00e9 contratado por um enigm\u00e1tico empres\u00e1rio para desvendar a lenda de uma joia capaz de ressuscitar os mortos.\u00a0<\/p>\n<p>Ao mergulharem na rica hist\u00f3ria da cidade em busca de pistas sobre o misterioso artefato, eles se veem enredados em uma teia de assustadores segredos ocultos na capital pernambucana, colocando suas vidas em xeque enquanto tentam desvendar o mist\u00e9rio que os cerca. <strong>Veja:<\/strong><\/p>\n<p>Em cartaz no: Arapiraca Partage Shopping e Cinesystem (Parque Shopping).\u00a0<\/p>\n<p>A semana tamb\u00e9m conta com op\u00e7\u00f5es para a crian\u00e7ada com \u201c<strong>Frankie E Os Monstros<\/strong>\u201d, que trata sobre um jovem monstro chamado Stitch Head \u00e9 convocado para um teatro de Show de Horrores e parece finalmente ter encontrado o que sempre sonhou: amor e fama. <strong>Confira:<\/strong><\/p>\n<p>Dispon\u00edvel: Arapiraca Partage Shopping, Centerplex (Shopping P\u00e1tio Macei\u00f3), Cinesystem (Parque Shopping), Kinoplex (Macei\u00f3 Shopping).<\/p>\n<p>O ator Michael Keaton, vencedor do Oscar em 2015, volta \u00e0s telonas nesta semana com a com\u00e9dia dram\u00e1tica \u201c<strong>Pai do Ano<\/strong>\u201d. O longa trata sobre como a vida de Andy Goodrich vira de cabe\u00e7a para baixo quando sua esposa se interna numa cl\u00ednica de reabilita\u00e7\u00e3o por 90 dias, deixando-o sozinho com a responsabilidade de cuidar dos g\u00eameos de nove anos do casal. <strong>Assista:\u00a0<\/strong><\/p>\n<p>Em cartaz no: Cinesystem (Parque Shopping).<\/p>\n<p>\u201c<strong>A Meia-Irm\u00e3 Feia<\/strong>\u201d, uma mistura entre terror e com\u00e9dia, tamb\u00e9m chega nas telonas. No filme, Elvira vive em um reino onde nada \u00e9 t\u00e3o importante quanto a beleza. Meia-irm\u00e3 da jovem Cinderela, o longa acompanhar\u00e1 ela dando todo o seu sangue, suor e l\u00e1grimas para ser escolhida como a mais bela do local e tentar ganhar a premia\u00e7\u00e3o de rainha do baile.<\/p>\n<p>Dispon\u00edvel em: Arapiraca Partage Shopping, Cinesystem (Parque Shopping) e Kinoplex (Macei\u00f3 Shopping).<\/p>\n<p>A anima\u00e7\u00e3o \u201c<strong>Chainsaw Man: O Filme &#8211; Arco Da Reze<\/strong>\u201d tamb\u00e9m chega aos cinemas. O conta trata sobre Denji vive como o temido Homem-Motosserra, um jovem com cora\u00e7\u00e3o de dem\u00f4nio que integra a Divis\u00e3o Especial 4 de Ca\u00e7adores de Dem\u00f4nios. Ap\u00f3s um encontro marcante com Makima, a mulher de seus sonhos, ele busca ref\u00fagio da chuva e acaba conhecendo Reze, a misteriosa atendente de um caf\u00e9.<\/p>\n<p>Dispon\u00edvel em: Arapiraca Partage Shopping, Centerplex (Shopping P\u00e1tio Macei\u00f3), Cinesystem (Parque Shopping), Grupo Cine (Shopping da Vila &#8211; Delmiro Gouveia), Kinoplex (Macei\u00f3 Shopping).<\/p>\n<p style=\"text-align: center;\"><strong>Relan\u00e7amento<\/strong><\/p>\n<p>Aproveitando a sequ\u00eancia de relan\u00e7amentos, \u201c<strong>ParaNorman<\/strong>\u201d volta aos cinemas 13 anos depois da primeira estreia. Na anima\u00e7\u00e3o, um garoto incompreendido que pode falar com os mortos junta-se com fantasmas e zumbis para salvar sua cidade de uma maldi\u00e7\u00e3o de s\u00e9culos.<\/p>\n<p>Em cartaz no: Kinoplex (Macei\u00f3 Shopping).\u00a0<\/p>\n<p style=\"text-align: center;\"><strong>CONFIRA A PROGRAMA\u00c7\u00c3O COMPLETA<\/strong><\/p>\n<p>Para conferir a programa\u00e7\u00e3o completa de todos os filmes em cartaz no Arapiraca Partage Shopping, Centerplex (Shopping P\u00e1tio Macei\u00f3), Cinesystem (Parque Shopping) e Kinoplex (Macei\u00f3 Shopping): basta\u00a0<a href=\"https:\/\/www.ingresso.com\/filmes?city=maceio\" rel=\"noopener nofollow\" target=\"_blank\">clicar aqui<\/a>. J\u00e1 para o Shopping da Vila, em Delmiro Gouveia, pode ser conferida\u00a0<a href=\"https:\/\/shoppingdavila.com.br\/cinema\/\" rel=\"noopener nofollow\" target=\"_blank\">aqui.<\/a><\/p>\n<p><strong>Confira a programa\u00e7\u00e3o do Arte Paju\u00e7ara:<\/strong><\/p>\n<p><strong>Sala 1:<\/strong><\/p>\n<p><strong><img decoding=\"async\" alt=\"\" height=\"804\" loading=\"lazy\" src=\"https:\/\/www.europesays.com\/pt\/wp-content\/uploads\/2025\/10\/arte-paju-23-outubro-sala-1.jpg\" width=\"644\"\/><\/strong><\/p>\n<p><strong>Sala 2:<\/strong><\/p>\n<p><img decoding=\"async\" alt=\"\" height=\"804\" loading=\"lazy\" src=\"https:\/\/www.europesays.com\/pt\/wp-content\/uploads\/2025\/10\/arte-paju-23-outubro-sala-2.jpg\" width=\"644\"\/><\/p>\n<p>*Estagi\u00e1rio sob supervis\u00e3o<\/p>\n","protected":false},"excerpt":{"rendered":"O monstro \u201cFrankenstein\u201d est\u00e1 de volta \u00e0s telonas! Uma nova adapta\u00e7\u00e3o do romance de Mary Shelley ganhou forma&hellip;\n","protected":false},"author":2,"featured_media":123427,"comment_status":"","ping_status":"","sticky":false,"template":"","format":"standard","meta":{"footnotes":""},"categories":[140],"tags":[4808,9813,114,115,28506,147,148,20865,24874,146,32,703,33,28507,24875],"class_list":{"0":"post-123426","1":"post","2":"type-post","3":"status-publish","4":"format-standard","5":"has-post-thumbnail","7":"category-filmes","8":"tag-cinebiografia","9":"tag-cinemas","10":"tag-entertainment","11":"tag-entretenimento","12":"tag-estreiam","13":"tag-film","14":"tag-filmes","15":"tag-frankenstein","16":"tag-mauricio-de-sousa","17":"tag-movies","18":"tag-portugal","19":"tag-programacao","20":"tag-pt","21":"tag-se-nao-fosse-voce","22":"tag-turma-da-monica"},"share_on_mastodon":{"url":"https:\/\/pubeurope.com\/@pt\/115424688162346140","error":""},"_links":{"self":[{"href":"https:\/\/www.europesays.com\/pt\/wp-json\/wp\/v2\/posts\/123426","targetHints":{"allow":["GET"]}}],"collection":[{"href":"https:\/\/www.europesays.com\/pt\/wp-json\/wp\/v2\/posts"}],"about":[{"href":"https:\/\/www.europesays.com\/pt\/wp-json\/wp\/v2\/types\/post"}],"author":[{"embeddable":true,"href":"https:\/\/www.europesays.com\/pt\/wp-json\/wp\/v2\/users\/2"}],"replies":[{"embeddable":true,"href":"https:\/\/www.europesays.com\/pt\/wp-json\/wp\/v2\/comments?post=123426"}],"version-history":[{"count":0,"href":"https:\/\/www.europesays.com\/pt\/wp-json\/wp\/v2\/posts\/123426\/revisions"}],"wp:featuredmedia":[{"embeddable":true,"href":"https:\/\/www.europesays.com\/pt\/wp-json\/wp\/v2\/media\/123427"}],"wp:attachment":[{"href":"https:\/\/www.europesays.com\/pt\/wp-json\/wp\/v2\/media?parent=123426"}],"wp:term":[{"taxonomy":"category","embeddable":true,"href":"https:\/\/www.europesays.com\/pt\/wp-json\/wp\/v2\/categories?post=123426"},{"taxonomy":"post_tag","embeddable":true,"href":"https:\/\/www.europesays.com\/pt\/wp-json\/wp\/v2\/tags?post=123426"}],"curies":[{"name":"wp","href":"https:\/\/api.w.org\/{rel}","templated":true}]}}