{"id":123433,"date":"2025-10-23T17:39:13","date_gmt":"2025-10-23T17:39:13","guid":{"rendered":"https:\/\/www.europesays.com\/pt\/123433\/"},"modified":"2025-10-23T17:39:13","modified_gmt":"2025-10-23T17:39:13","slug":"leitao-amaro-promove-portugal-em-espanha-como-oasis-de-estabilidade","status":"publish","type":"post","link":"https:\/\/www.europesays.com\/pt\/123433\/","title":{"rendered":"Leit\u00e3o Amaro promove Portugal em Espanha como &#8220;o\u00e1sis de estabilidade&#8221;"},"content":{"rendered":"<p>        Ant\u00f3nio Leit\u00e3o Amaro, ministro da Presid\u00eancia, esteve numa confer\u00eancia promovida pelo \u201cEl Pa\u00eds\u201d e promoveu Portugal como \u201c\u00edman de talento\u201d, destacando o fluxo de trabalhadores altamente qualificados nas \u00e1reas das TI com um custo relativamente baixo.    <\/p>\n<p>Um \u201co\u00e1sis de estabilidade entre as economias desenvolvidas\u201d: foi assim que Ant\u00f3nio Leit\u00e3o Amaro, ministro da Presid\u00eancia, descreveu Portugal, focando a estrat\u00e9gia nacional na reindustrializa\u00e7\u00e3o baseada na energia, no fecho do evento \u201cStep Up Now\u201d organizado pela McKinsey e Company, organizado em conjunto com o \u201cEl Pa\u00eds\u201d.<\/p>\n<p>Pode ler-se no \u201cEl Pa\u00eds\u201d esta quinta-feira que esta estrat\u00e9gia tem como principal objetivo impulsionar o crescimento em Intelig\u00eancia Artificial e servi\u00e7os digitais, incluindo data centers.<\/p>\n<p class=\"\">De acordo com a mensagem deixada pelo governante neste evento, o plano portugu\u00eas baseia-se em v\u00e1rias vantagens competitivas consideradas cruciais, sendo que a primeira passa pelos recursos energ\u00e9ticos e minerais, \u00e1rea em que Portugal conta com um abastecimento \u201cabundante e est\u00e1vel\u201d de \u201cenergia renov\u00e1vel barata, apoiada por uma boa capacidade hidroel\u00e9trica que fornece estabilidade ao sistema el\u00e9trico e atuando como baterias naturais\u201d. Al\u00e9m disso, Leit\u00e3o Amaro destacou que Portugal alberga 30% de reservas europeias de l\u00edtio, elemento vital para a transi\u00e7\u00e3o.<\/p>\n<p>Por outro lado, o ministro da Presid\u00eancia destacou o fluxo de trabalhadores altamente qualificados, como engenheiros e quadros ligados \u00e0s tecnologias de informa\u00e7\u00e3o, dispon\u00edvel a um custo relativamente baixo, algo que converte Portugal num \u201c\u00edman de talento\u201d.<\/p>\n<p class=\"\">Outro ativo fundamental, de acordo com Leit\u00e3o Amaro, est\u00e1 relacionado com a estabilidade. Portugal foi apresentado em Espanha como um \u201co\u00e1sis de estabilidade nas economias avan\u00e7adas\u201d. O \u201cEl Pa\u00eds\u201d d\u00e1 nota do \u00eanfase dado pelo governante ao facto de Portugal ter reduzido a d\u00edvida p\u00fablica em 40% do PIB em menos de cinco anos.<\/p>\n","protected":false},"excerpt":{"rendered":"Ant\u00f3nio Leit\u00e3o Amaro, ministro da Presid\u00eancia, esteve numa confer\u00eancia promovida pelo \u201cEl Pa\u00eds\u201d e promoveu Portugal como \u201c\u00edman&hellip;\n","protected":false},"author":2,"featured_media":123434,"comment_status":"","ping_status":"","sticky":false,"template":"","format":"standard","meta":{"footnotes":""},"categories":[83],"tags":[14705,88,89,90,32,33],"class_list":{"0":"post-123433","1":"post","2":"type-post","3":"status-publish","4":"format-standard","5":"has-post-thumbnail","7":"category-empresas","8":"tag-antonio-leitao-amaro","9":"tag-business","10":"tag-economy","11":"tag-empresas","12":"tag-portugal","13":"tag-pt"},"share_on_mastodon":{"url":"https:\/\/pubeurope.com\/@pt\/115424707547489714","error":""},"_links":{"self":[{"href":"https:\/\/www.europesays.com\/pt\/wp-json\/wp\/v2\/posts\/123433","targetHints":{"allow":["GET"]}}],"collection":[{"href":"https:\/\/www.europesays.com\/pt\/wp-json\/wp\/v2\/posts"}],"about":[{"href":"https:\/\/www.europesays.com\/pt\/wp-json\/wp\/v2\/types\/post"}],"author":[{"embeddable":true,"href":"https:\/\/www.europesays.com\/pt\/wp-json\/wp\/v2\/users\/2"}],"replies":[{"embeddable":true,"href":"https:\/\/www.europesays.com\/pt\/wp-json\/wp\/v2\/comments?post=123433"}],"version-history":[{"count":0,"href":"https:\/\/www.europesays.com\/pt\/wp-json\/wp\/v2\/posts\/123433\/revisions"}],"wp:featuredmedia":[{"embeddable":true,"href":"https:\/\/www.europesays.com\/pt\/wp-json\/wp\/v2\/media\/123434"}],"wp:attachment":[{"href":"https:\/\/www.europesays.com\/pt\/wp-json\/wp\/v2\/media?parent=123433"}],"wp:term":[{"taxonomy":"category","embeddable":true,"href":"https:\/\/www.europesays.com\/pt\/wp-json\/wp\/v2\/categories?post=123433"},{"taxonomy":"post_tag","embeddable":true,"href":"https:\/\/www.europesays.com\/pt\/wp-json\/wp\/v2\/tags?post=123433"}],"curies":[{"name":"wp","href":"https:\/\/api.w.org\/{rel}","templated":true}]}}