{"id":123439,"date":"2025-10-23T17:45:11","date_gmt":"2025-10-23T17:45:11","guid":{"rendered":"https:\/\/www.europesays.com\/pt\/123439\/"},"modified":"2025-10-23T17:45:11","modified_gmt":"2025-10-23T17:45:11","slug":"estacao-da-cptm-recebe-bancada-literaria-e-oficina-de-abc-do-abc","status":"publish","type":"post","link":"https:\/\/www.europesays.com\/pt\/123439\/","title":{"rendered":"Esta\u00e7\u00e3o\u00a0da CPTM recebe Bancada Liter\u00e1ria e oficina de &#8230; ABC do ABC"},"content":{"rendered":"<p>Nesta sexta-feira (24), os passageiros da <strong>Esta\u00e7\u00e3o Aracar\u00e9<\/strong> da <strong><a href=\"https:\/\/www.cptm.sp.gov.br\/cptm\" data-type=\"link\" data-id=\"https:\/\/www.cptm.sp.gov.br\/cptm\" target=\"_blank\" rel=\"noopener nofollow\">CPTM<\/a> (Itaquaquecetuba)<\/strong> ter\u00e3o acesso facilitado \u00e0 cultura e \u00e0 arte. Em parceria com a Secretaria Municipal da Cultura da <strong>Prefeitura de Itaquaquecetuba<\/strong>, a esta\u00e7\u00e3o recebe uma edi\u00e7\u00e3o especial da a\u00e7\u00e3o <strong>\u201cBancada Liter\u00e1ria\u201d<\/strong>.<\/p>\n<p>A iniciativa, que acontece das <strong>10h \u00e0s 12h<\/strong>, busca incentivar a <strong>leitura<\/strong> e democratizar o acesso ao livro para a popula\u00e7\u00e3o que circula pela<a href=\"https:\/\/abcdoabc.com.br\/cptm-alerta-para-a-pre-diabetes\/\" data-type=\"link\" data-id=\"https:\/\/abcdoabc.com.br\/cptm-alerta-para-a-pre-diabetes\/\" rel=\"nofollow noopener\" target=\"_blank\"> esta\u00e7\u00e3o.<\/a><\/p>\n<p>Livros gratuitos e Oficina de Origami na esta\u00e7\u00e3o da CPTM:<\/p>\n<p>A a\u00e7\u00e3o cultural n\u00e3o se limita \u00e0 distribui\u00e7\u00e3o de livros; ela tamb\u00e9m promover\u00e1 o est\u00edmulo \u00e0 criatividade e \u00e0 concentra\u00e7\u00e3o:<\/p>\n<ul class=\"wp-block-list\">\n<li><strong>Distribui\u00e7\u00e3o de Livros:<\/strong> Ser\u00e3o distribu\u00eddos <strong>100 livros<\/strong> de literatura com temas e t\u00edtulos diversos para os passageiros.<\/li>\n<\/ul>\n<p><img fetchpriority=\"high\" decoding=\"async\" width=\"800\" height=\"450\" src=\"https:\/\/www.europesays.com\/pt\/wp-content\/uploads\/2025\/10\/doacao-de-livros.jpg\" alt=\"Esta\u00e7\u00e3o - CPTM - Livros \" class=\"wp-image-1074406\"  \/>CPTM\/Divulga\u00e7\u00e3o<\/p>\n<ul class=\"wp-block-list\">\n<li><strong>Oficina de Origami:<\/strong> O evento contar\u00e1 com uma oficina de origami, mediada pela professora e artista Solange Rodrigues Borges.<\/li>\n<\/ul>\n<p><img loading=\"lazy\" decoding=\"async\" width=\"860\" height=\"570\" src=\"https:\/\/www.europesays.com\/pt\/wp-content\/uploads\/2025\/10\/Oficina-Arte-com-Origami_Foto_Divulgacao-2-860x570.jpeg\" alt=\"Casa do Olhar: Oficina \u201cArte com Origami\u201d\" class=\"wp-image-1017207\"\/>Divulga\u00e7\u00e3o<\/p>\n<p>O <strong>origami<\/strong>, arte japonesa de dobrar papel (sem cortes ou colas), \u00e9 uma pr\u00e1tica conhecida por estimular a <strong>concentra\u00e7\u00e3o, paci\u00eancia e criatividade<\/strong>, sendo frequentemente usado como recurso pedag\u00f3gico e terap\u00eautico.<\/p>\n<p> <\/p>\n<ul class=\"m-0 p-0\">\n<li class=\"mr-4 is-size-7\">Data: 23\/10\/2025 02:10<\/li>\n<li class=\"mr-4 is-size-7\">\n\t\t\t\t\t\t\t\t\t\tAlterado:23\/10\/2025 14:10\n\t\t\t\t\t\t\t\t\t<\/li>\n<li class=\"mr-4 is-size-7\"> Autor: Reda\u00e7\u00e3o  <\/li>\n<li class=\"mr-4 is-size-7\">Fonte: CPTM<\/li>\n<\/ul>\n<p>\t\t\t\t\t\t\t<img width=\"32\" height=\"32\" src=\"https:\/\/abcdoabc.com.br\/wp-content\/themes\/abcdoabc\/imgs\/sair-e-curtir\/good-feedback.png\" loading=\"lazy\" data-count-lazy=\"9\" fetchpriority=\"high\" decoding=\"async\" alt=\"RECOMENDADOS\"\/><\/p>\n","protected":false},"excerpt":{"rendered":"Nesta sexta-feira (24), os passageiros da Esta\u00e7\u00e3o Aracar\u00e9 da CPTM (Itaquaquecetuba) ter\u00e3o acesso facilitado \u00e0 cultura e \u00e0&hellip;\n","protected":false},"author":2,"featured_media":123440,"comment_status":"","ping_status":"","sticky":false,"template":"","format":"standard","meta":{"footnotes":""},"categories":[143],"tags":[169,114,115,170,32,33],"class_list":{"0":"post-123439","1":"post","2":"type-post","3":"status-publish","4":"format-standard","5":"has-post-thumbnail","7":"category-livros","8":"tag-books","9":"tag-entertainment","10":"tag-entretenimento","11":"tag-livros","12":"tag-portugal","13":"tag-pt"},"share_on_mastodon":{"url":"https:\/\/pubeurope.com\/@pt\/115424731311133356","error":""},"_links":{"self":[{"href":"https:\/\/www.europesays.com\/pt\/wp-json\/wp\/v2\/posts\/123439","targetHints":{"allow":["GET"]}}],"collection":[{"href":"https:\/\/www.europesays.com\/pt\/wp-json\/wp\/v2\/posts"}],"about":[{"href":"https:\/\/www.europesays.com\/pt\/wp-json\/wp\/v2\/types\/post"}],"author":[{"embeddable":true,"href":"https:\/\/www.europesays.com\/pt\/wp-json\/wp\/v2\/users\/2"}],"replies":[{"embeddable":true,"href":"https:\/\/www.europesays.com\/pt\/wp-json\/wp\/v2\/comments?post=123439"}],"version-history":[{"count":0,"href":"https:\/\/www.europesays.com\/pt\/wp-json\/wp\/v2\/posts\/123439\/revisions"}],"wp:featuredmedia":[{"embeddable":true,"href":"https:\/\/www.europesays.com\/pt\/wp-json\/wp\/v2\/media\/123440"}],"wp:attachment":[{"href":"https:\/\/www.europesays.com\/pt\/wp-json\/wp\/v2\/media?parent=123439"}],"wp:term":[{"taxonomy":"category","embeddable":true,"href":"https:\/\/www.europesays.com\/pt\/wp-json\/wp\/v2\/categories?post=123439"},{"taxonomy":"post_tag","embeddable":true,"href":"https:\/\/www.europesays.com\/pt\/wp-json\/wp\/v2\/tags?post=123439"}],"curies":[{"name":"wp","href":"https:\/\/api.w.org\/{rel}","templated":true}]}}