{"id":123455,"date":"2025-10-23T18:01:22","date_gmt":"2025-10-23T18:01:22","guid":{"rendered":"https:\/\/www.europesays.com\/pt\/123455\/"},"modified":"2025-10-23T18:01:22","modified_gmt":"2025-10-23T18:01:22","slug":"o-tumulo-do-rei-tut-esta-em-risco-e-preciso-literalmente-mover-uma-montanha-para-o-salvar","status":"publish","type":"post","link":"https:\/\/www.europesays.com\/pt\/123455\/","title":{"rendered":"O t\u00famulo do Rei Tut est\u00e1 em risco. \u00c9 preciso (literalmente) mover uma montanha para o salvar"},"content":{"rendered":"<p class=\"wp-caption-text top\"><a href=\"http:\/\/news.nationalgeographic.com\/2015\/09\/150928-king-tut-tomb-door-nefertiti-archaeology-egypt\/\" rel=\"nofollow external noopener noreferrer\" data-wpel-link=\"external\" target=\"_blank\" class=\"ext-link\">(dr) National Geographic<\/a><\/p>\n<p><img decoding=\"async\" loading=\"lazy\" class=\"wp-image-84326 size-kopa-image-size-3\" src=\"https:\/\/www.europesays.com\/pt\/wp-content\/uploads\/2025\/10\/7bfed1beee00184df476c1e43f4f9246-783x450.jpg\" alt=\"\" width=\"700\" height=\"402\"  \/><\/p>\n<p class=\"wp-caption-text bot\">Uma vista elevada da sepultura de Tutankhamon<\/p>\n<p><strong>As fissuras na sala onde est\u00e1 o t\u00famulo do famoso fara\u00f3 eg\u00edpcio permitem inunda\u00e7\u00f5es frequentes e h\u00e1 o risco da ru\u00edna de pedras.<\/strong><\/p>\n<p>Os arque\u00f3logos emitiram um alerta urgente de que o emblem\u00e1tico t\u00famulo do Rei Tutankhamon, com 3300 anos de idade, <strong>corre o risco de ruir<\/strong> devido \u00e0 expans\u00e3o de fissuras e aos graves danos causados \u200b\u200bpela humidade.<\/p>\n<p>Um novo <a href=\"https:\/\/www.nature.com\/articles\/s40494-025-01687-x#Sec8\" data-wpel-link=\"external\" target=\"_blank\" rel=\"nofollow external noopener noreferrer\" class=\"ext-link\">estudo<\/a> realizado por investigadores da Universidade do Cairo publicado na Nature revelou uma <strong>grande falha geol\u00f3gica que atravessa o teto<\/strong> da entrada e das c\u00e2maras funer\u00e1rias do t\u00famulo, localizado no Vale dos Reis, no Egito. As fissuras crescentes est\u00e3o a permitir que a \u00e1gua da chuva penetre no local, enfraquecendo a rocha e amea\u00e7ando a estabilidade estrutural do t\u00famulo.<\/p>\n<p>Sayed Hemada, Professor de Preserva\u00e7\u00e3o do Patrim\u00f3nio Arquitet\u00f3nico na Universidade do Cairo e autor principal do estudo, afirmou que o t\u00famulo enfrenta \u201c<strong>riscos urgentes e graves<\/strong>\u201c. A forma\u00e7\u00e3o rochosa conhecida como xisto de Esna, que comp\u00f5e grande parte do t\u00famulo, expande-se e contrai-se com as mudan\u00e7as de humidade, tornando-o altamente suscet\u00edvel a fissuras e eventual colapso.<\/p>\n<p>\u201cOs t\u00famulos reais no Vale dos Reis<strong> exigem uma interven\u00e7\u00e3o urgente<\/strong> e uma monitoriza\u00e7\u00e3o cient\u00edfica precisa para evitar danos irrevers\u00edveis\u201d, disse o professor Hemada ao <a href=\"https:\/\/www.dailymail.co.uk\/sciencetech\/article-15211877\/Tutankhamuns-tomb-risk-COLLAPSING-cracks.html#\" data-wpel-link=\"external\" target=\"_blank\" rel=\"nofollow external noopener noreferrer\" class=\"ext-link\">Daily Mail<\/a>.<\/p>\n<p>O t\u00famulo, descoberto intacto em 1922 pelo arque\u00f3logo brit\u00e2nico Howard Carter, foi em tempos aclamado como <strong>a maior descoberta arqueol\u00f3gica do s\u00e9culo XX<\/strong>. No entanto, o seu cen\u00e1rio geol\u00f3gico representa agora uma s\u00e9ria amea\u00e7a. Escavados no sop\u00e9 das montanhas do vale, os t\u00famulos s\u00e3o propensos a inunda\u00e7\u00f5es durante chuvas fortes, que enviam torrentes de \u00e1gua, detritos e pedras pela \u00e1rea.<\/p>\n<p>Uma dessas cheias repentinas, em Outubro de 1994, inundou muitas das c\u00e2maras funer\u00e1rias reais, incluindo a de Tutankhamon, num evento que marcou um ponto de viragem na preserva\u00e7\u00e3o do t\u00famulo. A \u00e1gua lamacenta n\u00e3o s\u00f3 provocou a abertura de novas fissuras, como tamb\u00e9m aumentou a humidade, desencadeando o <strong>crescimento de fungos<\/strong> que danificaram os vibrantes murais que decoram as paredes.<\/p>\n<p>O relat\u00f3rio alerta que as fissuras colocam agora o teto sob \u201cpress\u00f5es que excedem a capacidade\u201d do fr\u00e1gil xisto de Esna, criando o <strong>risco de \u201crutura de rochas\u201d. <\/strong>Embora Hemada tenha sublinhado que \u00e9 improv\u00e1vel que o t\u00famulo se desmorone em breve, alertou que, sem interven\u00e7\u00e3o, poder\u00e1 n\u00e3o durar \u201cmilhares de anos como foi constru\u00eddo\u201d.<\/p>\n<p>Mohamed Atia Hawash, especialista da Universidade do Cairo, acrescentou que as pr\u00f3prias montanhas circundantes est\u00e3o fraturadas, aumentando o risco de quedas de rochas sobre os t\u00famulos pr\u00f3ximos. \u201cUm desastre <strong>pode acontecer a qualquer momento. <\/strong>Se o Vale dos Reis for preservado, devem ser tomadas medidas antes que seja tarde demais\u201d, alertou.<\/p>\n<p>    <a href=\"https:\/\/zap.aeiou.pt\/subscrever-newsletter\" data-wpel-link=\"internal\" rel=\"nofollow noopener\" target=\"_blank\">&#13;<br \/>\n        <img loading=\"lazy\" decoding=\"async\" class=\"aligncenter size-full wp-image-575475\" src=\"https:\/\/www.europesays.com\/pt\/wp-content\/uploads\/2025\/10\/1759862234_971_2d51fe4a0ba54894421ead1809309ed9-1-450x140.jpg\" alt=\"Subscreva a Newsletter ZAP\" width=\"450\" height=\"140\"\/>&#13;<br \/>\n    <\/a><\/p>\n<p>                <a href=\"https:\/\/whatsapp.com\/channel\/0029VaIC4EE2f3EJZPPSbR34\" data-wpel-link=\"external\" target=\"_blank\" rel=\"nofollow external noopener noreferrer\" class=\"ext-link\">&#13;<br \/>\n                    <img loading=\"lazy\" decoding=\"async\" class=\"aligncenter size-full wp-image-575475\" src=\"https:\/\/www.europesays.com\/pt\/wp-content\/uploads\/2025\/10\/1759862234_512_c68c559d956d4ca20f435ed74a6e71e6.png\" alt=\"Siga-nos no WhatsApp\" width=\"175\" height=\"64\"\/>&#13;<br \/>\n                <\/a><\/p>\n<p>                <a href=\"https:\/\/news.google.com\/publications\/CAAiEHRwZondIV71PDjWNoqMduEqFAgKIhB0cGaJ3SFe9Tw41jaKjHbh?hl=en-US&amp;gl=US&amp;ceid=US%3Aen\" data-wpel-link=\"external\" target=\"_blank\" rel=\"nofollow external noopener noreferrer\" class=\"ext-link\">&#13;<br \/>\n                    <img loading=\"lazy\" decoding=\"async\" class=\"aligncenter size-full wp-image-575475\" src=\"https:\/\/www.europesays.com\/pt\/wp-content\/uploads\/2025\/10\/1759862235_242_5123dd8b087b644fdb8f8603acd1bad4.png\" alt=\"Siga-nos no Google News\" width=\"176\" height=\"64\"\/>&#13;<br \/>\n                <\/a><\/p>\n","protected":false},"excerpt":{"rendered":"(dr) National Geographic Uma vista elevada da sepultura de Tutankhamon As fissuras na sala onde est\u00e1 o t\u00famulo&hellip;\n","protected":false},"author":2,"featured_media":123456,"comment_status":"","ping_status":"","sticky":false,"template":"","format":"standard","meta":{"footnotes":""},"categories":[50],"tags":[3504,27,28,15,16,14,25,26,21,22,62,12,13,19,20,23,24,17,18,29,30,31,63,64,65],"class_list":{"0":"post-123455","1":"post","2":"type-post","3":"status-publish","4":"format-standard","5":"has-post-thumbnail","7":"category-mundo","8":"tag-arqueologia","9":"tag-breaking-news","10":"tag-breakingnews","11":"tag-featured-news","12":"tag-featurednews","13":"tag-headlines","14":"tag-latest-news","15":"tag-latestnews","16":"tag-main-news","17":"tag-mainnews","18":"tag-mundo","19":"tag-news","20":"tag-noticias","21":"tag-noticias-principais","22":"tag-noticiasprincipais","23":"tag-principais-noticias","24":"tag-principaisnoticias","25":"tag-top-stories","26":"tag-topstories","27":"tag-ultimas","28":"tag-ultimas-noticias","29":"tag-ultimasnoticias","30":"tag-world","31":"tag-world-news","32":"tag-worldnews"},"share_on_mastodon":{"url":"https:\/\/pubeurope.com\/@pt\/115424794057034023","error":""},"_links":{"self":[{"href":"https:\/\/www.europesays.com\/pt\/wp-json\/wp\/v2\/posts\/123455","targetHints":{"allow":["GET"]}}],"collection":[{"href":"https:\/\/www.europesays.com\/pt\/wp-json\/wp\/v2\/posts"}],"about":[{"href":"https:\/\/www.europesays.com\/pt\/wp-json\/wp\/v2\/types\/post"}],"author":[{"embeddable":true,"href":"https:\/\/www.europesays.com\/pt\/wp-json\/wp\/v2\/users\/2"}],"replies":[{"embeddable":true,"href":"https:\/\/www.europesays.com\/pt\/wp-json\/wp\/v2\/comments?post=123455"}],"version-history":[{"count":0,"href":"https:\/\/www.europesays.com\/pt\/wp-json\/wp\/v2\/posts\/123455\/revisions"}],"wp:featuredmedia":[{"embeddable":true,"href":"https:\/\/www.europesays.com\/pt\/wp-json\/wp\/v2\/media\/123456"}],"wp:attachment":[{"href":"https:\/\/www.europesays.com\/pt\/wp-json\/wp\/v2\/media?parent=123455"}],"wp:term":[{"taxonomy":"category","embeddable":true,"href":"https:\/\/www.europesays.com\/pt\/wp-json\/wp\/v2\/categories?post=123455"},{"taxonomy":"post_tag","embeddable":true,"href":"https:\/\/www.europesays.com\/pt\/wp-json\/wp\/v2\/tags?post=123455"}],"curies":[{"name":"wp","href":"https:\/\/api.w.org\/{rel}","templated":true}]}}