{"id":123468,"date":"2025-10-23T18:11:13","date_gmt":"2025-10-23T18:11:13","guid":{"rendered":"https:\/\/www.europesays.com\/pt\/123468\/"},"modified":"2025-10-23T18:11:13","modified_gmt":"2025-10-23T18:11:13","slug":"cerebro-masculino-envelhece-mais-rapido-do-que-o-feminino","status":"publish","type":"post","link":"https:\/\/www.europesays.com\/pt\/123468\/","title":{"rendered":"C\u00e9rebro masculino envelhece mais r\u00e1pido do que o feminino"},"content":{"rendered":"<p>\n         Publicado a<br \/>\n            23\/10\/2025 &#8211; 19:05 GMT+2\n            <\/p>\n<p>O c\u00e9rebro dos homens parece encolher mais rapidamente com a idade do que o das mulheres, e, no entanto, a doen\u00e7a de Alzheimer continua a afetar muito mais frequentemente o sexo feminino, segundo uma nova pesquisa.<\/p>\n<p>De acordo com a <a href=\"https:\/\/www.who.int\/news-room\/fact-sheets\/detail\/dementia\" target=\"_blank\" rel=\"noreferrer nofollow noopener\"><strong>Organiza\u00e7\u00e3o Mundial da Sa\u00fade (OMS),<\/strong><\/a> em 2021 cerca de 57 milh\u00f5es de pessoas no mundo sofriam de dem\u00eancia, e quase 10 milh\u00f5es de novos casos s\u00e3o registados todos os anos. <\/p>\n<p>Mas existe uma diferen\u00e7a de g\u00e9nero significativa. Globalmente, a<a href=\"https:\/\/pt.euronews.com\/saude\/2025\/09\/10\/esta-simples-analise-ao-sangue-podera-revolucionar-o-diagnostico-da-doenca-de-alzheimer-af\" rel=\"nofollow noopener\" target=\"_blank\"> <strong>doen\u00e7a de Alzheimer<\/strong> <\/a>(DA) \u00e9 quase duas vezes mais comum entre as mulheres do que entre os homens. Aos 45 anos, o risco de desenvolver a doen\u00e7a \u00e9 de uma em cinco para as mulheres, em compara\u00e7\u00e3o com um em dez para os homens.<\/p>\n<p>Durante anos, os cientistas questionaram-se sobre esta disparidade, questionando se as diferen\u00e7as na forma como o c\u00e9rebro masculino e o feminino envelhecem poderiam oferecer uma explica\u00e7\u00e3o.<\/p>\n<p>No entanto, um novo estudo publicado na revista Proceedings of the National Academy of Sciences sugere que isso pode n\u00e3o ser o caso.<\/p>\n<p><strong>O que a investiga\u00e7\u00e3o descobriu<\/strong><\/p>\n<p>Ao analisar mais de 12.000 exames cerebrais de quase 5.000 pessoas saud\u00e1veis com idades entre 17 e 95 anos, os investigadores descobriram que o c\u00e9rebro masculino apresenta um decl\u00ednio mais acentuado em v\u00e1rias regi\u00f5es ao longo do tempo, incluindo \u00e1reas relacionadas mem\u00f3ria, movimento e processamento visual.<\/p>\n<p>Por exemplo, o c\u00f3rtex p\u00f3s-central, a parte do c\u00e9rebro que processa sensa\u00e7\u00f5es como toque, dor e posi\u00e7\u00e3o do corpo, encolheu 2,0% ao ano nos homens, quase o dobro do decl\u00ednio anual de 1,2% observado nas mulheres.<\/p>\n<p>As mulheres, por outro lado, apresentaram uma expans\u00e3o mais evidente dos ventr\u00edculos cerebrais (as cavidades cheias de l\u00edquido), um sinal de mudan\u00e7as relacionadas \u00e0 idade, mas com perda estrutural globalmente menos extensa.<\/p>\n<p>Al\u00e9m disso, os homens mostraram um afinamento cortical relacionado \u00e0 idade mais pronunciado, especialmente em regi\u00f5es como as \u00e1reas parahipocampal e fusiforme. <\/p>\n<p>Os homens tamb\u00e9m experienciaram um decl\u00ednio mais acentuado em estruturas subcorticais como o put\u00e2men e o caudado, que desempenham pap\u00e9is importantes nas fun\u00e7\u00f5es motoras.<\/p>\n<p><strong>Por que raz\u00e3o as mulheres s\u00e3o mais propensas a desenvolver Alzheimer apesar do encolhimento cerebral mais lento?<\/strong><\/p>\n<p>Os resultados do estudo sugerem que as diferen\u00e7as de sexo no decl\u00ednio cerebral imputaddo \u00e0 idade dificilmente contribuem para a maior preval\u00eancia de diagn\u00f3sticos de Alzheimer entre as mulheres.<\/p>\n<p>Os cientistas h\u00e1 muito que apontam para uma complexa combina\u00e7\u00e3o de fatores: mudan\u00e7as hormonais ap\u00f3s a menopausa, diferen\u00e7as nas fun\u00e7\u00f5es imunol\u00f3gicas e vasculares, fatores gen\u00e9ticos de risco como o gene APOE \u03b54, e o simples facto de que as mulheres tendem a viver mais do que os homens.<\/p>\n<p>Em 2021, a expectativa m\u00e9dia de vida era de 73,8 anos para as mulheres e 68,4 anos para os homens. Consequentemente, mais mulheres atingem idades em que o risco de Alzheimer \u00e9 mais elevado. De acordo com o Servi\u00e7o Nacional de Sa\u00fade do Reino Unido (NHS), a doen\u00e7a \u00e9 mais comum em pessoas com mais de 65 anos.<\/p>\n<p>As raz\u00f5es biol\u00f3gicas pelas quais as mulheres permanecem mais vulner\u00e1veis ainda s\u00e3o pouco compreendidas, mas est\u00e1 cada vez mais claro que a resposta n\u00e3o ser\u00e1 encontrada apenas em exames estruturais do c\u00e9rebro.<\/p>\n","protected":false},"excerpt":{"rendered":"Publicado a 23\/10\/2025 &#8211; 19:05 GMT+2 O c\u00e9rebro dos homens parece encolher mais rapidamente com a idade do&hellip;\n","protected":false},"author":2,"featured_media":123469,"comment_status":"","ping_status":"","sticky":false,"template":"","format":"standard","meta":{"footnotes":""},"categories":[86],"tags":[1347,116,118,1208,32,33,117],"class_list":{"0":"post-123468","1":"post","2":"type-post","3":"status-publish","4":"format-standard","5":"has-post-thumbnail","7":"category-saude","8":"tag-estudo","9":"tag-health","10":"tag-mal-de-alzheimer","11":"tag-medicina","12":"tag-portugal","13":"tag-pt","14":"tag-saude"},"share_on_mastodon":{"url":"https:\/\/pubeurope.com\/@pt\/115424833366012696","error":""},"_links":{"self":[{"href":"https:\/\/www.europesays.com\/pt\/wp-json\/wp\/v2\/posts\/123468","targetHints":{"allow":["GET"]}}],"collection":[{"href":"https:\/\/www.europesays.com\/pt\/wp-json\/wp\/v2\/posts"}],"about":[{"href":"https:\/\/www.europesays.com\/pt\/wp-json\/wp\/v2\/types\/post"}],"author":[{"embeddable":true,"href":"https:\/\/www.europesays.com\/pt\/wp-json\/wp\/v2\/users\/2"}],"replies":[{"embeddable":true,"href":"https:\/\/www.europesays.com\/pt\/wp-json\/wp\/v2\/comments?post=123468"}],"version-history":[{"count":0,"href":"https:\/\/www.europesays.com\/pt\/wp-json\/wp\/v2\/posts\/123468\/revisions"}],"wp:featuredmedia":[{"embeddable":true,"href":"https:\/\/www.europesays.com\/pt\/wp-json\/wp\/v2\/media\/123469"}],"wp:attachment":[{"href":"https:\/\/www.europesays.com\/pt\/wp-json\/wp\/v2\/media?parent=123468"}],"wp:term":[{"taxonomy":"category","embeddable":true,"href":"https:\/\/www.europesays.com\/pt\/wp-json\/wp\/v2\/categories?post=123468"},{"taxonomy":"post_tag","embeddable":true,"href":"https:\/\/www.europesays.com\/pt\/wp-json\/wp\/v2\/tags?post=123468"}],"curies":[{"name":"wp","href":"https:\/\/api.w.org\/{rel}","templated":true}]}}