{"id":123481,"date":"2025-10-23T18:21:43","date_gmt":"2025-10-23T18:21:43","guid":{"rendered":"https:\/\/www.europesays.com\/pt\/123481\/"},"modified":"2025-10-23T18:21:43","modified_gmt":"2025-10-23T18:21:43","slug":"apos-polemica-no-masterchef-le-cordon-bleu-se-manifesta-sobre-suposto-favoritismo-de-participante-etica-profissional","status":"publish","type":"post","link":"https:\/\/www.europesays.com\/pt\/123481\/","title":{"rendered":"Ap\u00f3s pol\u00eamica no MasterChef, Le Cordon Bleu se manifesta sobre suposto favoritismo de participante: &#8216;\u00c9tica profissional&#8217;"},"content":{"rendered":"\n<p class=\" content-text__container theme-color-primary-first-letter\" data-track-category=\"Link no Texto\" data-track-links=\"\"> Uma pol\u00eamica envolvendo o epis\u00f3dio mais recente do &#8220;<a class=\"\" href=\"https:\/\/oglobo.globo.com\/tudo-sobre\/programa-de-tv\/masterchef\" rel=\"nofollow noopener\" target=\"_blank\">MasterChef<\/a> Confeitaria&#8221; \u2014 que foi ao ar na noite da \u00faltima ter\u00e7a-feira (21), na <a class=\"\" href=\"https:\/\/oglobo.globo.com\/tudo-sobre\/canal\/band\" rel=\"nofollow noopener\" target=\"_blank\">Band<\/a> \u2014 inspirou, nesta semana, um pronunciamento da escola de gastronomia Le Cordon Bleu, um dos anunciantes no programa. Ap\u00f3s a elimina\u00e7\u00e3o de Johnlee, espectadores usaram as redes sociais para levantar especula\u00e7\u00f5es sobre um suposto favorecimento a Marina, ex-funcion\u00e1ria da Le Cordon Bleu Brasil. <\/p>\n<ul class=\"content-unordered-list\">\n<li><strong>Vota\u00e7\u00e3o:<\/strong> <a class=\"\" href=\"https:\/\/oglobo.globo.com\/cultura\/noticia\/2025\/10\/23\/enquete-atualizada-da-fazenda-aponta-eliminacao-de-participante-com-alta-rejeicao-veja-previa-das-porcentagens.ghtml\" rel=\"nofollow noopener\" target=\"_blank\">Enquete atualizada da Fazenda aponta elimina\u00e7\u00e3o de participante com alta rejei\u00e7\u00e3o; veja pr\u00e9via das porcentagens<\/a><\/li>\n<li><strong>&#8216;Medo e preconceito&#8217;:<\/strong> <a class=\"\" href=\"https:\/\/oglobo.globo.com\/cultura\/noticia\/2025\/10\/21\/chef-paraense-se-recusa-a-cozinhar-para-principe-william-apos-pedido-de-menu-100percent-vegano-medo-e-preconceito.ghtml\" rel=\"nofollow noopener\" target=\"_blank\">Chef paraense se recusa a cozinhar para pr\u00edncipe William ap\u00f3s pedido de menu 100% vegano<\/a><\/li>\n<\/ul>\n<p class=\" content-text__container \" data-track-category=\"Link no Texto\" data-track-links=\"\"> Na ocasi\u00e3o, Marina n\u00e3o foi eliminada mesmo diante de cr\u00edticas negativas feitas pelos jurados. O epis\u00f3dio, ali\u00e1s, mostrou um bate-boca entre a participante e o colega L\u00e9o. Os dois disputaram a prova de elimina\u00e7\u00e3o, junto a Johnlee, depois de se darem mal numa prova coletiva. Marina atribuiu a m\u00e1 performance aos dois participantes, que discutiram na frente de Helena Rizzo, Erick Jaqcuin e Diego Lozano. <\/p>\n<p>    Veja ex-BBBs que conquistaram mans\u00f5es ap\u00f3s o reality           <img decoding=\"async\" id=\"image-id-tumb-391ab5a7-dfa0-4f19-9f34-cd04f1fd6341\" alt=\"Beatriz Reis em sua casa, em S\u00e3o Paulo \u2014 Foto: Divulga\u00e7\u00e3o\" src=\"https:\/\/www.europesays.com\/pt\/wp-content\/uploads\/2025\/10\/bia5.avif.jpeg\" loading=\"lazy\" height=\"1312\" width=\"984\" data-posicao=\"1\" role=\"button\" tabindex=\"0\"\/>    <img decoding=\"async\" id=\"image-id-391ab5a7-dfa0-4f19-9f34-cd04f1fd6341\" class=\"gallery-photo\" alt=\"Beatriz Reis em sua casa, em S\u00e3o Paulo \u2014 Foto: Divulga\u00e7\u00e3o\" src=\"https:\/\/www.europesays.com\/pt\/wp-content\/uploads\/2025\/10\/1761243677_368_bia5.avif.jpeg\" loading=\"lazy\" height=\"1312\" width=\"984\"\/>  <\/p>\n<p> 1 de 62 <br \/>&#13;Beatriz Reis em sua casa, em S\u00e3o Paulo \u2014 Foto: Divulga\u00e7\u00e3o <\/p>\n<p>     <img decoding=\"async\" id=\"image-id-tumb-dbed924a-0d9a-40a4-a0ac-f53738d4d950\" alt=\"Beatriz Reis e a m\u00e3e,  Aricelina Reis \u2014 Foto: Reprodu\u00e7\u00e3o\/Instagram\" src=\"https:\/\/www.europesays.com\/pt\/wp-content\/uploads\/2025\/10\/snapinsta.app-454348117-18358264831105825-8528824805702275961-n-1080-1-.jpg\" loading=\"lazy\" height=\"1350\" width=\"1080\" data-posicao=\"2\" role=\"button\" tabindex=\"0\"\/>    <img decoding=\"async\" id=\"image-id-dbed924a-0d9a-40a4-a0ac-f53738d4d950\" class=\"gallery-photo\" alt=\"Beatriz Reis e a m\u00e3e,  Aricelina Reis \u2014 Foto: Reprodu\u00e7\u00e3o\/Instagram\" src=\"https:\/\/www.europesays.com\/pt\/wp-content\/uploads\/2025\/10\/1761243678_35_snapinsta.app-454348117-18358264831105825-8528824805702275961-n-1080-1-.jpg\" loading=\"lazy\" height=\"1350\" width=\"1080\"\/>  <\/p>\n<p> 2 de 62 <br \/>&#13;Beatriz Reis e a m\u00e3e, Aricelina Reis \u2014 Foto: Reprodu\u00e7\u00e3o\/Instagram <\/p>\n<p>     Pular    <\/p>\n<p> X de 62 <br \/>Publicidade <\/p>\n<p>      <img decoding=\"async\" id=\"image-id-tumb-e8492a02-b1ac-4390-bd8c-da72383a8486\" alt=\"Casa de Beatriz Reis, em S\u00e3o Paulo \u2014 Foto: Reprodu\u00e7\u00e3o\/Instagram\" src=\"https:\/\/www.europesays.com\/pt\/wp-content\/uploads\/2025\/10\/porta.jpg\" loading=\"lazy\" height=\"1587\" width=\"2245\" data-posicao=\"3\" role=\"button\" tabindex=\"0\"\/>    <img decoding=\"async\" id=\"image-id-e8492a02-b1ac-4390-bd8c-da72383a8486\" class=\"gallery-photo\" alt=\"Casa de Beatriz Reis, em S\u00e3o Paulo \u2014 Foto: Reprodu\u00e7\u00e3o\/Instagram\" src=\"https:\/\/www.europesays.com\/pt\/wp-content\/uploads\/2025\/10\/1761243679_154_porta.jpg\" loading=\"lazy\" height=\"1587\" width=\"2245\"\/>  <\/p>\n<p> 3 de 62 <br \/>&#13;Casa de Beatriz Reis, em S\u00e3o Paulo \u2014 Foto: Reprodu\u00e7\u00e3o\/Instagram <\/p>\n<p>      <img decoding=\"async\" id=\"image-id-f335c1a8-315d-4569-b5d0-e38c5dc56de8\" class=\"gallery-photo\" alt=\"Beatriz Reis na \u00e1rea externa de sua casa, em S\u00e3o Paulo \u2014 Foto: Divulga\u00e7\u00e3o\" src=\"https:\/\/www.europesays.com\/pt\/wp-content\/uploads\/2025\/10\/bia2.avif.jpeg\" loading=\"lazy\" height=\"1312\" width=\"984\"\/>  <\/p>\n<p> 4 de 62 <br \/>&#13;Beatriz Reis na \u00e1rea externa de sua casa, em S\u00e3o Paulo \u2014 Foto: Divulga\u00e7\u00e3o <\/p>\n<p>     Pular    <\/p>\n<p> X de 62 <br \/>Publicidade <\/p>\n<p>      <img decoding=\"async\" id=\"image-id-b0d3b6c3-39e9-4a9e-91cc-73faba406277\" class=\"gallery-photo\" alt=\"Beatriz Reis na banheira de sua casa \u2014 Foto: Divulga\u00e7\u00e3o\" src=\"https:\/\/www.europesays.com\/pt\/wp-content\/uploads\/2025\/10\/bia3.avif.jpeg\" loading=\"lazy\" height=\"1312\" width=\"984\"\/>  <\/p>\n<p> 5 de 62 <br \/>&#13;Beatriz Reis na banheira de sua casa \u2014 Foto: Divulga\u00e7\u00e3o <\/p>\n<p>      <img decoding=\"async\" id=\"image-id-12647fa7-8688-48b3-bef5-e007188796de\" class=\"gallery-photo\" alt=\"Piscina da casa de Beatriz Reis, em S\u00e3o Paulo \u2014 Foto: Reprodu\u00e7\u00e3o\/Instagram\" src=\"https:\/\/www.europesays.com\/pt\/wp-content\/uploads\/2025\/10\/piscina.jpg\" loading=\"lazy\" height=\"1587\" width=\"2245\"\/>  <\/p>\n<p> 6 de 62 <br \/>&#13;Piscina da casa de Beatriz Reis, em S\u00e3o Paulo \u2014 Foto: Reprodu\u00e7\u00e3o\/Instagram <\/p>\n<p>     Pular    <\/p>\n<p> X de 62 <br \/>Publicidade <\/p>\n<p>      <img decoding=\"async\" id=\"image-id-9747ba57-fc9f-4122-bbe0-a020e01884b1\" class=\"gallery-photo\" alt=\"A fachada da nova casa de Gil do Vigor, do &quot;BBB&quot; 21, em condom\u00ednio de luxo de Pernambuco \u2014 Foto: Reprodu\u00e7\u00e3o\/Instagram\" src=\"https:\/\/www.europesays.com\/pt\/wp-content\/uploads\/2025\/10\/gil2.png\" loading=\"lazy\" height=\"550\" width=\"464\"\/>  <\/p>\n<p> 7 de 62 <br \/>&#13;A fachada da nova casa de Gil do Vigor, do &#8220;BBB&#8221; 21, em condom\u00ednio de luxo de Pernambuco \u2014 Foto: Reprodu\u00e7\u00e3o\/Instagram <\/p>\n<p>      <img decoding=\"async\" id=\"image-id-3ea9ec8d-74e7-4b5d-a940-05518ee1c37d\" class=\"gallery-photo\" alt=\"\u00c1rea da piscina na nova casa de Gil do Vigor \u2014 Foto: Reprodu\u00e7\u00e3o\/Instagram\" src=\"https:\/\/www.europesays.com\/pt\/wp-content\/uploads\/2025\/10\/image-6-.jpeg\" loading=\"lazy\" height=\"1334\" width=\"750\"\/>  <\/p>\n<p> 8 de 62 <br \/>&#13;\u00c1rea da piscina na nova casa de Gil do Vigor \u2014 Foto: Reprodu\u00e7\u00e3o\/Instagram <\/p>\n<p>     Pular    <\/p>\n<p> X de 62 <br \/>Publicidade <\/p>\n<p>      <img decoding=\"async\" id=\"image-id-44003f59-c15e-494d-a1e9-edf6fbc713b0\" class=\"gallery-photo\" alt=\"A sala da casa de Gil do Vigor\" src=\"https:\/\/www.europesays.com\/pt\/wp-content\/uploads\/2025\/10\/gil-do-vigor-2-4-360x640.webp.jpeg\" loading=\"lazy\" height=\"640\" width=\"360\"\/>  <\/p>\n<p> 9 de 62 <br \/>&#13;A sala da casa de Gil do Vigor <\/p>\n<p>      <img decoding=\"async\" id=\"image-id-602d00f9-c985-4f95-9e6c-cb6023243112\" class=\"gallery-photo\" alt=\"Piano na sala da casa de Gil do Vigor\" src=\"https:\/\/www.europesays.com\/pt\/wp-content\/uploads\/2025\/10\/gil-do-vigor-3-2.webp.jpeg\" loading=\"lazy\" height=\"477\" width=\"337\"\/>  <\/p>\n<p> 10 de 62 <br \/>&#13;Piano na sala da casa de Gil do Vigor <\/p>\n<p>     Pular    <\/p>\n<p> X de 62 <br \/>Publicidade <\/p>\n<p>      <img decoding=\"async\" id=\"image-id-d2b44fd3-8f7e-4e32-85b3-87f27a8199a7\" class=\"gallery-photo\" alt=\"Fachada da casa que Bianca Andrade, do &quot;BBB&quot; 20, comprou em maio de 2023. Ap\u00f3s o programa, ela tornou sua marca de cosm\u00e9ticos muito mais conhecida e conseguiu alto faturamento\" src=\"https:\/\/www.europesays.com\/pt\/wp-content\/uploads\/2025\/10\/casa-boca-rosa.jpg\" loading=\"lazy\" height=\"407\" width=\"809\"\/>  <\/p>\n<p> 11 de 62 <br \/>&#13;Fachada da casa que Bianca Andrade, do &#8220;BBB&#8221; 20, comprou em maio de 2023. Ap\u00f3s o programa, ela tornou sua marca de cosm\u00e9ticos muito mais conhecida e conseguiu alto faturamento <\/p>\n<p>      <img decoding=\"async\" id=\"image-id-227dd010-c24a-4c2e-bf7b-6a1c2e43bb43\" class=\"gallery-photo\" alt=\"Sala de cinema na casa da influenciadora digital Bianca Andrade, a Boca Rosa\" src=\"https:\/\/www.europesays.com\/pt\/wp-content\/uploads\/2025\/10\/sala-de-cinema-boca-rosa.jpg\" loading=\"lazy\" height=\"713\" width=\"1278\"\/>  <\/p>\n<p> 12 de 62 <br \/>&#13;Sala de cinema na casa da influenciadora digital Bianca Andrade, a Boca Rosa <\/p>\n<p>     Pular    <\/p>\n<p> X de 62 <br \/>Publicidade <\/p>\n<p>      <img decoding=\"async\" id=\"image-id-4fd4b173-1970-4de8-a02f-387a7a793c69\" class=\"gallery-photo\" alt=\"Detalhe da piscina da mans\u00e3o de Boca Rosa \u2014 Foto: Reprodu\u00e7\u00e3o\/YouTube\" src=\"https:\/\/www.europesays.com\/pt\/wp-content\/uploads\/2025\/10\/piscina-boca-rosa.jpg\" loading=\"lazy\" height=\"713\" width=\"1279\"\/>  <\/p>\n<p> 13 de 62 <br \/>&#13;Detalhe da piscina da mans\u00e3o de Boca Rosa \u2014 Foto: Reprodu\u00e7\u00e3o\/YouTube <\/p>\n<p>      <img decoding=\"async\" id=\"image-id-801ef5f3-0428-49bb-afcc-0fbca9aa00e5\" class=\"gallery-photo\" alt=\"Vista a\u00e9rea de parte da casa de Bianca Andrade, a Boca Rosa \u2014 Foto: Reprodu\u00e7\u00e3o\/YouTube\" src=\"https:\/\/www.europesays.com\/pt\/wp-content\/uploads\/2025\/10\/casa-boca-rosa-vista-de-cima.jpg\" loading=\"lazy\" height=\"719\" width=\"1279\"\/>  <\/p>\n<p> 14 de 62 <br \/>&#13;Vista a\u00e9rea de parte da casa de Bianca Andrade, a Boca Rosa \u2014 Foto: Reprodu\u00e7\u00e3o\/YouTube <\/p>\n<p>     Pular    <\/p>\n<p> X de 62 <br \/>Publicidade <\/p>\n<p>      <img decoding=\"async\" id=\"image-id-d56a9f3e-31ad-4581-8473-5c8c8cfdac7d\" class=\"gallery-photo\" alt=\"A sala de estar da mans\u00e3o de Boca Rosa \u2014 Foto: Reprodu\u00e7\u00e3o\/YouTube\" src=\"https:\/\/www.europesays.com\/pt\/wp-content\/uploads\/2025\/10\/bianca-andrade-sala.jpg\" loading=\"lazy\" height=\"713\" width=\"1279\"\/>  <\/p>\n<p> 15 de 62 <br \/>&#13;A sala de estar da mans\u00e3o de Boca Rosa \u2014 Foto: Reprodu\u00e7\u00e3o\/YouTube <\/p>\n<p>      <img decoding=\"async\" id=\"image-id-13ed14d7-2908-49d3-9cd0-1e235d424b77\" class=\"gallery-photo\" alt=\"O escrit\u00f3rio da casa de Bianca Andrade, a Boca Rosa \u2014 Foto: Reprodu\u00e7\u00e3o\/YouTube\" src=\"https:\/\/www.europesays.com\/pt\/wp-content\/uploads\/2025\/10\/escritorio-bianca-andrade.jpg\" loading=\"lazy\" height=\"714\" width=\"1279\"\/>  <\/p>\n<p> 16 de 62 <br \/>&#13;O escrit\u00f3rio da casa de Bianca Andrade, a Boca Rosa \u2014 Foto: Reprodu\u00e7\u00e3o\/YouTube <\/p>\n<p>     Pular    <\/p>\n<p> X de 62 <br \/>Publicidade <\/p>\n<p>      <img decoding=\"async\" id=\"image-id-379ffbfa-b87d-479d-9981-c918abedfe5a\" class=\"gallery-photo\" alt=\"Mans\u00e3o de Key Alves, do &quot;BBB&quot; 23\" src=\"https:\/\/www.europesays.com\/pt\/wp-content\/uploads\/2025\/10\/whatsapp-image-2023-10-04-at-18.51.39.jpeg\" loading=\"lazy\" height=\"1377\" width=\"1125\"\/>  <\/p>\n<p> 17 de 62 <br \/>&#13;Mans\u00e3o de Key Alves, do &#8220;BBB&#8221; 23 <\/p>\n<p>      <img decoding=\"async\" id=\"image-id-37062e7a-4b0a-4ae6-9d34-7bef5604640b\" class=\"gallery-photo\" alt=\"O im\u00f3vel \u00e9 avaliado em R$ 20 milh\u00f5es e foi alugado por ela\" src=\"https:\/\/www.europesays.com\/pt\/wp-content\/uploads\/2025\/10\/whatsapp-image-2023-10-04-at-18.51.39-1-.jpeg\" loading=\"lazy\" height=\"1378\" width=\"1125\"\/>  <\/p>\n<p> 18 de 62 <br \/>&#13;O im\u00f3vel \u00e9 avaliado em R$ 20 milh\u00f5es e foi alugado por ela <\/p>\n<p>     Pular    <\/p>\n<p> X de 62 <br \/>Publicidade <\/p>\n<p>      <img decoding=\"async\" id=\"image-id-59ef17c2-b2c5-4ffc-9fd7-4af6c98d9d06\" class=\"gallery-photo\" alt=\"A mans\u00e3o fica em Alphaville, na Grande S\u00e3o Paulo\" src=\"https:\/\/www.europesays.com\/pt\/wp-content\/uploads\/2025\/10\/whatsapp-image-2023-10-04-at-18.51.40.jpeg\" loading=\"lazy\" height=\"1367\" width=\"1125\"\/>  <\/p>\n<p> 19 de 62 <br \/>&#13;A mans\u00e3o fica em Alphaville, na Grande S\u00e3o Paulo <\/p>\n<p>      <img decoding=\"async\" id=\"image-id-57a302ed-9553-47b6-b5c6-5a3d69ed676e\" class=\"gallery-photo\" alt=\"Arthur Picoli, do &quot;BBB&quot; 21, alugou uma casa em Campinas por um ano por R$ 200 mil \u00e0 vista\" src=\"https:\/\/www.europesays.com\/pt\/wp-content\/uploads\/2025\/10\/arthur-picoli.webp.jpeg\" loading=\"lazy\" height=\"674\" width=\"984\"\/>  <\/p>\n<p> 20 de 62 <br \/>&#13;Arthur Picoli, do &#8220;BBB&#8221; 21, alugou uma casa em Campinas por um ano por R$ 200 mil \u00e0 vista <\/p>\n<p>     Pular    <\/p>\n<p> X de 62 <br \/>Publicidade <\/p>\n<p>      <img decoding=\"async\" id=\"image-id-14c446d0-e576-43dd-becb-a8e20735b390\" class=\"gallery-photo\" alt=\"A piscina da nova casa de Arthur Picoli, que era professor de educa\u00e7\u00e3o f\u00edsica antes do &quot;BBB&quot;\" src=\"https:\/\/www.europesays.com\/pt\/wp-content\/uploads\/2025\/10\/casa-de-arthur.webp.jpeg\" loading=\"lazy\" height=\"1312\" width=\"984\"\/>  <\/p>\n<p> 21 de 62 <br \/>&#13;A piscina da nova casa de Arthur Picoli, que era professor de educa\u00e7\u00e3o f\u00edsica antes do &#8220;BBB&#8221; <\/p>\n<p>      <img decoding=\"async\" id=\"image-id-d3fbbf0f-91e6-45e0-9ad2-721b71f6c076\" class=\"gallery-photo\" alt=\"Casa nova de Arthur Picoli em Campinas\" src=\"https:\/\/www.europesays.com\/pt\/wp-content\/uploads\/2025\/10\/casa-nova-de-arthur.webp.jpeg\" loading=\"lazy\" height=\"984\" width=\"984\"\/>  <\/p>\n<p> 22 de 62 <br \/>&#13;Casa nova de Arthur Picoli em Campinas <\/p>\n<p>     Pular    <\/p>\n<p> X de 62 <br \/>Publicidade <\/p>\n<p>      <img decoding=\"async\" id=\"image-id-8a3df24e-1d7c-4eb3-a2c3-17a7eb46ab18\" class=\"gallery-photo\" alt=\"Camilla de Lucas, do &quot;BBB&quot; 21, comprou sua primeira casa e anunciou a novidade em janeiro de 2022 (Foto: Reprodu\u00e7\u00e3o\/Instagram)\" src=\"https:\/\/www.europesays.com\/pt\/wp-content\/uploads\/2025\/10\/camilladelucas-272242198-142556194846604-5576940461561763326-n-1-.webp.jpeg\" loading=\"lazy\" height=\"1350\" width=\"1080\"\/>  <\/p>\n<p> 23 de 62 <br \/>&#13;Camilla de Lucas, do &#8220;BBB&#8221; 21, comprou sua primeira casa e anunciou a novidade em janeiro de 2022 (Foto: Reprodu\u00e7\u00e3o\/Instagram) <\/p>\n<p>      <img decoding=\"async\" id=\"image-id-b400df52-4adc-49b5-9434-ef672c15f918\" class=\"gallery-photo\" alt=\"\u00c1rea externa da mans\u00e3o de Camilla de Lucas, que era influenciadora digital antes do &quot;BBB&quot;, mas multiplicou os seguidores e conquistou uma fortuna\" src=\"https:\/\/www.europesays.com\/pt\/wp-content\/uploads\/2025\/10\/272237413-1076351466495232-127964108152548970-n-24107940.webp.jpeg\" loading=\"lazy\" height=\"2128\" width=\"1920\"\/>  <\/p>\n<p> 24 de 62 <br \/>&#13;\u00c1rea externa da mans\u00e3o de Camilla de Lucas, que era influenciadora digital antes do &#8220;BBB&#8221;, mas multiplicou os seguidores e conquistou uma fortuna <\/p>\n<p>     Pular    <\/p>\n<p> X de 62 <br \/>Publicidade <\/p>\n<p>      <img decoding=\"async\" id=\"image-id-f2870d43-71bc-4cb7-ac3f-1bf2bc3b4dbb\" class=\"gallery-photo\" alt=\"Churrasqueira da mans\u00e3o de Camilla de Lucas\" src=\"https:\/\/www.europesays.com\/pt\/wp-content\/uploads\/2025\/10\/1-272291053-974662423136328-4533024181604552859-n-24107954.jpg\" loading=\"lazy\" height=\"930\" width=\"699\"\/>  <\/p>\n<p> 25 de 62 <br \/>&#13;Churrasqueira da mans\u00e3o de Camilla de Lucas <\/p>\n<p>      <img decoding=\"async\" id=\"image-id-c8f22ff5-06cb-4bf7-967b-540332d5300c\" class=\"gallery-photo\" alt=\"Banheiro da mans\u00e3o de Camilla de Lucas no Rio\" src=\"https:\/\/www.europesays.com\/pt\/wp-content\/uploads\/2025\/10\/banheiro-camila.png\" loading=\"lazy\" height=\"564\" width=\"489\"\/>  <\/p>\n<p> 26 de 62 <br \/>&#13;Banheiro da mans\u00e3o de Camilla de Lucas no Rio <\/p>\n<p>     Pular    <\/p>\n<p> X de 62 <br \/>Publicidade <\/p>\n<p>      <img decoding=\"async\" id=\"image-id-2504f0a0-330d-457d-98e8-853e502c951a\" class=\"gallery-photo\" alt=\"Sala da mans\u00e3o de Camilla de Lucas no Rio\" src=\"https:\/\/www.europesays.com\/pt\/wp-content\/uploads\/2025\/10\/salacamila.png\" loading=\"lazy\" height=\"574\" width=\"458\"\/>  <\/p>\n<p> 27 de 62 <br \/>&#13;Sala da mans\u00e3o de Camilla de Lucas no Rio <\/p>\n<p>      <img decoding=\"async\" id=\"image-id-7eecc84c-b70a-48d1-bad2-9663b1da204e\" class=\"gallery-photo\" alt=\"Cozinha da mans\u00e3o de Camilla de Lucas\" src=\"https:\/\/www.europesays.com\/pt\/wp-content\/uploads\/2025\/10\/cozinha.png\" loading=\"lazy\" height=\"561\" width=\"474\"\/>  <\/p>\n<p> 28 de 62 <br \/>&#13;Cozinha da mans\u00e3o de Camilla de Lucas <\/p>\n<p>     Pular    <\/p>\n<p> X de 62 <br \/>Publicidade <\/p>\n<p>      <img decoding=\"async\" id=\"image-id-c6bd2cf7-df66-43c4-9042-c00958af3edc\" class=\"gallery-photo\" alt=\"Eliezer, do &quot;BBB&quot; 22, mostra obra de nova mans\u00e3o que comprou com Viih Tube, do &quot;BBB&quot; 21 \u2014 Foto: Reprodu\u00e7\u00e3o\/Instagram\" src=\"https:\/\/www.europesays.com\/pt\/wp-content\/uploads\/2025\/10\/eliezer-visita-obra.jpg\" loading=\"lazy\" height=\"1080\" width=\"1920\"\/>  <\/p>\n<p> 29 de 62 <br \/>&#13;Eliezer, do &#8220;BBB&#8221; 22, mostra obra de nova mans\u00e3o que comprou com Viih Tube, do &#8220;BBB&#8221; 21 \u2014 Foto: Reprodu\u00e7\u00e3o\/Instagram <\/p>\n<p>      <img decoding=\"async\" id=\"image-id-22070e64-d4c3-4eb2-94f6-eb0a7f4e38e3\" class=\"gallery-photo\" alt=\"Sala de TV e cinema da nova casa de Viih Tube e Eliezer. Ela multiplicou sua fortuna ap\u00f3s o programa, ap\u00f3s anos como influencer. J\u00e1 ele conquistou todo o dinheiro a partir do programa \u2014 Foto: Reprodu\u00e7\u00e3o\" src=\"https:\/\/www.europesays.com\/pt\/wp-content\/uploads\/2025\/10\/sala-de-tv-viih-tube.jpg\" loading=\"lazy\" height=\"721\" width=\"1279\"\/>  <\/p>\n<p> 30 de 62 <br \/>&#13;Sala de TV e cinema da nova casa de Viih Tube e Eliezer. Ela multiplicou sua fortuna ap\u00f3s o programa, ap\u00f3s anos como influencer. J\u00e1 ele conquistou todo o dinheiro a partir do programa \u2014 Foto: Reprodu\u00e7\u00e3o <\/p>\n<p>     Pular    <\/p>\n<p> X de 62 <br \/>Publicidade <\/p>\n<p>      <img decoding=\"async\" id=\"image-id-bf6d2712-d99a-4034-9b09-58c547868e36\" class=\"gallery-photo\" alt=\"Sala de estar da casa de Viih Tube e Eliezer, com ampla abertura para a \u00e1rea da piscina \u2014 Foto: Reprodu\u00e7\u00e3o\" src=\"https:\/\/www.europesays.com\/pt\/wp-content\/uploads\/2025\/10\/sala-viih-tube.jpg\" loading=\"lazy\" height=\"721\" width=\"1279\"\/>  <\/p>\n<p> 31 de 62 <br \/>&#13;Sala de estar da casa de Viih Tube e Eliezer, com ampla abertura para a \u00e1rea da piscina \u2014 Foto: Reprodu\u00e7\u00e3o <\/p>\n<p>      <img decoding=\"async\" id=\"image-id-e446a3df-7e90-40ea-9861-e1322be59c11\" class=\"gallery-photo\" alt=\"Viih Tube e Eliezer pediram uma \u00e1rea rasa para a filha poder brincar com seguran\u00e7a \u2014 Foto: Reprodu\u00e7\u00e3o Instagram\" src=\"https:\/\/www.europesays.com\/pt\/wp-content\/uploads\/2025\/10\/eli-3.jpg\" loading=\"lazy\" height=\"866\" width=\"1290\"\/>  <\/p>\n<p> 32 de 62 <br \/>&#13;Viih Tube e Eliezer pediram uma \u00e1rea rasa para a filha poder brincar com seguran\u00e7a \u2014 Foto: Reprodu\u00e7\u00e3o Instagram <\/p>\n<p>     Pular    <\/p>\n<p> X de 62 <br \/>Publicidade <\/p>\n<p>      <img decoding=\"async\" id=\"image-id-ef1b3b51-c766-4106-9877-ffd78724e7a5\" class=\"gallery-photo\" alt=\"Eliezer compartilhou no Instagram o andamento da obra\" src=\"https:\/\/www.europesays.com\/pt\/wp-content\/uploads\/2025\/10\/whatsapp-image-2023-11-22-at-12.44.30.jpeg\" loading=\"lazy\" height=\"1600\" width=\"1002\"\/>  <\/p>\n<p> 33 de 62 <br \/>&#13;Eliezer compartilhou no Instagram o andamento da obra <\/p>\n<p>      <img decoding=\"async\" id=\"image-id-fb93a466-7d76-403b-8a10-37d1f0fc263d\" class=\"gallery-photo\" alt=\"Aline Gotschalg mostrou detalhes da constru\u00e7\u00e3o da mans\u00e3o onde vai morar com Fernando Medeiros. Ambos participaram do &quot;BBB&quot; 15 \u2014 Foto: Reprodu\u00e7\u00e3o Instagram\" src=\"https:\/\/www.europesays.com\/pt\/wp-content\/uploads\/2025\/10\/aline-e-fernando-1-.webp.jpeg\" loading=\"lazy\" height=\"499\" width=\"888\"\/>  <\/p>\n<p> 34 de 62 <br \/>&#13;Aline Gotschalg mostrou detalhes da constru\u00e7\u00e3o da mans\u00e3o onde vai morar com Fernando Medeiros. Ambos participaram do &#8220;BBB&#8221; 15 \u2014 Foto: Reprodu\u00e7\u00e3o Instagram <\/p>\n<p>     Pular    <\/p>\n<p> X de 62 <br \/>Publicidade <\/p>\n<p>      <img decoding=\"async\" id=\"image-id-d3d0d54a-ffb9-4b03-9a4a-f0ed1ccf11d7\" class=\"gallery-photo\" alt=\"Projeto mostra \u00e1rea externa da mans\u00e3o que Aline Gotschalg e Fernando Medeiros est\u00e3o construindo. Eles virou apresentador e influencer. Ela tamb\u00e9m \u00e9 influenciadora digital\" src=\"https:\/\/www.europesays.com\/pt\/wp-content\/uploads\/2025\/10\/mansao-fernando-medeiros-aline-gotschalg3.webp.jpeg\" loading=\"lazy\" height=\"576\" width=\"1024\"\/>  <\/p>\n<p> 35 de 62 <br \/>&#13;Projeto mostra \u00e1rea externa da mans\u00e3o que Aline Gotschalg e Fernando Medeiros est\u00e3o construindo. Eles virou apresentador e influencer. Ela tamb\u00e9m \u00e9 influenciadora digital <\/p>\n<p>      <img decoding=\"async\" id=\"image-id-bc510d76-0d4c-439c-8642-f4ca638d0e27\" class=\"gallery-photo\" alt=\"\u00c1rea da piscina da mans\u00e3o que Aline Gotschalg e Fernando Medeiros est\u00e3o construindo\" src=\"https:\/\/www.europesays.com\/pt\/wp-content\/uploads\/2025\/10\/mansao-fernando-medeiros-aline-gotschalg5.webp.jpeg\" loading=\"lazy\" height=\"576\" width=\"1024\"\/>  <\/p>\n<p> 36 de 62 <br \/>&#13;\u00c1rea da piscina da mans\u00e3o que Aline Gotschalg e Fernando Medeiros est\u00e3o construindo <\/p>\n<p>     Pular    <\/p>\n<p> X de 62 <br \/>Publicidade <\/p>\n<p>      <img decoding=\"async\" id=\"image-id-e6733f35-7e6f-4ea1-8c13-13943610b17e\" class=\"gallery-photo\" alt=\"Projeto da sala da mans\u00e3o que Aline Gotschalg e Fernando Medeiros\" src=\"https:\/\/www.europesays.com\/pt\/wp-content\/uploads\/2025\/10\/mansao-fernando-medeiros-aline-gotschalg2.webp.jpeg\" loading=\"lazy\" height=\"576\" width=\"1024\"\/>  <\/p>\n<p> 37 de 62 <br \/>&#13;Projeto da sala da mans\u00e3o que Aline Gotschalg e Fernando Medeiros <\/p>\n<p>      <img decoding=\"async\" id=\"image-id-75f0803d-c308-45b7-a823-301ed4ad2cce\" class=\"gallery-photo\" alt=\"Projeto do quarto da mans\u00e3o que Aline Gotschalg e Fernando Medeiros est\u00e3o construindo\" src=\"https:\/\/www.europesays.com\/pt\/wp-content\/uploads\/2025\/10\/mansao-fernando-medeiros-aline-gotschalg1.webp.jpeg\" loading=\"lazy\" height=\"576\" width=\"1024\"\/>  <\/p>\n<p> 38 de 62 <br \/>&#13;Projeto do quarto da mans\u00e3o que Aline Gotschalg e Fernando Medeiros est\u00e3o construindo <\/p>\n<p>     Pular    <\/p>\n<p> X de 62 <br \/>Publicidade <\/p>\n<p>      <img decoding=\"async\" id=\"image-id-ee6e1c0c-767e-4915-81cd-966c4e2f9a27\" class=\"gallery-photo\" alt=\"Grazi Massafera fez muito dinheiro com todo o trabalho ap\u00f3s o &quot;BBB&quot; 5. Ela \u00e9 atriz, contratada constantemente para publicidade. Na sala, \u00e9 poss\u00edvel ver uma poltrona Jangada, do artista Jean Gillon \u2014 Foto: Instagram \/ Reprodu\u00e7\u00e3o\" src=\"https:\/\/www.europesays.com\/pt\/wp-content\/uploads\/2025\/10\/casa-grazi-massafera-29.webp.jpeg\" loading=\"lazy\" height=\"1126\" width=\"1000\"\/>  <\/p>\n<p> 39 de 62 <br \/>&#13;Grazi Massafera fez muito dinheiro com todo o trabalho ap\u00f3s o &#8220;BBB&#8221; 5. Ela \u00e9 atriz, contratada constantemente para publicidade. Na sala, \u00e9 poss\u00edvel ver uma poltrona Jangada, do artista Jean Gillon \u2014 Foto: Instagram \/ Reprodu\u00e7\u00e3o <\/p>\n<p>      <img decoding=\"async\" id=\"image-id-4a782afd-7c63-43f5-b380-d7706f38fb30\" class=\"gallery-photo\" alt=\"Sala da casa de Grazi Massafera \u2014 Foto: Reprodu\u00e7\u00e3o\" src=\"https:\/\/www.europesays.com\/pt\/wp-content\/uploads\/2025\/10\/grazi-1.webp.jpeg\" loading=\"lazy\" height=\"1778\" width=\"1000\"\/>  <\/p>\n<p> 40 de 62 <br \/>&#13;Sala da casa de Grazi Massafera \u2014 Foto: Reprodu\u00e7\u00e3o <\/p>\n<p>     Pular    <\/p>\n<p> X de 62 <br \/>Publicidade <\/p>\n<p>      <img decoding=\"async\" id=\"image-id-9252cf52-ccc5-43ba-afb5-e83b6425b2bf\" class=\"gallery-photo\" alt=\"Closet de Grazi Massafera \" src=\"https:\/\/www.europesays.com\/pt\/wp-content\/uploads\/2025\/10\/casa-grazi-massafera-14.webp.jpeg\" loading=\"lazy\" height=\"1000\" width=\"1000\"\/>  <\/p>\n<p> 41 de 62 <br \/>&#13;Closet de Grazi Massafera <\/p>\n<p>      <img decoding=\"async\" id=\"image-id-63484962-0000-4234-b651-2d2fa19e3d18\" class=\"gallery-photo\" alt=\"Sala de casa de Sabrina Sato, que, ap\u00f3s o &quot;BBB&quot; 3, virou apresentadora e empres\u00e1ria, construindo todo o seu vasto patrim\u00f4nio\" src=\"https:\/\/www.europesays.com\/pt\/wp-content\/uploads\/2025\/10\/sabrina-sato-2.webp.jpeg\" loading=\"lazy\" height=\"822\" width=\"608\"\/>  <\/p>\n<p> 42 de 62 <br \/>&#13;Sala de casa de Sabrina Sato, que, ap\u00f3s o &#8220;BBB&#8221; 3, virou apresentadora e empres\u00e1ria, construindo todo o seu vasto patrim\u00f4nio <\/p>\n<p>     Pular    <\/p>\n<p> X de 62 <br \/>Publicidade <\/p>\n<p>      <img decoding=\"async\" id=\"image-id-9ca65550-5b16-4b56-8bb5-ca305d867cc2\" class=\"gallery-photo\" alt=\"O im\u00f3vel de Sabrina Sato tem camarim\" src=\"https:\/\/www.europesays.com\/pt\/wp-content\/uploads\/2025\/10\/sabrina-sato-3.webp.jpeg\" loading=\"lazy\" height=\"413\" width=\"620\"\/>  <\/p>\n<p> 43 de 62 <br \/>&#13;O im\u00f3vel de Sabrina Sato tem camarim <\/p>\n<p>      <img decoding=\"async\" id=\"image-id-cc0b788b-83d2-4b02-92cf-28b178e9dfdc\" class=\"gallery-photo\" alt=\"Sala de jantar de Sabrina Sato\" src=\"https:\/\/www.europesays.com\/pt\/wp-content\/uploads\/2025\/10\/sabrina-sato-5.webp.jpeg\" loading=\"lazy\" height=\"822\" width=\"608\"\/>  <\/p>\n<p> 44 de 62 <br \/>&#13;Sala de jantar de Sabrina Sato <\/p>\n<p>     Pular    <\/p>\n<p> X de 62 <br \/>Publicidade <\/p>\n<p>      <img decoding=\"async\" id=\"image-id-161f5ebe-eeb1-449a-b840-118094d7edd0\" class=\"gallery-photo\" alt=\"Thelma, do &quot;BBB&quot; 20, tamb\u00e9m ganhou fama e dinheiro ap\u00f3s vencer o programa. Ela fez um tour por sua nova mans\u00e3o em 2021 \u2014 Foto: Reprodu\u00e7\u00e3o\" src=\"https:\/\/www.europesays.com\/pt\/wp-content\/uploads\/2025\/10\/thelminha.png\" loading=\"lazy\" height=\"330\" width=\"666\"\/>  <\/p>\n<p> 45 de 62 <br \/>&#13;Thelma, do &#8220;BBB&#8221; 20, tamb\u00e9m ganhou fama e dinheiro ap\u00f3s vencer o programa. Ela fez um tour por sua nova mans\u00e3o em 2021 \u2014 Foto: Reprodu\u00e7\u00e3o <\/p>\n<p>      <img decoding=\"async\" id=\"image-id-8bf09f79-89e1-42a0-86a6-602108add531\" class=\"gallery-photo\" alt=\" Na foto, ela mostra o banheiro da sua casa\" src=\"https:\/\/www.europesays.com\/pt\/wp-content\/uploads\/2025\/10\/download-2-.jpg\" loading=\"lazy\" height=\"576\" width=\"1024\"\/>  <\/p>\n<p> 46 de 62 <br \/>&#13; Na foto, ela mostra o banheiro da sua casa <\/p>\n<p>     Pular    <\/p>\n<p> X de 62 <br \/>Publicidade <\/p>\n<p>      <img decoding=\"async\" id=\"image-id-3b861de4-53b9-464f-941e-51403796fab5\" class=\"gallery-photo\" alt=\"Sala da casa de Thelma com lareira \u2014 Foto: Reprodu\u00e7\u00e3o\" src=\"https:\/\/www.europesays.com\/pt\/wp-content\/uploads\/2025\/10\/thelma2.png\" loading=\"lazy\" height=\"346\" width=\"658\"\/>  <\/p>\n<p> 47 de 62 <br \/>&#13;Sala da casa de Thelma com lareira \u2014 Foto: Reprodu\u00e7\u00e3o <\/p>\n<p>      <img decoding=\"async\" id=\"image-id-115153db-f85e-4c22-8fca-a86b419d08df\" class=\"gallery-photo\" alt=\"\u00c1rea externa da casa de Thelminha\" src=\"https:\/\/www.europesays.com\/pt\/wp-content\/uploads\/2025\/10\/download-1-.jpg\" loading=\"lazy\" height=\"576\" width=\"1024\"\/>  <\/p>\n<p> 48 de 62 <br \/>&#13;\u00c1rea externa da casa de Thelminha <\/p>\n<p>     Pular    <\/p>\n<p> X de 62 <br \/>Publicidade <\/p>\n<p>      <img decoding=\"async\" id=\"image-id-6364609a-5080-48a0-8b60-d7c9ef00d8af\" class=\"gallery-photo\" alt=\"Em 2022, Mariana Fel\u00edcio e Daniel Saullo, do &quot;BBB&quot; 6, mostraram a constru\u00e7\u00e3o de sua mans\u00e3o em MG: &quot;Mais uma etapa conclu\u00edda na nossa obra, hoje concretamos a escada, a laje e tamb\u00e9m a funda\u00e7\u00e3o da piscina&quot; \u2014 Foto: Reprodu\u00e7\u00e3o\" src=\"https:\/\/www.europesays.com\/pt\/wp-content\/uploads\/2025\/10\/saullo.png\" loading=\"lazy\" height=\"467\" width=\"532\"\/>  <\/p>\n<p> 49 de 62 <br \/>&#13;Em 2022, Mariana Fel\u00edcio e Daniel Saullo, do &#8220;BBB&#8221; 6, mostraram a constru\u00e7\u00e3o de sua mans\u00e3o em MG: &#8220;Mais uma etapa conclu\u00edda na nossa obra, hoje concretamos a escada, a laje e tamb\u00e9m a funda\u00e7\u00e3o da piscina&#8221; \u2014 Foto: Reprodu\u00e7\u00e3o <\/p>\n<p>      <img decoding=\"async\" id=\"image-id-a0d23f1a-a8ca-4602-9135-5fe3020217a1\" class=\"gallery-photo\" alt=\"Projeto de mans\u00e3o de Daniel Saullo e Mariana Fel\u00edcio\" src=\"https:\/\/www.europesays.com\/pt\/wp-content\/uploads\/2025\/10\/image-wpdegq8.webp.jpeg\" loading=\"lazy\" height=\"376\" width=\"666\"\/>  <\/p>\n<p> 50 de 62 <br \/>&#13;Projeto de mans\u00e3o de Daniel Saullo e Mariana Fel\u00edcio <\/p>\n<p>     Pular    <\/p>\n<p> X de 62 <br \/>Publicidade <\/p>\n<p>      <img decoding=\"async\" id=\"image-id-eee566c6-f7a6-43f2-89fa-6a7a6cb21b2f\" class=\"gallery-photo\" alt=\"Projeto de mans\u00e3o de Daniel Saullo e Mariana Fel\u00edcio\" src=\"https:\/\/www.europesays.com\/pt\/wp-content\/uploads\/2025\/10\/image-za4mxap.webp.jpeg\" loading=\"lazy\" height=\"406\" width=\"721\"\/>  <\/p>\n<p> 51 de 62 <br \/>&#13;Projeto de mans\u00e3o de Daniel Saullo e Mariana Fel\u00edcio <\/p>\n<p>      <img decoding=\"async\" id=\"image-id-2b8affbd-bdc9-4fe8-940c-1d900f97166e\" class=\"gallery-photo\" alt=\"\u00c1rea externa da nova casa de Juliette \u2014 Foto: Reprodu\u00e7\u00e3o\/Instagram\" src=\"https:\/\/www.europesays.com\/pt\/wp-content\/uploads\/2025\/10\/whatsapp-image-2025-01-09-at-13.43.14.jpeg\" loading=\"lazy\" height=\"750\" width=\"1000\"\/>  <\/p>\n<p> 52 de 62 <br \/>&#13;\u00c1rea externa da nova casa de Juliette \u2014 Foto: Reprodu\u00e7\u00e3o\/Instagram <\/p>\n<p>     Pular    <\/p>\n<p> X de 62 <br \/>Publicidade <\/p>\n<p>      <img decoding=\"async\" id=\"image-id-2582e77e-943e-4ed8-b066-ab18dc4f5428\" class=\"gallery-photo\" alt=\"Entrada da casa de Juliette \u2014 Foto: Reprodu\u00e7\u00e3o\/Instagram\" src=\"https:\/\/www.europesays.com\/pt\/wp-content\/uploads\/2025\/10\/whatsapp-image-2025-01-09-at-13.47.02.jpeg\" loading=\"lazy\" height=\"750\" width=\"1000\"\/>  <\/p>\n<p> 53 de 62 <br \/>&#13;Entrada da casa de Juliette \u2014 Foto: Reprodu\u00e7\u00e3o\/Instagram <\/p>\n<p>      <img decoding=\"async\" id=\"image-id-7fdfa596-bb60-4496-a317-0a2a4bc2a37c\" class=\"gallery-photo\" alt=\"Closet e banheiro da mans\u00e3o de Juliette \u2014 Foto: Reprodu\u00e7\u00e3o\/Instagram\" src=\"https:\/\/www.europesays.com\/pt\/wp-content\/uploads\/2025\/10\/whatsapp-image-2025-01-09-at-13.46.48.jpeg\" loading=\"lazy\" height=\"750\" width=\"1000\"\/>  <\/p>\n<p> 54 de 62 <br \/>&#13;Closet e banheiro da mans\u00e3o de Juliette \u2014 Foto: Reprodu\u00e7\u00e3o\/Instagram <\/p>\n<p>     Pular    <\/p>\n<p> X de 62 <br \/>Publicidade <\/p>\n<p>      <img decoding=\"async\" id=\"image-id-1a0237a5-e4e5-4eba-afed-f3dca2ed47bc\" class=\"gallery-photo\" alt=\"Juliette mostra sua nova mans\u00e3o \u2014 Foto: Reprodu\u00e7\u00e3o\/Instagram\" src=\"https:\/\/www.europesays.com\/pt\/wp-content\/uploads\/2025\/10\/whatsapp-image-2025-01-09-at-13.46.03.jpeg\" loading=\"lazy\" height=\"750\" width=\"1000\"\/>  <\/p>\n<p> 55 de 62 <br \/>&#13;Juliette mostra sua nova mans\u00e3o \u2014 Foto: Reprodu\u00e7\u00e3o\/Instagram <\/p>\n<p>      <img decoding=\"async\" id=\"image-id-87009b35-63e2-4e60-9824-2fe3e82a37fb\" class=\"gallery-photo\" alt=\"Campe\u00e3o do 'BBB' 24, Davi Brito disse que comprou seis casas com o pr\u00eamio do programa \u2014 Foto: Reprodu\u00e7\u00e3o\/Instagram\" src=\"https:\/\/www.europesays.com\/pt\/wp-content\/uploads\/2025\/10\/whatsapp-image-2025-01-09-at-14.02.07.jpeg\" loading=\"lazy\" height=\"1250\" width=\"1000\"\/>  <\/p>\n<p> 56 de 62 <br \/>&#13;Campe\u00e3o do &#8216;BBB&#8217; 24, Davi Brito disse que comprou seis casas com o pr\u00eamio do programa \u2014 Foto: Reprodu\u00e7\u00e3o\/Instagram <\/p>\n<p>     Pular    <\/p>\n<p> X de 62 <br \/>Publicidade <\/p>\n<p>      <img decoding=\"async\" id=\"image-id-32a101ce-eed9-4ec0-a3bf-7ec7a569eb29\" class=\"gallery-photo\" alt=\"Davi Brito mostra detalhes de uma de suas casas \u2014 Foto: Reprodu\u00e7\u00e3o\/Instagram\" src=\"https:\/\/www.europesays.com\/pt\/wp-content\/uploads\/2025\/10\/whatsapp-image-2025-01-09-at-14.05.19.jpeg\" loading=\"lazy\" height=\"1600\" width=\"904\"\/>  <\/p>\n<p> 57 de 62 <br \/>&#13;Davi Brito mostra detalhes de uma de suas casas \u2014 Foto: Reprodu\u00e7\u00e3o\/Instagram <\/p>\n<p>      <img decoding=\"async\" id=\"image-id-1fb19b79-bb33-49ab-b19d-6cca713753f7\" class=\"gallery-photo\" alt=\"Davi rito mostra casa que comprou \u2014 Foto: Reprodu\u00e7\u00e3o\/Instagram\" src=\"https:\/\/www.europesays.com\/pt\/wp-content\/uploads\/2025\/10\/whatsapp-image-2025-01-09-at-14.05.31.jpeg\" loading=\"lazy\" height=\"1600\" width=\"910\"\/>  <\/p>\n<p> 58 de 62 <br \/>&#13;Davi rito mostra casa que comprou \u2014 Foto: Reprodu\u00e7\u00e3o\/Instagram <\/p>\n<p>     Pular    <\/p>\n<p> X de 62 <br \/>Publicidade <\/p>\n<p>      <img decoding=\"async\" id=\"image-id-5d28039c-36d9-45fa-a88f-f30301aca1bb\" class=\"gallery-photo\" alt=\"O ex-'BBB' Cezar Black mostra a fachada da sua nova casa \u2014 Foto: Reprodu\u00e7\u00e3o\/Instagram\" src=\"https:\/\/www.europesays.com\/pt\/wp-content\/uploads\/2025\/10\/whatsapp-image-2025-01-09-at-14.22.20.jpeg\" loading=\"lazy\" height=\"1600\" width=\"872\"\/>  <\/p>\n<p> 59 de 62 <br \/>&#13;O ex-&#8216;BBB&#8217; Cezar Black mostra a fachada da sua nova casa \u2014 Foto: Reprodu\u00e7\u00e3o\/Instagram <\/p>\n<p>      <img decoding=\"async\" id=\"image-id-1f1c1324-19d9-4109-92f8-ac679a2d3e0b\" class=\"gallery-photo\" alt=\"Cezar Black mostra o interior de sua casa \u2014 Foto: Reprodu\u00e7\u00e3o\/Instagram\" src=\"https:\/\/www.europesays.com\/pt\/wp-content\/uploads\/2025\/10\/whatsapp-image-2025-01-09-at-14.22.21.jpeg\" loading=\"lazy\" height=\"1600\" width=\"844\"\/>  <\/p>\n<p> 60 de 62 <br \/>&#13;Cezar Black mostra o interior de sua casa \u2014 Foto: Reprodu\u00e7\u00e3o\/Instagram <\/p>\n<p>     Pular    <\/p>\n<p> X de 62 <br \/>Publicidade <\/p>\n<p>      <img decoding=\"async\" id=\"image-id-59ae0add-8fb4-469b-a094-cc384c0327cd\" class=\"gallery-photo\" alt=\"Cezar Black mostra parte de sua casa nas redes sociais \u2014 Foto: Reprodu\u00e7\u00e3o\/Instagram\" src=\"https:\/\/www.europesays.com\/pt\/wp-content\/uploads\/2025\/10\/whatsapp-image-2025-01-09-at-14.22.21-1-.jpeg\" loading=\"lazy\" height=\"1600\" width=\"836\"\/>  <\/p>\n<p> 61 de 62 <br \/>&#13;Cezar Black mostra parte de sua casa nas redes sociais \u2014 Foto: Reprodu\u00e7\u00e3o\/Instagram <\/p>\n<p>      <img decoding=\"async\" id=\"image-id-ce593e28-76a3-4c1f-9963-61e639c5f56c\" class=\"gallery-photo\" alt=\"\u00c1rea externa da nova casa de Cezar Black \u2014 Foto: Reprodu\u00e7\u00e3o\/Instagram\" src=\"https:\/\/www.europesays.com\/pt\/wp-content\/uploads\/2025\/10\/whatsapp-image-2025-01-09-at-14.22.21-2-.jpeg\" loading=\"lazy\" height=\"1600\" width=\"822\"\/>  <\/p>\n<p> 62 de 62 <br \/>&#13;\u00c1rea externa da nova casa de Cezar Black \u2014 Foto: Reprodu\u00e7\u00e3o\/Instagram <\/p>\n<p>     Pular    <\/p>\n<p> X de 62 <br \/>Publicidade <\/p>\n<p>.<\/p>\n<p class=\" content-text__container \" data-track-category=\"Link no Texto\" data-track-links=\"\"> &#8220;Achei que houve um enorme desrespeito \u00e0 minha lideran\u00e7a. Tive que fazer tudo e mais um pouco. N\u00e3o parei durante um minuto. N\u00e3o tive que lutar contra o outro time. Tive que lutar contra meu pr\u00f3prio time&#8221;, afirmou Marina, diante dos colegas. Ao que L\u00e9o rebateu: &#8220;Acho um pouco estranho, porque at\u00e9 onde me lembro, a Marina s\u00f3 fez a massa do bolo. Al\u00e9m de tudo, ela foi totalmente resistente a todas as nossas ideias. Ela definiu tudo&#8221;. <\/p>\n<p class=\" content-text__container \" data-track-category=\"Link no Texto\" data-track-links=\"\"> Antes, outra discuss\u00e3o \u2014 desta vez entre Marina e a chef Helena Rizzo \u2014 chamou aten\u00e7\u00e3o dos espectadores. A competidora discordou do resultado da prova e ironizou a escolha dos jurados, que elegeram os advers\u00e1rios \u00cdtalo, Luiza e Ramiro como os melhores naquela prova. &#8220;N\u00e3o acho justo um bolo todo rachado ganhar porque &#8216;achei gostoso&#8217;. Me poupe&#8221;, criticou Marina. Helena a rebateu: &#8220;Voc\u00ea n\u00e3o acha, Marina? Bem, a gente achou&#8221;. O momento viralizou. <\/p>\n<p class=\" content-text__container \" data-track-category=\"Link no Texto\" data-track-links=\"\"> Ap\u00f3s a repercuss\u00e3o do caso, o Le Cordon Bleu Brasil publicou uma nota oficial esclarecendo que n\u00e3o tem qualquer liga\u00e7\u00e3o com o reality show nem mant\u00e9m, no momento, rela\u00e7\u00e3o profissional com Marina Queiroz. Segundo a institui\u00e7\u00e3o, a competidora trabalhou entre 2021 e 2023 nas \u00e1reas acad\u00eamica e de servi\u00e7os estudantis, sem exercer cargos de doc\u00eancia. A escola tamb\u00e9m frisou n\u00e3o ter participa\u00e7\u00e3o ou influ\u00eancia nas decis\u00f5es do programa. <\/p>\n<p class=\" content-text__container \" data-track-category=\"Link no Texto\" data-track-links=\"\"> Em comunicado divulgado nas redes sociais, o Le Cordon Bleu Brasil reiterou &#8220;seu compromisso com a forma\u00e7\u00e3o de excel\u00eancia, a \u00e9tica profissional e o respeito aos valores que norteiam o ensino da gastronomia&#8221;. A perman\u00eancia de Marina no programa, mesmo em meio a cr\u00edticas dos jurados, n\u00e3o tem influ\u00eancia da institui\u00e7\u00e3o, como refor\u00e7ado por meio de nota. <\/p>\n<p class=\" content-text__container \" data-track-category=\"Link no Texto\" data-track-links=\"\"> Ainda assim, o posicionamento n\u00e3o bastou para cessar as cr\u00edticas. Muitos internautas continuaram a acusar a participante de ter recebido tratamento favorecido, enquanto o eliminado do epis\u00f3dio, Johnlee, passou a ser amplamente apoiado nas redes sociais. <\/p>\n","protected":false},"excerpt":{"rendered":"Uma pol\u00eamica envolvendo o epis\u00f3dio mais recente do &#8220;MasterChef Confeitaria&#8221; \u2014 que foi ao ar na noite da&hellip;\n","protected":false},"author":2,"featured_media":123482,"comment_status":"","ping_status":"","sticky":false,"template":"","format":"standard","meta":{"footnotes":""},"categories":[142],"tags":[1391,114,115,12219,20354,32,33,151],"class_list":{"0":"post-123481","1":"post","2":"type-post","3":"status-publish","4":"format-standard","5":"has-post-thumbnail","7":"category-tv","8":"tag-band","9":"tag-entertainment","10":"tag-entretenimento","11":"tag-henrique-fogaca","12":"tag-masterchef","13":"tag-portugal","14":"tag-pt","15":"tag-tv"},"share_on_mastodon":{"url":"https:\/\/pubeurope.com\/@pt\/115424873305420950","error":""},"_links":{"self":[{"href":"https:\/\/www.europesays.com\/pt\/wp-json\/wp\/v2\/posts\/123481","targetHints":{"allow":["GET"]}}],"collection":[{"href":"https:\/\/www.europesays.com\/pt\/wp-json\/wp\/v2\/posts"}],"about":[{"href":"https:\/\/www.europesays.com\/pt\/wp-json\/wp\/v2\/types\/post"}],"author":[{"embeddable":true,"href":"https:\/\/www.europesays.com\/pt\/wp-json\/wp\/v2\/users\/2"}],"replies":[{"embeddable":true,"href":"https:\/\/www.europesays.com\/pt\/wp-json\/wp\/v2\/comments?post=123481"}],"version-history":[{"count":0,"href":"https:\/\/www.europesays.com\/pt\/wp-json\/wp\/v2\/posts\/123481\/revisions"}],"wp:featuredmedia":[{"embeddable":true,"href":"https:\/\/www.europesays.com\/pt\/wp-json\/wp\/v2\/media\/123482"}],"wp:attachment":[{"href":"https:\/\/www.europesays.com\/pt\/wp-json\/wp\/v2\/media?parent=123481"}],"wp:term":[{"taxonomy":"category","embeddable":true,"href":"https:\/\/www.europesays.com\/pt\/wp-json\/wp\/v2\/categories?post=123481"},{"taxonomy":"post_tag","embeddable":true,"href":"https:\/\/www.europesays.com\/pt\/wp-json\/wp\/v2\/tags?post=123481"}],"curies":[{"name":"wp","href":"https:\/\/api.w.org\/{rel}","templated":true}]}}