{"id":123493,"date":"2025-10-23T18:35:36","date_gmt":"2025-10-23T18:35:36","guid":{"rendered":"https:\/\/www.europesays.com\/pt\/123493\/"},"modified":"2025-10-23T18:35:36","modified_gmt":"2025-10-23T18:35:36","slug":"mais-um-pais-a-debater-sobre-a-proibicao-do-uso-de-redes-sociais-por-adolescentes","status":"publish","type":"post","link":"https:\/\/www.europesays.com\/pt\/123493\/","title":{"rendered":"Mais um pa\u00eds a debater sobre a proibi\u00e7\u00e3o do uso de redes sociais por adolescentes"},"content":{"rendered":"<p>O debate sobre o impacto das redes sociais na vida dos adolescentes tem sido alargado a v\u00e1rios pa\u00edses, com potenciais proibi\u00e7\u00f5es na agenda dos governos. Agora, depois da Austr\u00e1lia, Noruega, Dinamarca e at\u00e9 da Uni\u00e3o Europeia, h\u00e1 outro pa\u00eds a ponderar impedir os adolescentes de acederem \u00e0s plataformas.<\/p>\n<p><a target=\"_blank\" href=\"https:\/\/pplware.sapo.pt\/wp-content\/uploads\/2025\/10\/crianca_rapaz_adolescente_smartphone-2.jpg\" onclick=\"refreshIframe()\" class=\"foobox\" rel=\"nofollow noopener\"><img fetchpriority=\"high\" decoding=\"async\" src=\"https:\/\/www.europesays.com\/pt\/wp-content\/uploads\/2025\/10\/crianca_rapaz_adolescente_smartphone-2-720x405.jpg\" alt=\"Adolescente a usar um smartphone deitado na cama, com auriculares. Possivelmente, a usar redes sociais \" width=\"720\" height=\"405\" class=\"aligncenter wp-image-1082165 size-medium\"  \/><\/a>\n<\/p>\n<p>Um projeto de lei apresentado, em maio, pela deputada Catherine Wedd, do Partido Nacional, que procura restringir o uso das redes sociais por adolescentes, <a target=\"_blank\" href=\"https:\/\/www.reuters.com\/world\/asia-pacific\/new-zealand-parliament-debate-teen-social-media-ban-2025-10-23\/\" rel=\"nofollow noopener\">foi selecionado<\/a>, esta quinta-feira, para ser apresentado ao parlamento.<\/p>\n<p>A legisla\u00e7\u00e3o proposta exigir\u00e1 que as plataformas realizem um processo de verifica\u00e7\u00e3o de idade, semelhante \u00e0 lei australiana de proibi\u00e7\u00e3o do uso de redes sociais por adolescentes, aprovada em 2024, conforme <a target=\"_blank\" href=\"https:\/\/pplware.sapo.pt\/redes_sociais\/australia-proibe-redes-sociais-a-menores-de-16-anos-apos-aprovacao-de-lei-inedita\/\" rel=\"nofollow noopener\">inform\u00e1mos<\/a>.<\/p>\n<p>Embora o projeto de lei tenha recebido apoio dos membros do Partido Nacional, os seus parceiros de coliga\u00e7\u00e3o ainda n\u00e3o confirmaram se ir\u00e3o apoi\u00e1-lo.<\/p>\n<p>Nova Zel\u00e2ndia tem avaliado impacto das redes sociais<\/p>\n<p>O primeiro-ministro da Nova Zel\u00e2ndia, Christopher Luxon, tem levantado preocupa\u00e7\u00f5es sobre os danos \u00e0 sa\u00fade mental causados pelo uso excessivo das redes sociais entre os adolescentes, nomeadamente desinforma\u00e7\u00e3o, bullying e representa\u00e7\u00f5es prejudiciais da imagem corporal, conforme tem sido amplamente apontado.<\/p>\n<p><a target=\"_blank\" href=\"https:\/\/pplware.sapo.pt\/wp-content\/uploads\/2023\/03\/adolescente_smartphone00.jpg\" onclick=\"refreshIframe()\" class=\"foobox\" rel=\"nofollow noopener\"><img loading=\"lazy\" decoding=\"async\" src=\"https:\/\/www.europesays.com\/pt\/wp-content\/uploads\/2025\/10\/adolescente_smartphone00-720x405.jpg\" alt=\"Jovem a usar um telem\u00f3vel. Possivelmente, nas redes sociais\" width=\"720\" height=\"405\" class=\"aligncenter wp-image-912195 size-medium\"  \/><\/a><\/p>\n<p>Neste sentido, uma comiss\u00e3o parlamentar do pa\u00eds tem analisado o impacto dos danos das redes sociais nos jovens e os pap\u00e9is que o governo, as empresas e a sociedade devem desempenhar para lidar com isso.<\/p>\n<p>De acordo com um comunicado da comiss\u00e3o, na semana passada, est\u00e1 previsto um relat\u00f3rio sobre o tema para o in\u00edcio de 2026.<\/p>\n<p>Entretanto, n\u00e3o sendo ainda claro quando o projeto de lei ser\u00e1 apresentado ao parlamento, a organiza\u00e7\u00e3o de liberdades civis PILLAR criticou que ele n\u00e3o proteger\u00e1 as crian\u00e7as online.<\/p>\n<p>Em vez disso, a <a target=\"_blank\" href=\"https:\/\/pplware.sapo.pt\/tag\/proibir-redes-sociais\/\" rel=\"nofollow noopener\">proibi\u00e7\u00e3o das redes sociais<\/a> vai criar s\u00e9rios riscos \u00e0 privacidade e restringir\u00e1 a liberdade online dos neozelandeses: &#8220;Alinhar-se aos esfor\u00e7os internacionais pode parecer respons\u00e1vel, mas \u00e9 uma formula\u00e7\u00e3o de pol\u00edticas pregui\u00e7osa&#8221;, segundo o diretor-executivo da organiza\u00e7\u00e3o, Nathan Seiuli, em comunicado.<\/p>\n<p>\u00a0<\/p>\n","protected":false},"excerpt":{"rendered":"O debate sobre o impacto das redes sociais na vida dos adolescentes tem sido alargado a v\u00e1rios pa\u00edses,&hellip;\n","protected":false},"author":2,"featured_media":123494,"comment_status":"","ping_status":"","sticky":false,"template":"","format":"standard","meta":{"footnotes":""},"categories":[50],"tags":[3273,27,28,15,16,14,25,26,21,22,62,12,13,19,20,3847,23,24,25097,548,954,17,18,29,30,31,63,64,65],"class_list":{"0":"post-123493","1":"post","2":"type-post","3":"status-publish","4":"format-standard","5":"has-post-thumbnail","7":"category-mundo","8":"tag-adolescentes","9":"tag-breaking-news","10":"tag-breakingnews","11":"tag-featured-news","12":"tag-featurednews","13":"tag-headlines","14":"tag-latest-news","15":"tag-latestnews","16":"tag-main-news","17":"tag-mainnews","18":"tag-mundo","19":"tag-news","20":"tag-noticias","21":"tag-noticias-principais","22":"tag-noticiasprincipais","23":"tag-nova-zelandia","24":"tag-principais-noticias","25":"tag-principaisnoticias","26":"tag-proibir-redes-sociais","27":"tag-redes-sociais","28":"tag-smartphones","29":"tag-top-stories","30":"tag-topstories","31":"tag-ultimas","32":"tag-ultimas-noticias","33":"tag-ultimasnoticias","34":"tag-world","35":"tag-world-news","36":"tag-worldnews"},"share_on_mastodon":{"url":"https:\/\/pubeurope.com\/@pt\/115424928302267532","error":""},"_links":{"self":[{"href":"https:\/\/www.europesays.com\/pt\/wp-json\/wp\/v2\/posts\/123493","targetHints":{"allow":["GET"]}}],"collection":[{"href":"https:\/\/www.europesays.com\/pt\/wp-json\/wp\/v2\/posts"}],"about":[{"href":"https:\/\/www.europesays.com\/pt\/wp-json\/wp\/v2\/types\/post"}],"author":[{"embeddable":true,"href":"https:\/\/www.europesays.com\/pt\/wp-json\/wp\/v2\/users\/2"}],"replies":[{"embeddable":true,"href":"https:\/\/www.europesays.com\/pt\/wp-json\/wp\/v2\/comments?post=123493"}],"version-history":[{"count":0,"href":"https:\/\/www.europesays.com\/pt\/wp-json\/wp\/v2\/posts\/123493\/revisions"}],"wp:featuredmedia":[{"embeddable":true,"href":"https:\/\/www.europesays.com\/pt\/wp-json\/wp\/v2\/media\/123494"}],"wp:attachment":[{"href":"https:\/\/www.europesays.com\/pt\/wp-json\/wp\/v2\/media?parent=123493"}],"wp:term":[{"taxonomy":"category","embeddable":true,"href":"https:\/\/www.europesays.com\/pt\/wp-json\/wp\/v2\/categories?post=123493"},{"taxonomy":"post_tag","embeddable":true,"href":"https:\/\/www.europesays.com\/pt\/wp-json\/wp\/v2\/tags?post=123493"}],"curies":[{"name":"wp","href":"https:\/\/api.w.org\/{rel}","templated":true}]}}