{"id":123512,"date":"2025-10-23T18:49:09","date_gmt":"2025-10-23T18:49:09","guid":{"rendered":"https:\/\/www.europesays.com\/pt\/123512\/"},"modified":"2025-10-23T18:49:09","modified_gmt":"2025-10-23T18:49:09","slug":"ha-3-razoes-para-justificar-sera-preocupante","status":"publish","type":"post","link":"https:\/\/www.europesays.com\/pt\/123512\/","title":{"rendered":"h\u00e1 3 raz\u00f5es para justificar&#8230; ser\u00e1 preocupante?"},"content":{"rendered":"<p>O brilho do ouro e da prata est\u00e1 a vacilar. Depois de meses a galgar m\u00e1ximos hist\u00f3ricos, os investidores enfrentam agora uma encruzilhada: manter lucros arriscados ou ceder ao p\u00e2nico. O que desencadeou esta queda s\u00fabita e como reagir antes que a mar\u00e9 mude de vez?<\/p>\n<p><a target=\"_blank\" href=\"https:\/\/pplware.sapo.pt\/wp-content\/uploads\/2025\/10\/ouro_e_prata00.webp\" rel=\"nofollow noopener\"><img fetchpriority=\"high\" decoding=\"async\" src=\"https:\/\/www.europesays.com\/pt\/wp-content\/uploads\/2025\/10\/ouro_e_prata00-720x404.webp.webp\" alt=\"Ilustra\u00e7\u00e3o de ouro e prata\" width=\"720\" height=\"404\" class=\"aligncenter wp-image-1084762 size-medium\"  \/><\/a><\/p>\n<p>O artigo, publicado na <a target=\"_blank\" href=\"https:\/\/qz.com\/why-gold-and-silver-prices-are-falling\" rel=\"nofollow noopener\">QZ<\/a>, oferece uma vis\u00e3o atenta ao mercado destes commodities.<\/p>\n<p>Como vamos perceber, depois de meses de ganhos impressionantes, o mercado dos metais preciosos mostra sinais de vacila\u00e7\u00e3o. O que est\u00e1 a provocar esta revers\u00e3o?<\/p>\n<p>Ouro e a prata perdem f\u00f4lego, mas n\u00e3o significa alarme imediato<\/p>\n<p>Investidores em commodities aproveitaram uma onda de lucros em 2025, com ouro e prata a destacarem-se como ativos de prote\u00e7\u00e3o.<\/p>\n<p>O <strong>ouro subiu cerca de 56% no \u00faltimo ano<\/strong> e 60% no acumulado de 2025, enquanto a prata disparou 62,6% no ano passado e 78,4% este ano. Contudo, na <strong>\u00faltima semana ambos sofreram quedas<\/strong>: ouro caiu 2% e prata 5%, tend\u00eancia que se intensificou at\u00e9 GLD cair 6% e SLV 7,9% num \u00fanico dia.<\/p>\n<p><a target=\"_blank\" href=\"https:\/\/pplware.sapo.pt\/wp-content\/uploads\/2025\/10\/ouro_e_prata01.webp\" rel=\"nofollow noopener\"><img loading=\"lazy\" decoding=\"async\" src=\"https:\/\/www.europesays.com\/pt\/wp-content\/uploads\/2025\/10\/ouro_e_prata01-720x404.webp.webp\" alt=\"\" width=\"720\" height=\"404\" class=\"aligncenter size-medium wp-image-1084763\"  \/><\/a><\/p>\n<p>Segundo Daniela Sabin Hathorn, analista s\u00e9nior da Capital.com, estas quedas refletem apenas um ajustamento natural:<\/p>\n<blockquote>\n<p>O rali em ouro e prata j\u00e1 estava sobreaquecido, pelo que alguma realiza\u00e7\u00e3o de lucros era expect\u00e1vel. Os fundamentos permanecem s\u00f3lidos.<\/p>\n<\/blockquote>\n<p>1. Surpresa de Xangai<\/p>\n<p>O aumento dos requisitos de margem na Bolsa de Xangai provocou uma venda em cadeia, que se espalhou da \u00c1sia para o resto do mundo.<\/p>\n<blockquote>\n<p>A intensidade das corre\u00e7\u00f5es sugere que parte do rali recente foi movido por especula\u00e7\u00e3o.<\/p>\n<\/blockquote>\n<p>Explicou Brett Elliott, diretor da APMEX.<\/p>\n<p>2. Mercado f\u00edsico apertado<\/p>\n<p>A escassez f\u00edsica de prata tem alimentado o rali, mas tamb\u00e9m cria vulnerabilidade. Elliott acrescenta:<\/p>\n<blockquote>\n<p>Um forte recuo com a sa\u00edda de especuladores n\u00e3o \u00e9 surpreendente, mas isso n\u00e3o impede um rali sustentado pela escassez f\u00edsica, como se v\u00ea no platina.<\/p>\n<\/blockquote>\n<p>3. Tens\u00e3o geopol\u00edtica EUA-China<\/p>\n<p>O ouro beneficiou inicialmente de preocupa\u00e7\u00f5es sobre as rela\u00e7\u00f5es entre os EUA e a China, com especula\u00e7\u00f5es de que Pequim poderia redirecionar reservas dos t\u00edtulos do Tesouro norte-americano para o ouro, pressionando taxas de juro e o d\u00f3lar.<\/p>\n<p>Wyatt McDonald, presidente da Coinfully, destaca:<\/p>\n<blockquote>\n<p>O ouro \u00e9 um ativo movido por expectativas. Quando essas s\u00e3o postas em causa, os pre\u00e7os ajustam-se rapidamente.<\/p>\n<\/blockquote>\n<p>Dada a volatilidade atual, McDonald recomenda uma revis\u00e3o da exposi\u00e7\u00e3o a metais preciosos:<\/p>\n<blockquote>\n<p>Se a volatilidade o preocupa, talvez deva reduzir a aloca\u00e7\u00e3o. Se acredita no aumento a longo prazo, a situa\u00e7\u00e3o \u00e9 diferente.<\/p>\n<\/blockquote>\n<p>Conclus\u00e3o&#8230;<\/p>\n<p>O ouro e a prata podem parecer sempre uma aposta segura, mas mesmo os metais preciosos sofrem altos e baixos. As recentes quedas mostram que os pre\u00e7os n\u00e3o sobem indefinidamente e que fatores como especula\u00e7\u00e3o, escassez f\u00edsica e tens\u00f5es internacionais influenciam o mercado.<\/p>\n<p>Segundo a publica\u00e7\u00e3o, para quem investe, \u00e9 importante perceber que ganhos r\u00e1pidos podem ser seguidos de recuos e que a cautela e a diversifica\u00e7\u00e3o continuam a ser essenciais, mesmo com ativos considerados \u201cprotegidos\u201d.<\/p>\n<p>\u00a0<\/p>\n<p>Leia tamb\u00e9m:<\/p>\n","protected":false},"excerpt":{"rendered":"O brilho do ouro e da prata est\u00e1 a vacilar. Depois de meses a galgar m\u00e1ximos hist\u00f3ricos, os&hellip;\n","protected":false},"author":2,"featured_media":123513,"comment_status":"","ping_status":"","sticky":false,"template":"","format":"standard","meta":{"footnotes":""},"categories":[83],"tags":[88,28513,89,90,15644,32,28514,33],"class_list":{"0":"post-123512","1":"post","2":"type-post","3":"status-publish","4":"format-standard","5":"has-post-thumbnail","7":"category-empresas","8":"tag-business","9":"tag-commodities","10":"tag-economy","11":"tag-empresas","12":"tag-ouro","13":"tag-portugal","14":"tag-prata","15":"tag-pt"},"share_on_mastodon":{"url":"https:\/\/pubeurope.com\/@pt\/115424983069857211","error":""},"_links":{"self":[{"href":"https:\/\/www.europesays.com\/pt\/wp-json\/wp\/v2\/posts\/123512","targetHints":{"allow":["GET"]}}],"collection":[{"href":"https:\/\/www.europesays.com\/pt\/wp-json\/wp\/v2\/posts"}],"about":[{"href":"https:\/\/www.europesays.com\/pt\/wp-json\/wp\/v2\/types\/post"}],"author":[{"embeddable":true,"href":"https:\/\/www.europesays.com\/pt\/wp-json\/wp\/v2\/users\/2"}],"replies":[{"embeddable":true,"href":"https:\/\/www.europesays.com\/pt\/wp-json\/wp\/v2\/comments?post=123512"}],"version-history":[{"count":0,"href":"https:\/\/www.europesays.com\/pt\/wp-json\/wp\/v2\/posts\/123512\/revisions"}],"wp:featuredmedia":[{"embeddable":true,"href":"https:\/\/www.europesays.com\/pt\/wp-json\/wp\/v2\/media\/123513"}],"wp:attachment":[{"href":"https:\/\/www.europesays.com\/pt\/wp-json\/wp\/v2\/media?parent=123512"}],"wp:term":[{"taxonomy":"category","embeddable":true,"href":"https:\/\/www.europesays.com\/pt\/wp-json\/wp\/v2\/categories?post=123512"},{"taxonomy":"post_tag","embeddable":true,"href":"https:\/\/www.europesays.com\/pt\/wp-json\/wp\/v2\/tags?post=123512"}],"curies":[{"name":"wp","href":"https:\/\/api.w.org\/{rel}","templated":true}]}}