{"id":123518,"date":"2025-10-23T18:52:09","date_gmt":"2025-10-23T18:52:09","guid":{"rendered":"https:\/\/www.europesays.com\/pt\/123518\/"},"modified":"2025-10-23T18:52:09","modified_gmt":"2025-10-23T18:52:09","slug":"resultado-final-braga-2-0-estrela-vermelha-2-a-parte","status":"publish","type":"post","link":"https:\/\/www.europesays.com\/pt\/123518\/","title":{"rendered":"Resultado final: Braga 2-0 Estrela Vermelha (2.\u00aa parte)"},"content":{"rendered":"\n<p>\n    \ud83d\udd34 Onze do Braga\n  <\/p>\n<p>Hornicek; V\u00edctor G\u00f3mez, Lagerbielke, Arrey-Mbi, Leonardo Lelo; Gorby, Jo\u00e3o Moutinho, Zalazar; Gabri Mart\u00ednez, Fran Navarro, Ricardo Horta<\/p>\n<p> <strong style=\"color:#FFFFFF; font-weight:bold;\">Suplentes<\/strong>\u00a0Tiago S\u00e1, Bellaarouch, El Ouazzani, Gabriel Moscardo, Pau Victor, Dorgeles, Yanis da Rocha, Diego Rodrigues, Nuno Matos, Jo\u00e3o Arag\u00e3o, Fod\u00e9 Pascoal, Sandro Vidigal\n  <\/p>\n<p>\n    \ud83d\udd34 Onze do Estrela Vermelha\n  <\/p>\n<p>Matheus; Seol Young-woo, Tebo, Rodrig\u00e3o, Tiknizyan; Krunic, Tom\u00e1s H\u00e4ndel; Radonjic, Kostov, Ivanic; Arnautovic<\/p>\n<p> <strong style=\"color:#D20000; font-weight:bold;\">Suplentes<\/strong>\u00a0Draskic, Gutesa, Bajo, Milson, Veljkovic, Olayinka, Bruno Duarte, Elsnik, Stankovic, Lekovic, Zaric, Avdic\n  <\/p>\n","protected":false},"excerpt":{"rendered":"\ud83d\udd34 Onze do Braga Hornicek; V\u00edctor G\u00f3mez, Lagerbielke, Arrey-Mbi, Leonardo Lelo; Gorby, Jo\u00e3o Moutinho, Zalazar; Gabri Mart\u00ednez, Fran&hellip;\n","protected":false},"author":2,"featured_media":123519,"comment_status":"","ping_status":"","sticky":false,"template":"","format":"standard","meta":{"footnotes":""},"categories":[8],"tags":[609,2693,611,2694,51,27,28,6332,1230,2687,607,608,135,610,15,16,524,14,6331,2044,2688,25,26,36,28516,570,21,22,1830,12,13,19,20,462,32,23,24,33,28518,669,136,28517,4338,34,2349,17,18,29,30,31],"class_list":{"0":"post-123518","1":"post","2":"type-post","3":"status-publish","4":"format-standard","5":"has-post-thumbnail","7":"category-principais-noticias","8":"tag-alerta","9":"tag-andebol","10":"tag-ao-minuto","11":"tag-basquetebol","12":"tag-benfica","13":"tag-breaking-news","14":"tag-breakingnews","15":"tag-campeonato","16":"tag-champions-league","17":"tag-classificacao","18":"tag-cnn","19":"tag-cnn-portugal","20":"tag-desporto","21":"tag-direto","22":"tag-featured-news","23":"tag-featurednews","24":"tag-futebol","25":"tag-headlines","26":"tag-hoquei","27":"tag-jogos","28":"tag-jornada","29":"tag-latest-news","30":"tag-latestnews","31":"tag-liga","32":"tag-liga-europa-europa-league","33":"tag-live","34":"tag-main-news","35":"tag-mainnews","36":"tag-modalidades","37":"tag-news","38":"tag-noticias","39":"tag-noticias-principais","40":"tag-noticiasprincipais","41":"tag-porto","42":"tag-portugal","43":"tag-principais-noticias","44":"tag-principaisnoticias","45":"tag-pt","46":"tag-red-star","47":"tag-ronaldo","48":"tag-sc-braga","49":"tag-sc-braga-estrela-vermelha","50":"tag-selecao","51":"tag-sporting","52":"tag-tenis","53":"tag-top-stories","54":"tag-topstories","55":"tag-ultimas","56":"tag-ultimas-noticias","57":"tag-ultimasnoticias"},"share_on_mastodon":{"url":"","error":"Validation failed: Text character limit of 500 exceeded"},"_links":{"self":[{"href":"https:\/\/www.europesays.com\/pt\/wp-json\/wp\/v2\/posts\/123518","targetHints":{"allow":["GET"]}}],"collection":[{"href":"https:\/\/www.europesays.com\/pt\/wp-json\/wp\/v2\/posts"}],"about":[{"href":"https:\/\/www.europesays.com\/pt\/wp-json\/wp\/v2\/types\/post"}],"author":[{"embeddable":true,"href":"https:\/\/www.europesays.com\/pt\/wp-json\/wp\/v2\/users\/2"}],"replies":[{"embeddable":true,"href":"https:\/\/www.europesays.com\/pt\/wp-json\/wp\/v2\/comments?post=123518"}],"version-history":[{"count":0,"href":"https:\/\/www.europesays.com\/pt\/wp-json\/wp\/v2\/posts\/123518\/revisions"}],"wp:featuredmedia":[{"embeddable":true,"href":"https:\/\/www.europesays.com\/pt\/wp-json\/wp\/v2\/media\/123519"}],"wp:attachment":[{"href":"https:\/\/www.europesays.com\/pt\/wp-json\/wp\/v2\/media?parent=123518"}],"wp:term":[{"taxonomy":"category","embeddable":true,"href":"https:\/\/www.europesays.com\/pt\/wp-json\/wp\/v2\/categories?post=123518"},{"taxonomy":"post_tag","embeddable":true,"href":"https:\/\/www.europesays.com\/pt\/wp-json\/wp\/v2\/tags?post=123518"}],"curies":[{"name":"wp","href":"https:\/\/api.w.org\/{rel}","templated":true}]}}