{"id":123522,"date":"2025-10-23T18:55:25","date_gmt":"2025-10-23T18:55:25","guid":{"rendered":"https:\/\/www.europesays.com\/pt\/123522\/"},"modified":"2025-10-23T18:55:25","modified_gmt":"2025-10-23T18:55:25","slug":"nova-aventura-na-lusitania-celebra-cultura-portuguesa","status":"publish","type":"post","link":"https:\/\/www.europesays.com\/pt\/123522\/","title":{"rendered":"Nova Aventura na Lusit\u00e2nia Celebra Cultura Portuguesa"},"content":{"rendered":"<p>A nova banda desenhada de Ast\u00e9rix e Ob\u00e9lix, intitulada Ast\u00e9rix na Lusit\u00e2nia, publicada mundialmente esta quinta-feira, 23 de outubro, pretende ser uma homenagem \u00e0 cultura lusitana e dar a conhecer a hist\u00f3ria de Portugal, segundo os autores Fabcaro e Didier Conrad.<\/p>\n<p><strong>\u201c\u00c9 uma homenagem \u00e0 cultura lusitana, \u00e0 saudade. N\u00f3s fomos a Portugal, vimos concertos de fado e foi maravilhoso. Quando fazemos um \u00e1lbum de viagem a um pa\u00eds que existe realmente, n\u00f3s queremos que o pa\u00eds goste\u201d,<\/strong> disse \u00e0 Lusa o argumentista Fabcaro, nome art\u00edstico de Fabrice Caro, numa entrevista nas instala\u00e7\u00f5es da \u00c9ditions Albert Ren\u00e9.<\/p>\n<p>Durante uma das tr\u00eas visitas ao pa\u00eds, Fabcaro, que j\u00e1 tinha escrito \u201cAst\u00e9rix &#8211; O L\u00edrio Branco\u201d (2023), teve a ideia de levar os dois gauleses para Portugal pela primeira vez para dar a conhecer \u201cum pouco da cultura lusitana\u201d e da hist\u00f3ria de Portugal aos leitores, ap\u00f3s visitarem mais de 15 pa\u00edses acompanhados do seu fiel companheiro de quatro patas, Ideiafix.<\/p>\n<p><strong>\u201cEu queria um \u00e1lbum ao lado do mar, num pa\u00eds do Sul, com \u00e1gua, sol, luz bonita, fachadas coloridas. Um \u00e1lbum que me desse vontade de ir de f\u00e9rias, ent\u00e3o Portugal foi perfeito\u201d<\/strong>, acrescentou.<\/p>\n<p>Apesar de n\u00e3o terem muitos conhecimentos sobre Portugal na \u00e9poca romana, foi atrav\u00e9s da pesquisa &#8211; que incluiu conhecer \u201ca hist\u00f3ria de Viriato\u201d e a produ\u00e7\u00e3o de garum (molho popular na Roma Antiga, feito a partir da fermenta\u00e7\u00e3o de peixes e sal) &#8211; que surgiu a hist\u00f3ria para a nova aventura da dupla de gauleses mergulhada num sentimento de saudade, s\u00edmbolo da identidade portuguesa.<\/p>\n","protected":false},"excerpt":{"rendered":"A nova banda desenhada de Ast\u00e9rix e Ob\u00e9lix, intitulada Ast\u00e9rix na Lusit\u00e2nia, publicada mundialmente esta quinta-feira, 23 de&hellip;\n","protected":false},"author":2,"featured_media":123523,"comment_status":"","ping_status":"","sticky":false,"template":"","format":"standard","meta":{"footnotes":""},"categories":[143],"tags":[26027,28519,169,114,115,170,32,33],"class_list":{"0":"post-123522","1":"post","2":"type-post","3":"status-publish","4":"format-standard","5":"has-post-thumbnail","7":"category-livros","8":"tag-asterix","9":"tag-bd","10":"tag-books","11":"tag-entertainment","12":"tag-entretenimento","13":"tag-livros","14":"tag-portugal","15":"tag-pt"},"share_on_mastodon":{"url":"https:\/\/pubeurope.com\/@pt\/115425006337081314","error":""},"_links":{"self":[{"href":"https:\/\/www.europesays.com\/pt\/wp-json\/wp\/v2\/posts\/123522","targetHints":{"allow":["GET"]}}],"collection":[{"href":"https:\/\/www.europesays.com\/pt\/wp-json\/wp\/v2\/posts"}],"about":[{"href":"https:\/\/www.europesays.com\/pt\/wp-json\/wp\/v2\/types\/post"}],"author":[{"embeddable":true,"href":"https:\/\/www.europesays.com\/pt\/wp-json\/wp\/v2\/users\/2"}],"replies":[{"embeddable":true,"href":"https:\/\/www.europesays.com\/pt\/wp-json\/wp\/v2\/comments?post=123522"}],"version-history":[{"count":0,"href":"https:\/\/www.europesays.com\/pt\/wp-json\/wp\/v2\/posts\/123522\/revisions"}],"wp:featuredmedia":[{"embeddable":true,"href":"https:\/\/www.europesays.com\/pt\/wp-json\/wp\/v2\/media\/123523"}],"wp:attachment":[{"href":"https:\/\/www.europesays.com\/pt\/wp-json\/wp\/v2\/media?parent=123522"}],"wp:term":[{"taxonomy":"category","embeddable":true,"href":"https:\/\/www.europesays.com\/pt\/wp-json\/wp\/v2\/categories?post=123522"},{"taxonomy":"post_tag","embeddable":true,"href":"https:\/\/www.europesays.com\/pt\/wp-json\/wp\/v2\/tags?post=123522"}],"curies":[{"name":"wp","href":"https:\/\/api.w.org\/{rel}","templated":true}]}}