{"id":123524,"date":"2025-10-23T18:56:10","date_gmt":"2025-10-23T18:56:10","guid":{"rendered":"https:\/\/www.europesays.com\/pt\/123524\/"},"modified":"2025-10-23T18:56:10","modified_gmt":"2025-10-23T18:56:10","slug":"secret-story-apos-rumores-familia-de-dylan-deixa-garantia-que-envolve-votacoes","status":"publish","type":"post","link":"https:\/\/www.europesays.com\/pt\/123524\/","title":{"rendered":"&#8220;Secret Story&#8221;: ap\u00f3s rumores, fam\u00edlia de Dylan deixa garantia&#8230; que envolve vota\u00e7\u00f5es!"},"content":{"rendered":"<p>Nos \u00faltimos dias, intensificaram-se os rumores de que a fam\u00edlia de Dylan Fonte poderia estar a participar ativamente nas vota\u00e7\u00f5es da nona edi\u00e7\u00e3o de &#8220;Secret Story &#8211; Casa dos Segredos&#8221;, para garantir a continuidade do concorrente no reality show da <a href=\"https:\/\/tvi.iol.pt\/\" target=\"_blank\" rel=\"nofollow noopener\">TVI<\/a>\u00a0(o que, importa deixar claro, n\u00e3o vai contra o regulamento do programa). Contudo, tal n\u00e3o corresponde \u00e0 verdade, assegura a equipa do jovem.<\/p>\n<p>&#8220;Nunca a m\u00e3e do Dylan se pronunciou relativamente a vota\u00e7\u00f5es ou deu uma entrevista a proferir &#8216;Ningu\u00e9m vai conseguir expulsar o meu filho, porque, em vota\u00e7\u00f5es, n\u00e3o v\u00e3o conseguir igualar'&#8221;, esclareceram os representantes de <a href=\"https:\/\/selfie.iol.pt\/famosos\/casa-dos-segredos-9\/loucura-fora-de-secret-story-cantor-lanca-tema-sobre-agressao-de-vera-a-dylan-e-ja-e-viral\/20251022\/68f8aa8dd34ee0c2fed188c8\" target=\"_blank\" rel=\"nofollow noopener\">Dylan Fonte<\/a>, esta quinta-feira, dia 23, numa mensagem publicada no Instagram.<\/p>\n<p>De resto, na mesma partilha, foi deixada uma garantia: &#8220;A fam\u00edlia, de forma alguma, ir\u00e1 tentar manipular as vota\u00e7\u00f5es. O Dylan ir\u00e1 at\u00e9 onde os apoiantes o levarem. A fam\u00edlia apoia, mas n\u00e3o dessa forma.&#8221;<\/p>\n<p>Recorde-se que &#8220;Os meus pais s\u00e3o milion\u00e1rios&#8221; \u00e9 o enigma que <a href=\"https:\/\/selfie.iol.pt\/famosos\/casa-dos-segredos\/gesto-de-dylan-contra-leandro-revolta-finalista-do-big-brother-so-sinto-mesmo-vergonha-alheia\/20251022\/68f8e811d34e58bc67972f43\" target=\"_blank\" rel=\"nofollow noopener\">Dylan Fonte<\/a> esconde dos demais participantes de &#8220;<a href=\"https:\/\/tvi.iol.pt\/secretstory\/\" target=\"_blank\" rel=\"nofollow noopener\">Secret Story<\/a> &#8211; Casa dos Segredos&#8221;.<\/p>\n<p>Veja, agora, na galeria que prepar\u00e1mos para si, as melhores imagens do morador da casa mais vigiada do Pa\u00eds.<\/p>\n<p style=\"text-align:center\"><img loading=\"lazy\" decoding=\"async\" alt=\"\" height=\"889\" src=\"https:\/\/www.europesays.com\/pt\/wp-content\/uploads\/2025\/10\/68fa5727d34e58bc67973ca7.webp\" width=\"500\"\/><\/p>\n<p>\u00a0<\/p>\n","protected":false},"excerpt":{"rendered":"Nos \u00faltimos dias, intensificaram-se os rumores de que a fam\u00edlia de Dylan Fonte poderia estar a participar ativamente&hellip;\n","protected":false},"author":2,"featured_media":123525,"comment_status":"","ping_status":"","sticky":false,"template":"","format":"standard","meta":{"footnotes":""},"categories":[142],"tags":[2632,13471,6338,19105,21040,114,115,980,1015,8204,619,32,33,1014,28520,1315,6985,16687,16686,1012,6986,16688,151,162],"class_list":{"0":"post-123524","1":"post","2":"type-post","3":"status-publish","4":"format-standard","5":"has-post-thumbnail","7":"category-tv","8":"tag-casa-dos-segredos","9":"tag-casa-dos-segredos-9","10":"tag-concorrente","11":"tag-dylan","12":"tag-dylan-fonte","13":"tag-entertainment","14":"tag-entretenimento","15":"tag-famosos","16":"tag-instagram","17":"tag-mae","18":"tag-nacional","19":"tag-portugal","20":"tag-pt","21":"tag-reality-show","22":"tag-rosa-araujo","23":"tag-secret-story","24":"tag-secret-story-casa-dos-segredos","25":"tag-secret-story-casa-dos-segredos-9","26":"tag-secret-story-9","27":"tag-selfie","28":"tag-ss","29":"tag-ss9","30":"tag-tv","31":"tag-tvi"},"share_on_mastodon":{"url":"https:\/\/pubeurope.com\/@pt\/115425010304734084","error":""},"_links":{"self":[{"href":"https:\/\/www.europesays.com\/pt\/wp-json\/wp\/v2\/posts\/123524","targetHints":{"allow":["GET"]}}],"collection":[{"href":"https:\/\/www.europesays.com\/pt\/wp-json\/wp\/v2\/posts"}],"about":[{"href":"https:\/\/www.europesays.com\/pt\/wp-json\/wp\/v2\/types\/post"}],"author":[{"embeddable":true,"href":"https:\/\/www.europesays.com\/pt\/wp-json\/wp\/v2\/users\/2"}],"replies":[{"embeddable":true,"href":"https:\/\/www.europesays.com\/pt\/wp-json\/wp\/v2\/comments?post=123524"}],"version-history":[{"count":0,"href":"https:\/\/www.europesays.com\/pt\/wp-json\/wp\/v2\/posts\/123524\/revisions"}],"wp:featuredmedia":[{"embeddable":true,"href":"https:\/\/www.europesays.com\/pt\/wp-json\/wp\/v2\/media\/123525"}],"wp:attachment":[{"href":"https:\/\/www.europesays.com\/pt\/wp-json\/wp\/v2\/media?parent=123524"}],"wp:term":[{"taxonomy":"category","embeddable":true,"href":"https:\/\/www.europesays.com\/pt\/wp-json\/wp\/v2\/categories?post=123524"},{"taxonomy":"post_tag","embeddable":true,"href":"https:\/\/www.europesays.com\/pt\/wp-json\/wp\/v2\/tags?post=123524"}],"curies":[{"name":"wp","href":"https:\/\/api.w.org\/{rel}","templated":true}]}}