{"id":12354,"date":"2025-08-02T01:31:07","date_gmt":"2025-08-02T01:31:07","guid":{"rendered":"https:\/\/www.europesays.com\/pt\/12354\/"},"modified":"2025-08-02T01:31:07","modified_gmt":"2025-08-02T01:31:07","slug":"chappell-roan-lanca-musica-e-agita-as-redes-clipe-do-milenio-diversao","status":"publish","type":"post","link":"https:\/\/www.europesays.com\/pt\/12354\/","title":{"rendered":"Chappell Roan lan\u00e7a m\u00fasica e agita as redes: &#8216;Clipe do mil\u00eanio&#8217; | Divers\u00e3o"},"content":{"rendered":"<p>                                        Chappell Roan lan\u00e7a \u2019The Subway\u2019 e deixa f\u00e3s euf\u00f3ricos &#8211; Reprodu\u00e7\u00e3o \/ YouTube<\/p>\n<p class=\"content-media__description\">Chappell Roan lan\u00e7a \u2019The Subway\u2019 e deixa f\u00e3s euf\u00f3ricosReprodu\u00e7\u00e3o \/ YouTube<\/p>\n<p>                            Publicado 01\/08\/2025 14:29\n                    <\/p>\n<p>Rio &#8211; A cantora Chappell Roan deixou os f\u00e3s euf\u00f3ricos ao lan\u00e7ar sua nova m\u00fasica, &#8220;The Subway&#8221;, nesta sexta-feira (1\u00ba). A can\u00e7\u00e3o, que divulgada junto com um videoclipe, movimentou as redes sociais. No X, antigo Twitter, o nome da artista figurou entre os assuntos mais comentados, j\u00e1 que seus admiradores ficaram animados com a produ\u00e7\u00e3o. A faixa est\u00e1 dispon\u00edvel nos principais streamings de \u00e1udio.<\/p>\n<p>O clipe da m\u00fasica, que em portugu\u00eas tem como t\u00edtulo &#8220;O Metr\u00f4&#8221;, se passa em Nova York e, na maior parte do tempo, no transporte que d\u00e1 nome \u00e0 can\u00e7\u00e3o. No v\u00eddeo, Chappell explora a cidade enquanto usa uma variedade de perucas muito longas e persegue algu\u00e9m com cabelos verdes que cobrem todo o corpo. Desiludida, ela surge com as madeixas curtas no fim da produ\u00e7\u00e3o.<\/p>\n<p>A artista explicou que comp\u00f4s a m\u00fasica &#8220;enquanto cambaleava por Nova York com o cora\u00e7\u00e3o partido e ficava nos imaginando em cada rua, escada de inc\u00eandio, cafeteria, parque e, sim&#8230; no metr\u00f4&#8221;, disse ela em comunicado enviado \u00e0 imprensa americana.<\/p>\n<p>Os f\u00e3s da cantora celebraram o lan\u00e7amento e encheram as redes sociais de publica\u00e7\u00f5es sobre a nova m\u00fasica e seu videoclipe. &#8220;Chappell Roan, o que foi isso? &#8216;The Subway&#8217;: clipe do mil\u00eanio&#8221;, publicou um perfil. &#8220;O conceito de meter a tesoura no cabelo ap\u00f3s um t\u00e9rmino que te destr\u00f3i. Ela \u00e9 apenas uma garota!&#8221;, disse outro. &#8220;Ela \u00e9 a artista mais interessante de acompanhar nessa nova gera\u00e7\u00e3o. Sinto muito quem n\u00e3o consegue apreciar a genialidade da Chappell Roan&#8221;, afirmou um terceiro.<\/p>\n","protected":false},"excerpt":{"rendered":"Chappell Roan lan\u00e7a \u2019The Subway\u2019 e deixa f\u00e3s euf\u00f3ricos &#8211; Reprodu\u00e7\u00e3o \/ YouTube Chappell Roan lan\u00e7a \u2019The Subway\u2019&hellip;\n","protected":false},"author":2,"featured_media":12355,"comment_status":"","ping_status":"","sticky":false,"template":"","format":"standard","meta":{"footnotes":""},"categories":[141],"tags":[1268,1469,114,115,149,150,32,33,5205],"class_list":{"0":"post-12354","1":"post","2":"type-post","3":"status-publish","4":"format-standard","5":"has-post-thumbnail","7":"category-musica","8":"tag-chappell-roan","9":"tag-clipe","10":"tag-entertainment","11":"tag-entretenimento","12":"tag-music","13":"tag-musica","14":"tag-portugal","15":"tag-pt","16":"tag-the-subway"},"share_on_mastodon":{"url":"","error":""},"_links":{"self":[{"href":"https:\/\/www.europesays.com\/pt\/wp-json\/wp\/v2\/posts\/12354","targetHints":{"allow":["GET"]}}],"collection":[{"href":"https:\/\/www.europesays.com\/pt\/wp-json\/wp\/v2\/posts"}],"about":[{"href":"https:\/\/www.europesays.com\/pt\/wp-json\/wp\/v2\/types\/post"}],"author":[{"embeddable":true,"href":"https:\/\/www.europesays.com\/pt\/wp-json\/wp\/v2\/users\/2"}],"replies":[{"embeddable":true,"href":"https:\/\/www.europesays.com\/pt\/wp-json\/wp\/v2\/comments?post=12354"}],"version-history":[{"count":0,"href":"https:\/\/www.europesays.com\/pt\/wp-json\/wp\/v2\/posts\/12354\/revisions"}],"wp:featuredmedia":[{"embeddable":true,"href":"https:\/\/www.europesays.com\/pt\/wp-json\/wp\/v2\/media\/12355"}],"wp:attachment":[{"href":"https:\/\/www.europesays.com\/pt\/wp-json\/wp\/v2\/media?parent=12354"}],"wp:term":[{"taxonomy":"category","embeddable":true,"href":"https:\/\/www.europesays.com\/pt\/wp-json\/wp\/v2\/categories?post=12354"},{"taxonomy":"post_tag","embeddable":true,"href":"https:\/\/www.europesays.com\/pt\/wp-json\/wp\/v2\/tags?post=12354"}],"curies":[{"name":"wp","href":"https:\/\/api.w.org\/{rel}","templated":true}]}}