{"id":123542,"date":"2025-10-23T19:13:16","date_gmt":"2025-10-23T19:13:16","guid":{"rendered":"https:\/\/www.europesays.com\/pt\/123542\/"},"modified":"2025-10-23T19:13:16","modified_gmt":"2025-10-23T19:13:16","slug":"video-de-30-segundos-mostra-fuga-de-ladroes-do-louvre-observador","status":"publish","type":"post","link":"https:\/\/www.europesays.com\/pt\/123542\/","title":{"rendered":"V\u00eddeo de 30 segundos mostra fuga de ladr\u00f5es do Louvre \u2013 Observador"},"content":{"rendered":"<p>As imagens parecem pr\u00f3prias de um filme. Um novo v\u00eddeo, com pouco mais de trinta segundos, parece mostrar o momento em que os assaltantes que levaram joias do Louvre no valor de 88 milh\u00f5es de euros conseguem<strong> fugir do museu,<\/strong> usando um elevador de carga. As autoridades j\u00e1 est\u00e3o a <strong>analisar a grava\u00e7\u00e3o<\/strong> que aparentemente mostra como, em breves momentos, os ladr\u00f5es conseguiram sair do museu e partir em duas motas el\u00e9tricas.<\/p>\n<p>O novo v\u00eddeo, que come\u00e7ou a circular nas redes sociais e, <a href=\"https:\/\/www.nbcnews.com\/world\/europe\/louvre-heist-police-probe-new-video-showing-jewel-thieves-escaping-rcna239299\" rel=\"nofollow noopener\" target=\"_blank\">segundo a NBC News<\/a> \u2014 que falou com as autoridades parisienses \u2013, j\u00e1 est\u00e1 a ser analisado como pista, mostra como dois assaltantes descem de uma das janelas do museu, usando o elevador, enquanto soam alarmes e uma voz avisa, em franc\u00eas: \u201cOs indiv\u00edduos t\u00eam scooters. <strong>Eles v\u00e3o fugir, eles v\u00e3o fugir\u201d<\/strong>.<\/p>\n<blockquote class=\"twitter-tweet\" data-width=\"500\" data-dnt=\"true\">\n<p lang=\"en\" dir=\"ltr\">New footage appears from the movie style Louvre heist  <\/p>\n<p>The suspects still haven&#8217;t been caught  <\/p>\n<p> <a href=\"https:\/\/twitter.com\/hashtag\/Louvre?src=hash&amp;ref_src=twsrc%5Etfw\" rel=\"nofollow noopener\" target=\"_blank\">#Louvre<\/a> <a href=\"https:\/\/twitter.com\/hashtag\/Louvrerobbery?src=hash&amp;ref_src=twsrc%5Etfw\" rel=\"nofollow noopener\" target=\"_blank\">#Louvrerobbery<\/a> <a href=\"https:\/\/twitter.com\/hashtag\/Louvreheist?src=hash&amp;ref_src=twsrc%5Etfw\" rel=\"nofollow noopener\" target=\"_blank\">#Louvreheist<\/a> <a href=\"https:\/\/twitter.com\/hashtag\/Louvrerobbed?src=hash&amp;ref_src=twsrc%5Etfw\" rel=\"nofollow noopener\" target=\"_blank\">#Louvrerobbed<\/a> <a href=\"https:\/\/twitter.com\/hashtag\/Louvretheft?src=hash&amp;ref_src=twsrc%5Etfw\" rel=\"nofollow noopener\" target=\"_blank\">#Louvretheft<\/a> <a href=\"https:\/\/twitter.com\/hashtag\/Louvrerobbers?src=hash&amp;ref_src=twsrc%5Etfw\" rel=\"nofollow noopener\" target=\"_blank\">#Louvrerobbers<\/a> <a href=\"https:\/\/twitter.com\/hashtag\/louvrerobbed?src=hash&amp;ref_src=twsrc%5Etfw\" rel=\"nofollow noopener\" target=\"_blank\">#louvrerobbed<\/a><a href=\"https:\/\/t.co\/9USXdgGE7R\" rel=\"nofollow\">pic.twitter.com\/9USXdgGE7R<\/a><\/p>\n<p>\u2014 On the side (@Onthesidemedia) <a href=\"https:\/\/twitter.com\/Onthesidemedia\/status\/1981386676883571047?ref_src=twsrc%5Etfw\" rel=\"nofollow noopener\" target=\"_blank\">October 23, 2025<\/a><\/p>\n<\/blockquote>\n<p>\u00c9 isso mesmo que fazem quando chegam ao ch\u00e3o: pegar nas motas el\u00e9tricas e fugir, tudo enquanto quem grava solta alguns palavr\u00f5es em franc\u00eas. <strong>\u201cForam-se embora\u201d,<\/strong> avisa a mesma voz.<\/p>\n<p>As autoridades parisienses confirmaram tamb\u00e9m esta quinta-feira que foram encontrados <strong>vest\u00edgios de ADN<\/strong> num capacete e numas luvas, estando ainda por confirmar se pertencer\u00e3o aos respons\u00e1veis pelo roubo.<\/p>\n<p>O Museu do Louvre tinha acabado de abrir quando, pelas 9h30 deste domingo, <a href=\"https:\/\/observador.pt\/2025\/10\/19\/assalto-fecha-museu-do-louvre-em-paris\/\" rel=\"nofollow noopener\" target=\"_blank\">soou o alerta<\/a>: um grupo de assaltantes entrou no espa\u00e7o, roubou <strong>oito joias valiosas \u2014 avaliadas em 88 milh\u00f5es de euros<\/strong> \u2014 da cole\u00e7\u00e3o da \u00faltima imperatriz francesa, mulher de Napole\u00e3o III, e conseguiu escapar, de scooter, do museu mais movimentado do mundo \u2014 que foi, entretanto, encerrado. <strong>Reabriu<\/strong> esta quarta-feira de manh\u00e3.<\/p>\n<p>Os assaltantes levaram uma tiara, um colar de safiras e um par de brincos safiras de um conjunto que pertencia \u00e0s rainhas Maria Am\u00e9lia e Hort\u00eansia. Ainda um conjunto de colar e par de brincos de esmeraldas de Maria Lu\u00edsa e um broche conhecido como \u201cbroche relic\u00e1rio\u201d, uma tiara da Imperatriz Eug\u00e9nia e um grande la\u00e7o de corpete (broche) da mesma imperatriz.<\/p>\n<p>Segundo o que j\u00e1 se conhece da investiga\u00e7\u00e3o, o grupo de ladr\u00f5es ter\u00e1 entrado para o primeiro piso utilizando tamb\u00e9m um elevador de carga para a Galeria Apollo, fazendo-se passar por <strong>trabalhadores das obras<\/strong> que estavam a decorrer nessa parte do edif\u00edcio. Dois homens entraram no edif\u00edcio com coletes amarelos, enquanto outros dois esperavam, cada um numa mota. Em <strong>sete minutos,<\/strong> o assalto estava feito. Agora, o novo v\u00eddeo parece completar o puzzle e mostrar o momento em que fogem, enquanto os alarmes do museu disparam.<\/p>\n<p><strong>[A 14 de janeiro de 1986 um acontecimento muda o rumo da campanha das presidenciais: a inesperada agress\u00e3o a Soares na Marinha Grande. Nas urnas, o socialista e Zenha lutam por um lugar na segunda volta frente a Freitas.\u00a0<\/strong><strong>A\u00a0<a href=\"https:\/\/observador.pt\/programas\/a-eleio-mais-louca-de-sempre\/episodio-4-portugal-nao-e-moscovo\/\" rel=\"nofollow noopener\" target=\"_blank\">\u201cElei\u00e7\u00e3o Mais Louca de Sempre\u201d<\/a>\u00a0\u00e9 o novo Podcast Plus do Observador sobre as Presidenciais de 1986. Uma s\u00e9rie narrada pelo ator Gon\u00e7alo Waddington, com banda sonora original de Samuel \u00daria. Pode ouvir\u00a0<a href=\"https:\/\/observador.pt\/programas\/a-eleio-mais-louca-de-sempre\/episodio-4-portugal-nao-e-moscovo\/\" rel=\"nofollow noopener\" target=\"_blank\">aqui<\/a>, no\u00a0Observador, e tamb\u00e9m na\u00a0<a href=\"https:\/\/podcasts.apple.com\/pt\/podcast\/epis%C3%B3dio-4-portugal-n%C3%A3o-%C3%A9-moscovo\/id1841273464?i=1000732704045\" rel=\"nofollow noopener\" target=\"_blank\">Apple Podcasts<\/a>, no\u00a0<a href=\"https:\/\/open.spotify.com\/episode\/2SQPr5qiggrruRId3AGmaa?si=4da7e55fbfa04153\" rel=\"nofollow noopener\" target=\"_blank\">Spotify<\/a>\u00a0e no\u00a0<a href=\"https:\/\/music.youtube.com\/watch?v=lwRI8iL_ZKI&amp;si=LeJjFBTc0_lsQ8FS\" rel=\"nofollow noopener\" target=\"_blank\">Youtube Music<\/a>. E pode ouvir o primeiro epis\u00f3dio\u00a0<a href=\"https:\/\/observador.pt\/programas\/a-eleio-mais-louca-de-sempre\/estreia-a-eleicao-mais-louca-de-sempre-episodio-1-apostamos-no-cavalo-errado\/\" rel=\"nofollow noopener\" target=\"_blank\">aqui<\/a>, o segundo\u00a0<a href=\"https:\/\/observador.pt\/programas\/a-eleio-mais-louca-de-sempre\/episodio-2-uma-traicao-inesperada\/\" rel=\"nofollow noopener\" target=\"_blank\">aqui<\/a>\u00a0e o terceiro\u00a0<a href=\"https:\/\/observador.pt\/programas\/a-eleio-mais-louca-de-sempre\/episodio-3-ele-nao-e-meu-irmao\/\" rel=\"nofollow noopener\" target=\"_blank\">aqui<\/a>.]<\/strong><\/p>\n<p><a href=\"https:\/\/observador.pt\/programas\/a-eleio-mais-louca-de-sempre\/episodio-4-portugal-nao-e-moscovo\/\" rel=\"nofollow noopener\" target=\"_blank\"><\/p>\n<p>        <img src=\"https:\/\/www.europesays.com\/pt\/wp-content\/uploads\/2025\/10\/770-a-eleicao-mais-louca-de-sempre-playicon.png\" alt=\"\" loading=\"lazy\" decoding=\"async\" class=\"alignnone\" onload=\"this.parentElement.classList.remove('spinner')\" onerror=\"this.parentElement.classList.remove('spinner')\" width=\"770\" height=\"433\"\/>    <\/p>\n<p><\/a><\/p>\n<p>                    <strong>Tem um minuto?<\/strong><br \/>O Observador est\u00e1 a realizar junto dos seus leitores um curto estudo de apenas quatro perguntas. <a href=\"https:\/\/observador.typeform.com\/to\/DnJJ0FZQ\" target=\"_blank\" style=\"text-decoration: underline; color:#262626;\" rel=\"nofollow noopener\">Responda aqui<\/a>.<\/p>\n<p>            <script async src=\"https:\/\/platform.twitter.com\/widgets.js\" charset=\"utf-8\"><\/script><\/p>\n","protected":false},"excerpt":{"rendered":"As imagens parecem pr\u00f3prias de um filme. Um novo v\u00eddeo, com pouco mais de trinta segundos, parece mostrar&hellip;\n","protected":false},"author":2,"featured_media":123543,"comment_status":"","ping_status":"","sticky":false,"template":"","format":"standard","meta":{"footnotes":""},"categories":[144],"tags":[207,205,206,203,201,202,604,315,204,114,115,17544,32,33,58],"class_list":{"0":"post-123542","1":"post","2":"type-post","3":"status-publish","4":"format-standard","5":"has-post-thumbnail","7":"category-arte-e-design","8":"tag-arte","9":"tag-arte-e-design","10":"tag-artedesign","11":"tag-arts","12":"tag-arts-and-design","13":"tag-artsanddesign","14":"tag-crime","15":"tag-cultura","16":"tag-design","17":"tag-entertainment","18":"tag-entretenimento","19":"tag-museus","20":"tag-portugal","21":"tag-pt","22":"tag-sociedade"},"share_on_mastodon":{"url":"https:\/\/pubeurope.com\/@pt\/115425077332605181","error":""},"_links":{"self":[{"href":"https:\/\/www.europesays.com\/pt\/wp-json\/wp\/v2\/posts\/123542","targetHints":{"allow":["GET"]}}],"collection":[{"href":"https:\/\/www.europesays.com\/pt\/wp-json\/wp\/v2\/posts"}],"about":[{"href":"https:\/\/www.europesays.com\/pt\/wp-json\/wp\/v2\/types\/post"}],"author":[{"embeddable":true,"href":"https:\/\/www.europesays.com\/pt\/wp-json\/wp\/v2\/users\/2"}],"replies":[{"embeddable":true,"href":"https:\/\/www.europesays.com\/pt\/wp-json\/wp\/v2\/comments?post=123542"}],"version-history":[{"count":0,"href":"https:\/\/www.europesays.com\/pt\/wp-json\/wp\/v2\/posts\/123542\/revisions"}],"wp:featuredmedia":[{"embeddable":true,"href":"https:\/\/www.europesays.com\/pt\/wp-json\/wp\/v2\/media\/123543"}],"wp:attachment":[{"href":"https:\/\/www.europesays.com\/pt\/wp-json\/wp\/v2\/media?parent=123542"}],"wp:term":[{"taxonomy":"category","embeddable":true,"href":"https:\/\/www.europesays.com\/pt\/wp-json\/wp\/v2\/categories?post=123542"},{"taxonomy":"post_tag","embeddable":true,"href":"https:\/\/www.europesays.com\/pt\/wp-json\/wp\/v2\/tags?post=123542"}],"curies":[{"name":"wp","href":"https:\/\/api.w.org\/{rel}","templated":true}]}}