{"id":123564,"date":"2025-10-23T19:27:14","date_gmt":"2025-10-23T19:27:14","guid":{"rendered":"https:\/\/www.europesays.com\/pt\/123564\/"},"modified":"2025-10-23T19:27:14","modified_gmt":"2025-10-23T19:27:14","slug":"a-segunda-maior-estatua-de-buda-do-mundo-fica-no-brasil-e-poucos-sabem-com-35-metros-e-350-toneladas-de-ferro-aco-e-concreto-o-buda-de-ibiracu-surpreende-brasileiros","status":"publish","type":"post","link":"https:\/\/www.europesays.com\/pt\/123564\/","title":{"rendered":"A segunda maior est\u00e1tua de Buda do mundo fica no Brasil, e poucos sabem: com 35 metros e 350 toneladas de ferro, a\u00e7o e concreto, o Buda de Ibira\u00e7u surpreende brasileiros"},"content":{"rendered":"<p>Erguida silenciosamente em meio \u00e0s montanhas do Esp\u00edrito Santo, a <strong>est\u00e1tua do Buda de Ibira\u00e7u<\/strong> tornou-se uma das obras mais impressionantes do Brasil moderno. Com <strong>35 metros de altura<\/strong>, <strong>350 toneladas de ferro e concreto armado<\/strong> e uma impon\u00eancia que rivaliza com o Cristo Redentor, o monumento \u00e9 hoje <strong>a maior escultura de Buda das Am\u00e9ricas<\/strong> e s\u00edmbolo m\u00e1ximo de espiritualidade e paz interior na regi\u00e3o.<\/p>\n<p>A obra, inaugurada em <strong>2019<\/strong>, est\u00e1 localizada na <strong>Comunidade Zen Budista Morro da Vargem<\/strong>, um dos principais centros de pr\u00e1tica do budismo no pa\u00eds. O Buda gigante, sentado em posi\u00e7\u00e3o de medita\u00e7\u00e3o e voltado para o nascer do sol, domina a paisagem do munic\u00edpio de <strong>Ibira\u00e7u<\/strong>, a cerca de 75 quil\u00f4metros de Vit\u00f3ria, capital capixaba.<\/p>\n<p>Um colosso erguido entre f\u00e9 e engenharia<\/p>\n<p>A grandiosidade da escultura impressiona tanto pela dimens\u00e3o espiritual quanto pela complexidade t\u00e9cnica. O projeto levou <strong>quase cinco anos<\/strong> para ser conclu\u00eddo e exigiu o trabalho de dezenas de engenheiros, escultores e artes\u00e3os especializados em concreto armado.<\/p>\n<p>        \u2014 ARTIGO CONTINUA ABAIXO \u2014<\/p>\n<p>O monumento possui <strong>uma base de 7 metros de altura<\/strong>, que abriga um pequeno templo e um espa\u00e7o de medita\u00e7\u00e3o para monges e visitantes. <\/p>\n<p>A figura do Buda foi constru\u00edda em m\u00f3dulos, transportados por guindastes at\u00e9 o topo da colina \u2014 um desafio log\u00edstico que mobilizou a comunidade local e contou com apoio de volunt\u00e1rios.<\/p>\n<p>De acordo com o <strong>Mosteiro Zen Morro da Vargem<\/strong>, a est\u00e1tua foi idealizada n\u00e3o apenas como uma atra\u00e7\u00e3o tur\u00edstica, mas como um <strong>s\u00edmbolo de equil\u00edbrio e toler\u00e2ncia religiosa<\/strong>. \u201cEla representa o despertar da consci\u00eancia e a busca pela serenidade em tempos de agita\u00e7\u00e3o. Queremos que as pessoas venham aqui e sintam paz\u201d, explicou o monge <strong>Daiju Bittencourt<\/strong>, respons\u00e1vel pelo mosteiro.<\/p>\n<p>Um marco tur\u00edstico do Esp\u00edrito Santo<\/p>\n<p>Desde sua inaugura\u00e7\u00e3o, o Buda de Ibira\u00e7u transformou o munic\u00edpio de pouco mais de <strong>10 mil habitantes<\/strong> em um destino de turismo espiritual e religioso. O local recebe <strong>mais de 50 mil visitantes por ano<\/strong>, entre curiosos, praticantes budistas e viajantes em busca de tranquilidade.<\/p>\n<p>O acesso \u00e9 gratuito, e a \u00e1rea foi planejada para integrar-se \u00e0 natureza. O trajeto at\u00e9 o topo da colina \u00e9 feito por uma estrada sinuosa cercada de mata atl\u00e2ntica preservada, e o visitante \u00e9 recebido por jardins, sinos e esculturas que representam os <strong>ensinamentos de Buda<\/strong>.<\/p>\n<p>Al\u00e9m do Buda gigante, a <strong>Comunidade Zen Morro da Vargem<\/strong> abriga uma s\u00e9rie de templos, salas de medita\u00e7\u00e3o, lagos ornamentais e uma escola de preserva\u00e7\u00e3o ambiental que realiza projetos educativos com crian\u00e7as da regi\u00e3o.<\/p>\n<p>Com seus 35 metros de altura <strong>superando os 30 metros do Cristo Redentor (sem o pedestal)<\/strong> \u2014 o Buda de Ibira\u00e7u se tornou um dos monumentos mais altos do Brasil. Quando somada a base de concreto, sua altura total ultrapassa <strong>40 metros<\/strong>, colocando-o entre as maiores esculturas religiosas do hemisf\u00e9rio ocidental.<\/p>\n<p>O impacto visual \u00e9 ainda mais marcante ao entardecer, quando a luz do sol reflete sobre a superf\u00edcie dourada da est\u00e1tua e cria um espet\u00e1culo de cores que pode ser visto a quil\u00f4metros de dist\u00e2ncia. Muitos visitantes descrevem a experi\u00eancia como \u201cespiritualmente arrebatadora\u201d.<\/p>\n<p>\u201c\u00c9 imposs\u00edvel chegar aqui e n\u00e3o se emocionar. A energia \u00e9 diferente, a paz \u00e9 quase palp\u00e1vel\u201d, relatou a turista <strong>Carla Ferreira<\/strong>, que viajou de Minas Gerais para conhecer o local ap\u00f3s assistir a um document\u00e1rio sobre o monumento.<\/p>\n<p>Entre a contempla\u00e7\u00e3o e a preserva\u00e7\u00e3o<\/p>\n<p>O Buda de Ibira\u00e7u \u00e9 tamb\u00e9m um exemplo de como a arquitetura espiritual pode se integrar \u00e0 preserva\u00e7\u00e3o ambiental. O mosteiro est\u00e1 situado em uma <strong>\u00e1rea de reflorestamento de 150 hectares<\/strong>, com trilhas ecol\u00f3gicas, viveiros e esp\u00e9cies nativas reintroduzidas pela comunidade budista ao longo de quatro d\u00e9cadas.<\/p>\n<p>O espa\u00e7o \u00e9 administrado pela <strong>Comunidade Zen Morro da Vargem<\/strong>, a primeira do g\u00eanero fundada no Brasil, em 1974. Desde ent\u00e3o, o local tornou-se refer\u00eancia em <strong>educa\u00e7\u00e3o ambiental, di\u00e1logo inter-religioso e promo\u00e7\u00e3o da paz<\/strong>.<\/p>\n<p>O monge <strong>Daiju<\/strong> resume o prop\u00f3sito da obra em uma frase que se tornou lema entre os visitantes: \u201cO Buda n\u00e3o foi constru\u00eddo para ser olhado, mas para inspirar o olhar de dentro.\u201d<\/p>\n<p>Hoje, o Buda de Ibira\u00e7u \u00e9 considerado uma das <strong>sete maravilhas espirituais do Brasil contempor\u00e2neo<\/strong>, segundo levantamento do portal de turismo religioso Viagens &amp; Destinos. O monumento aparece lado a lado com o Cristo Redentor, o Santu\u00e1rio de Aparecida e o Templo Zu Lai, em S\u00e3o Paulo.<\/p>\n<p>Mais do que um ponto tur\u00edstico, o Buda se tornou um <strong>s\u00edmbolo de f\u00e9, introspec\u00e7\u00e3o e toler\u00e2ncia<\/strong>, lembrando que mesmo nas pequenas cidades \u00e9 poss\u00edvel erguer obras que refletem grandeza interior.<\/p>\n","protected":false},"excerpt":{"rendered":"Erguida silenciosamente em meio \u00e0s montanhas do Esp\u00edrito Santo, a est\u00e1tua do Buda de Ibira\u00e7u tornou-se uma das&hellip;\n","protected":false},"author":2,"featured_media":123565,"comment_status":"","ping_status":"","sticky":false,"template":"","format":"standard","meta":{"footnotes":""},"categories":[144],"tags":[207,205,206,203,201,202,16807,28539,204,114,115,28540,28541,32,33,28542],"class_list":{"0":"post-123564","1":"post","2":"type-post","3":"status-publish","4":"format-standard","5":"has-post-thumbnail","7":"category-arte-e-design","8":"tag-arte","9":"tag-arte-e-design","10":"tag-artedesign","11":"tag-arts","12":"tag-arts-and-design","13":"tag-artsanddesign","14":"tag-buda","15":"tag-buda-de-ibiracu","16":"tag-design","17":"tag-entertainment","18":"tag-entretenimento","19":"tag-maior-estatua-de-buda","20":"tag-maior-estatua-de-buda-das-americas","21":"tag-portugal","22":"tag-pt","23":"tag-segunda-maior-estatua-de-buda-do-mundo"},"share_on_mastodon":{"url":"https:\/\/pubeurope.com\/@pt\/115425132113722848","error":""},"_links":{"self":[{"href":"https:\/\/www.europesays.com\/pt\/wp-json\/wp\/v2\/posts\/123564","targetHints":{"allow":["GET"]}}],"collection":[{"href":"https:\/\/www.europesays.com\/pt\/wp-json\/wp\/v2\/posts"}],"about":[{"href":"https:\/\/www.europesays.com\/pt\/wp-json\/wp\/v2\/types\/post"}],"author":[{"embeddable":true,"href":"https:\/\/www.europesays.com\/pt\/wp-json\/wp\/v2\/users\/2"}],"replies":[{"embeddable":true,"href":"https:\/\/www.europesays.com\/pt\/wp-json\/wp\/v2\/comments?post=123564"}],"version-history":[{"count":0,"href":"https:\/\/www.europesays.com\/pt\/wp-json\/wp\/v2\/posts\/123564\/revisions"}],"wp:featuredmedia":[{"embeddable":true,"href":"https:\/\/www.europesays.com\/pt\/wp-json\/wp\/v2\/media\/123565"}],"wp:attachment":[{"href":"https:\/\/www.europesays.com\/pt\/wp-json\/wp\/v2\/media?parent=123564"}],"wp:term":[{"taxonomy":"category","embeddable":true,"href":"https:\/\/www.europesays.com\/pt\/wp-json\/wp\/v2\/categories?post=123564"},{"taxonomy":"post_tag","embeddable":true,"href":"https:\/\/www.europesays.com\/pt\/wp-json\/wp\/v2\/tags?post=123564"}],"curies":[{"name":"wp","href":"https:\/\/api.w.org\/{rel}","templated":true}]}}