{"id":123600,"date":"2025-10-23T19:52:08","date_gmt":"2025-10-23T19:52:08","guid":{"rendered":"https:\/\/www.europesays.com\/pt\/123600\/"},"modified":"2025-10-23T19:52:08","modified_gmt":"2025-10-23T19:52:08","slug":"trump-e-xi-jinping-reunem-se-na-proxima-quinta-feira-na-coreia-do-sul","status":"publish","type":"post","link":"https:\/\/www.europesays.com\/pt\/123600\/","title":{"rendered":"Trump e Xi Jinping re\u00fanem-se na pr\u00f3xima quinta-feira na Coreia do Sul"},"content":{"rendered":"<p>&#13;<br \/>\nNa semana passada, <b>Donald Trump tinha colocado em causa a realiza\u00e7\u00e3o deste encontro devido \u00e0s tens\u00f5es comerciais entre os Estados Unidos e a China nos \u00faltimos meses<\/b>, sobretudo quanto \u00e0s terras raras, essenciais para as novas tecnologias digitais e de manufactura.&#13;\n<\/p>\n<p>&#13;<br \/>\nMas ao\u00a0divulgar\u00a0esta quinta-feira\u00a0os detalhes do programa\u00a0da &#8220;grande viagem&#8221; do presidente norte americano \u00e0 \u00c1sia, a iniciar no final da semana e que o levar\u00e1\u00a0\u00e0 Mal\u00e1sia, ao Jap\u00e3o e \u00e0 Coreia do Sul, a Casa Branca confirmou o encontro com Xi Jinping.&#13;\n<\/p>\n<p>&#13;<br \/>\nTrump disse que espera concluir um &#8220;bom&#8221; acordo entre as duas maiores economias do mundo.<br \/>&#13;\n<\/p>\n<p>&#13;<br \/>\nO secret\u00e1rio do Tesouro norte-americano, Scott Bessent, afirmou quarta-feira que a Administra\u00e7\u00e3o norte-americana estava a considerar a impos\u00e3o de restri\u00e7\u00f5es \u00e0s exporta\u00e7\u00f5es chinesas, devido \u00e0 pol\u00edtica das chamadas terras raras por parte de Pequim.&#13;\n<\/p>\n<p><b>A China estar\u00e1 a influenciar outros pa\u00edses da \u00c1sia a recusar acordos com os Estados Unidos precisamente sobre o com\u00e9rcio das terras raras<\/b>, como forma de pressionar Washington.<\/p>\n<p>Benson sublinhou que, se decidir no sentido das restri\u00e7\u00f5es, a Administra\u00e7\u00e3o Trump avan\u00e7ar\u00e1 em coordena\u00e7\u00e3o com os membros do G7 (grupo dos pa\u00edses mais industrializados do mundo e Uni\u00e3o Europeia).<\/p>\n<p>&#8220;Os chineses impuseram estes obst\u00e1culos \u00e0 exporta\u00e7\u00e3o de terras raras n\u00e3o apenas aos Estados Unidos, mas a todo o mundo, e se se aplicarem san\u00e7\u00f5es \u00e0s exporta\u00e7\u00f5es, seja de &#8216;software&#8217;, motores ou outras coisas, \u00e9 prov\u00e1vel que seja em coordena\u00e7\u00e3o com os nossos aliados do G7&#8221;, declarou Bessent.&#13;\n<\/p>\n<p>&#13;<br \/>\nDonald\u00a0Trump amea\u00e7ou aumentar as tarifas a Pequim depois do que classificou como uma decis\u00e3o &#8220;extremamente agressiva&#8221; por parte da China.&#13;\n<\/p>\n<p><b>O presidente norte-americano\u00a0anunciou entretanto segunda-feira que se deslocar\u00e1 \u00e0 China &#8220;no in\u00edcio do pr\u00f3ximo ano&#8221;<\/b>, para se encontrar com Xi Jinping.<\/p>\n<p>&#8220;Fui convidado para ir \u00e0 China e provavelmente irei no in\u00edcio do pr\u00f3ximo ano. Est\u00e1 praticamente tudo organizado&#8221;, disse Trump \u00e0 comunica\u00e7\u00e3o social, na Casa Branca.&#13;\n<\/p>\n<p>&#13;<br \/>\ncom ag\u00eancias&#13;<\/p>\n","protected":false},"excerpt":{"rendered":"&#13; Na semana passada, Donald Trump tinha colocado em causa a realiza\u00e7\u00e3o deste encontro devido \u00e0s tens\u00f5es comerciais&hellip;\n","protected":false},"author":2,"featured_media":123601,"comment_status":"","ping_status":"","sticky":false,"template":"","format":"standard","meta":{"footnotes":""},"categories":[50],"tags":[27,28,358,3092,235,413,15,16,14,25,26,21,22,62,12,13,19,20,23,24,17,18,2183,29,30,31,63,64,65,7719],"class_list":{"0":"post-123600","1":"post","2":"type-post","3":"status-publish","4":"format-standard","5":"has-post-thumbnail","7":"category-mundo","8":"tag-breaking-news","9":"tag-breakingnews","10":"tag-china","11":"tag-coreia-do-sul","12":"tag-estados-unidos","13":"tag-eua","14":"tag-featured-news","15":"tag-featurednews","16":"tag-headlines","17":"tag-latest-news","18":"tag-latestnews","19":"tag-main-news","20":"tag-mainnews","21":"tag-mundo","22":"tag-news","23":"tag-noticias","24":"tag-noticias-principais","25":"tag-noticiasprincipais","26":"tag-principais-noticias","27":"tag-principaisnoticias","28":"tag-top-stories","29":"tag-topstories","30":"tag-trump","31":"tag-ultimas","32":"tag-ultimas-noticias","33":"tag-ultimasnoticias","34":"tag-world","35":"tag-world-news","36":"tag-worldnews","37":"tag-xi-jinping"},"share_on_mastodon":{"url":"https:\/\/pubeurope.com\/@pt\/115425230397763623","error":""},"_links":{"self":[{"href":"https:\/\/www.europesays.com\/pt\/wp-json\/wp\/v2\/posts\/123600","targetHints":{"allow":["GET"]}}],"collection":[{"href":"https:\/\/www.europesays.com\/pt\/wp-json\/wp\/v2\/posts"}],"about":[{"href":"https:\/\/www.europesays.com\/pt\/wp-json\/wp\/v2\/types\/post"}],"author":[{"embeddable":true,"href":"https:\/\/www.europesays.com\/pt\/wp-json\/wp\/v2\/users\/2"}],"replies":[{"embeddable":true,"href":"https:\/\/www.europesays.com\/pt\/wp-json\/wp\/v2\/comments?post=123600"}],"version-history":[{"count":0,"href":"https:\/\/www.europesays.com\/pt\/wp-json\/wp\/v2\/posts\/123600\/revisions"}],"wp:featuredmedia":[{"embeddable":true,"href":"https:\/\/www.europesays.com\/pt\/wp-json\/wp\/v2\/media\/123601"}],"wp:attachment":[{"href":"https:\/\/www.europesays.com\/pt\/wp-json\/wp\/v2\/media?parent=123600"}],"wp:term":[{"taxonomy":"category","embeddable":true,"href":"https:\/\/www.europesays.com\/pt\/wp-json\/wp\/v2\/categories?post=123600"},{"taxonomy":"post_tag","embeddable":true,"href":"https:\/\/www.europesays.com\/pt\/wp-json\/wp\/v2\/tags?post=123600"}],"curies":[{"name":"wp","href":"https:\/\/api.w.org\/{rel}","templated":true}]}}