{"id":123606,"date":"2025-10-23T19:57:16","date_gmt":"2025-10-23T19:57:16","guid":{"rendered":"https:\/\/www.europesays.com\/pt\/123606\/"},"modified":"2025-10-23T19:57:16","modified_gmt":"2025-10-23T19:57:16","slug":"e-possivel-viver-o-prazer","status":"publish","type":"post","link":"https:\/\/www.europesays.com\/pt\/123606\/","title":{"rendered":"&#8216;\u00c9 poss\u00edvel viver o prazer&#8217;"},"content":{"rendered":"<p>Conhecida por falar de sexo com naturalidade e bom humor na televis\u00e3o,<b> Laura Muller <\/b>agora leva sua escuta e experi\u00eancia cl\u00ednica \u00e0s p\u00e1ginas de \u201cA caminho do prazer\u201d (Vozes Nobilis), seu novo livro. A obra, lan\u00e7ada na \u00faltima quarta-feira (22), prop\u00f5e um olhar atento sobre o prazer, o desejo e os atravessamentos ps\u00edquicos que moldam a vida sexual.<\/p>\n<p>\u2014 A caminho do prazer \u00e9 um livro em que abordo as principais dificuldades sexuais masculinas e femininas, entre elas a dificuldade de desejo, de orgasmo, de excita\u00e7\u00e3o, de ejacula\u00e7\u00e3o, de ere\u00e7\u00e3o e outras mais. A ideia \u00e9 encontrar um caminho para o prazer e como lidar melhor com o sexo \u2014 explica a sex\u00f3loga ao NEW MAG.<\/p>\n<p>Para Laura, que respondeu \u00e0s d\u00favidas da plateia do programa \u201cAltas horas\u201d durante 15 anos, compreender a hist\u00f3ria da repress\u00e3o sexual \u00e9 essencial para entender os tabus que persistem at\u00e9 hoje na sociedade.\u00a0<\/p>\n<p>\u2014 Entre os s\u00e9culos XVIII e XIX a gente viveu uma \u00e9poca de repress\u00e3o muito forte. A moral da \u00e9poca dizia que o sexo era s\u00f3 para reprodu\u00e7\u00e3o. N\u00e3o podia haver sexo pelo prazer, nem entre pessoas do mesmo sexo, nem pr\u00e1ticas como masturba\u00e7\u00e3o, sexo oral ou anal. Depois vieram pensadores mostrando que era uma grande bobagem, mas ainda temos resqu\u00edcios dessa moral t\u00e3o repressora e que gera muitas dificuldades \u2014 afirma a especialista.<\/p>\n<p>O livro tamb\u00e9m aborda a sexualidade em diferentes fases da vida, inclusive na menopausa \u2014 etapa que, segundo ela, pode ser vivida com plenitude:\u00a0<\/p>\n<p>\u2014 \u00c9 uma fase t\u00e3o dif\u00edcil de lidar, mas \u00e9 poss\u00edvel dar a volta por cima e viver o prazer tamb\u00e9m nela.<\/p>\n<p>Laura guarda boas lembran\u00e7as do per\u00edodo em que falava de sexo para milh\u00f5es de jovens brasileiros na TV.\u00a0<\/p>\n<p>\u2014 As perguntas eram as mais variadas e muito bem-humoradas. O que me chama mais a aten\u00e7\u00e3o \u00e9 aquele come\u00e7o, quando diziam \u201ceu tenho um amigo\u2026\u201d. Esse jeito que o jovem encontrou de introduzir as perguntas foi um diferencial do programa, muito divertido e leve de trabalhar \u2014 recorda.<\/p>\n<p>Cr\u00e9ditos: Bruno Nunes (texto) e divulga\u00e7\u00e3o (imagem)<\/p>\n","protected":false},"excerpt":{"rendered":"Conhecida por falar de sexo com naturalidade e bom humor na televis\u00e3o, Laura Muller agora leva sua escuta&hellip;\n","protected":false},"author":2,"featured_media":123607,"comment_status":"","ping_status":"","sticky":false,"template":"","format":"standard","meta":{"footnotes":""},"categories":[143],"tags":[169,28382,114,115,170,32,33],"class_list":{"0":"post-123606","1":"post","2":"type-post","3":"status-publish","4":"format-standard","5":"has-post-thumbnail","7":"category-livros","8":"tag-books","9":"tag-destacado-1","10":"tag-entertainment","11":"tag-entretenimento","12":"tag-livros","13":"tag-portugal","14":"tag-pt"},"share_on_mastodon":{"url":"https:\/\/pubeurope.com\/@pt\/115425250178152268","error":""},"_links":{"self":[{"href":"https:\/\/www.europesays.com\/pt\/wp-json\/wp\/v2\/posts\/123606","targetHints":{"allow":["GET"]}}],"collection":[{"href":"https:\/\/www.europesays.com\/pt\/wp-json\/wp\/v2\/posts"}],"about":[{"href":"https:\/\/www.europesays.com\/pt\/wp-json\/wp\/v2\/types\/post"}],"author":[{"embeddable":true,"href":"https:\/\/www.europesays.com\/pt\/wp-json\/wp\/v2\/users\/2"}],"replies":[{"embeddable":true,"href":"https:\/\/www.europesays.com\/pt\/wp-json\/wp\/v2\/comments?post=123606"}],"version-history":[{"count":0,"href":"https:\/\/www.europesays.com\/pt\/wp-json\/wp\/v2\/posts\/123606\/revisions"}],"wp:featuredmedia":[{"embeddable":true,"href":"https:\/\/www.europesays.com\/pt\/wp-json\/wp\/v2\/media\/123607"}],"wp:attachment":[{"href":"https:\/\/www.europesays.com\/pt\/wp-json\/wp\/v2\/media?parent=123606"}],"wp:term":[{"taxonomy":"category","embeddable":true,"href":"https:\/\/www.europesays.com\/pt\/wp-json\/wp\/v2\/categories?post=123606"},{"taxonomy":"post_tag","embeddable":true,"href":"https:\/\/www.europesays.com\/pt\/wp-json\/wp\/v2\/tags?post=123606"}],"curies":[{"name":"wp","href":"https:\/\/api.w.org\/{rel}","templated":true}]}}