{"id":123608,"date":"2025-10-23T19:58:09","date_gmt":"2025-10-23T19:58:09","guid":{"rendered":"https:\/\/www.europesays.com\/pt\/123608\/"},"modified":"2025-10-23T19:58:09","modified_gmt":"2025-10-23T19:58:09","slug":"em-lagrimas-liliana-critica-fabio-e-mostra-se-apreensiva","status":"publish","type":"post","link":"https:\/\/www.europesays.com\/pt\/123608\/","title":{"rendered":"Em l\u00e1grimas, Liliana critica F\u00e1bio e mostra-se apreensiva"},"content":{"rendered":"<p>\t\t\t\t\t\t\t\t\t\t\t\t\t\tO clima entre Liliana e F\u00e1bio j\u00e1 viu melhores dias e as discuss\u00f5es do casal come\u00e7am a ser uma constante na \u201cCasa dos Segredos\u201d.<\/p>\n<p>Esta quinta-feira, 23 de outubro, Liliana ficou em l\u00e1grimas ap\u00f3s um confronto intenso com o \u2018namorado\u2019 e desabafou, com Leandro e Pedro Jorge.<\/p>\n<p>A jovem de 24 anos come\u00e7ou por criticar F\u00e1bio por estar a \u201cdar confian\u00e7a\u201d a pessoas que a \u201cjulgaram desde o in\u00edcio do programa\u201d e garantiu: <strong>\u201cL\u00e1 fora n\u00e3o me sento em mesas que falam mal dos meus amigos\u201d<\/strong>.<\/p>\n<p><strong>\u201cPessoas que me tratam mal, que me julgam, que me criticam, que continuam a falar da minha rela\u00e7\u00e3o l\u00e1 fora. Ele s\u00f3 d\u00e1 o benef\u00edcio que realmente \u00e9 verdade. Entende-se como \u00e9 que eu sinto? Eu tenho que perceber que eu vim para aqui sozinha, eu vou sair daqui sozinha, eu posso estar sozinha a\u00ed? Posso? Mas eu estou cansada de ser assim, t\u00e3o sentimental e t\u00e3o intenso\u201d<\/strong> \u2013 continuou.<\/p>\n<p>Em l\u00e1grimas, Liliana deu um \u201cgrito\u201d de revolta: <strong>\u201cTenho que ser ap\u00e1tica, que consigo ser ap\u00e1tica l\u00e1 fora, tenho que conseguir ser ap\u00e1tica aqui, ponto. Eu sinto-me uma merda. Apetece-me dar-me um estalo e, tipo, Liliana, acorda para a vida. Realmente, eu preciso de acordar para a vida. Porque eu jamais fazia \u00e0s pessoas o que elas me fazem\u201d<\/strong>.<\/p>\n<p><strong>\u201cQuando eu me apaixono, quando eu me aproximo de algu\u00e9m, eu sofro sempre. Eu sou o qu\u00ea? Aqui no meio, uma bola de pingue-pongue? Sirvo para dormir \u00e0 noite? Eu tenho que come\u00e7ar a pensar que estou aqui para jogar e tenho que p\u00f4r o meu sentimento de lado, porque eu estou-me a prejudicar. Eu estou a chorar constantemente. Eu n\u00e3o quero ser esta Liliana, juro-te, n\u00e3o, porque eu sou muito mais que isto\u201d<\/strong> \u2013 garantiu.<\/p>\n<p>Liliana acrescentou ainda: <strong>\u201cEu sou muito mais que esta pessoa que voc\u00eas viram aqui. Isto que aconteceu foi uma coisa isolada. Eu nunca tra\u00ed ningu\u00e9m l\u00e1 fora. Eu sou a melhor pessoa para voc\u00eas terem na vossa vida. O que aconteceu aqui foi uma coisa rara, que eu julgava l\u00e1 fora e que me aconteceu a mim. Eu estou aqui a viver isto pela primeira vez, tal como voc\u00eas, mas desta maneira. E fui julgada, julgada\u201d<\/strong>.<\/p>\n<p><strong>\u201cE a pessoa que disse que me apoiava, que disse que ia estar comigo e mil e uma coisa, est\u00e1 a mostrar-me que, se calhar, n\u00e3o \u00e9 assim\u201d<\/strong> \u2013 lamentou, por fim.<\/p>\n<p><a href=\"https:\/\/tvi.iol.pt\/secretstory\/videos\/liliana-chora-desalmadamente-por-causa-de-fabio-preciso-de-acordar-para-a-vida\/68fa633f0cf285ab53a6b5d6\" rel=\"nofollow noopener\" target=\"_blank\">Veja o momento aqui.<\/a><\/p>\n","protected":false},"excerpt":{"rendered":"O clima entre Liliana e F\u00e1bio j\u00e1 viu melhores dias e as discuss\u00f5es do casal come\u00e7am a ser&hellip;\n","protected":false},"author":2,"featured_media":123609,"comment_status":"","ping_status":"","sticky":false,"template":"","format":"standard","meta":{"footnotes":""},"categories":[142],"tags":[2632,27651,114,115,24621,19016,32,33,16686,151,162],"class_list":{"0":"post-123608","1":"post","2":"type-post","3":"status-publish","4":"format-standard","5":"has-post-thumbnail","7":"category-tv","8":"tag-casa-dos-segredos","9":"tag-discussu00e3o","10":"tag-entertainment","11":"tag-entretenimento","12":"tag-fu00e1bio","13":"tag-liliana","14":"tag-portugal","15":"tag-pt","16":"tag-secret-story-9","17":"tag-tv","18":"tag-tvi"},"share_on_mastodon":{"url":"https:\/\/pubeurope.com\/@pt\/115425254005412349","error":""},"_links":{"self":[{"href":"https:\/\/www.europesays.com\/pt\/wp-json\/wp\/v2\/posts\/123608","targetHints":{"allow":["GET"]}}],"collection":[{"href":"https:\/\/www.europesays.com\/pt\/wp-json\/wp\/v2\/posts"}],"about":[{"href":"https:\/\/www.europesays.com\/pt\/wp-json\/wp\/v2\/types\/post"}],"author":[{"embeddable":true,"href":"https:\/\/www.europesays.com\/pt\/wp-json\/wp\/v2\/users\/2"}],"replies":[{"embeddable":true,"href":"https:\/\/www.europesays.com\/pt\/wp-json\/wp\/v2\/comments?post=123608"}],"version-history":[{"count":0,"href":"https:\/\/www.europesays.com\/pt\/wp-json\/wp\/v2\/posts\/123608\/revisions"}],"wp:featuredmedia":[{"embeddable":true,"href":"https:\/\/www.europesays.com\/pt\/wp-json\/wp\/v2\/media\/123609"}],"wp:attachment":[{"href":"https:\/\/www.europesays.com\/pt\/wp-json\/wp\/v2\/media?parent=123608"}],"wp:term":[{"taxonomy":"category","embeddable":true,"href":"https:\/\/www.europesays.com\/pt\/wp-json\/wp\/v2\/categories?post=123608"},{"taxonomy":"post_tag","embeddable":true,"href":"https:\/\/www.europesays.com\/pt\/wp-json\/wp\/v2\/tags?post=123608"}],"curies":[{"name":"wp","href":"https:\/\/api.w.org\/{rel}","templated":true}]}}