{"id":123610,"date":"2025-10-23T20:00:15","date_gmt":"2025-10-23T20:00:15","guid":{"rendered":"https:\/\/www.europesays.com\/pt\/123610\/"},"modified":"2025-10-23T20:00:15","modified_gmt":"2025-10-23T20:00:15","slug":"cena-de-titanic-foi-ao-ar-mesmo-contra-a-vontade-de-dicaprio-e-kate-winslet","status":"publish","type":"post","link":"https:\/\/www.europesays.com\/pt\/123610\/","title":{"rendered":"Cena de &#8216;Titanic&#8217; foi ao ar mesmo contra a vontade de DiCaprio e Kate Winslet"},"content":{"rendered":"\n<p>Uma pr\u00e9via da biografia p\u00f3stuma de Jon Landau, produtor de &#8220;Titanic&#8221;, trouxe \u00e0 tona a fala do diretor James Cameron, 71, de que Kate Winslet, 50, e Leonardo DiCaprio, 50, n\u00e3o gostaram de gravar uma cena nojenta do filme.<\/p>\n<p><strong>O que aconteceu<\/strong><\/p>\n<p>No livro, o produtor explica que o est\u00fadio tinha desconfian\u00e7as em rela\u00e7\u00e3o ao filme e chegou a pedir para remover cenas. Landau morreu em 2024, e uma pr\u00e9via da sua autobiografia &#8220;The Bigger Picture&#8221; foi publicada pela People.<\/p>\n<p>A cena que os executivos pediram para remover \u00e9 aquela em que Jack ensina Rose a cuspir, antes de serem flagrados pela m\u00e3e dela. Peter Chernin, presidente da Fox, recebeu a an\u00e1lise dos funcion\u00e1rios, mas Cameron e Landau lutaram para manter suas vis\u00f5es criativas sobre a obra.<\/p>\n<blockquote class=\"citacao\"><p>O est\u00fadio nem sempre entende o valor de uma cena. Se algo n\u00e3o est\u00e1 conduzindo claramente a algum prop\u00f3sito espec\u00edfico e de forma \u00f3bvia, perde seu valor. [&#8230;] Recebemos notas tanto da Fox quanto da Paramount pedindo para cortar essa cena [do cuspe], mas ela se torna importante mais tarde, quando Rose usa sua nova habilidade para cuspir no rosto do noivo<\/p>\n<p>&#8211; Jon Landau<\/p>\n<\/blockquote>\n<p>Mas, ap\u00f3s ver a pr\u00e9via do filme, at\u00e9 mesmo o presidente da Fox mudou de ideia. &#8220;Quando voc\u00ea analisa tudo apenas no papel, olhando apenas para os n\u00fameros, contagem de p\u00e1ginas ou or\u00e7amentos, \u00e9 f\u00e1cil perder de vista o panorama \u2014 os la\u00e7os emocionais, os momentos sutis que conectam personagens e cenas&#8221;, explicou Landau.<\/p>\n<p>Em 1997, James Cameron disse em entrevista que DiCaprio e Winslet tamb\u00e9m n\u00e3o aprovaram a cena. &#8220;Eles n\u00e3o gostaram quando todos n\u00f3s nos reunimos para ler o roteiro pela primeira vez. [&#8230;] A presidente da minha empresa implorou para que eu a tirasse. Ela odiava a cena. Meu coprodutor n\u00e3o gostou. O pessoal da Fox tamb\u00e9m n\u00e3o gostou da cena&#8221;, disse o diretor.<\/p>\n","protected":false},"excerpt":{"rendered":"Uma pr\u00e9via da biografia p\u00f3stuma de Jon Landau, produtor de &#8220;Titanic&#8221;, trouxe \u00e0 tona a fala do diretor&hellip;\n","protected":false},"author":2,"featured_media":123611,"comment_status":"","ping_status":"","sticky":false,"template":"","format":"standard","meta":{"footnotes":""},"categories":[140],"tags":[16815,5975,28551,114,115,147,148,3170,7328,21833,8499,28552,146,32,28553,33,6761,28554],"class_list":{"0":"post-123610","1":"post","2":"type-post","3":"status-publish","4":"format-standard","5":"has-post-thumbnail","7":"category-filmes","8":"tag-ar","9":"tag-cena","10":"tag-cuspe","11":"tag-entertainment","12":"tag-entretenimento","13":"tag-film","14":"tag-filmes","15":"tag-foi","16":"tag-james-cameron","17":"tag-kate-winslet","18":"tag-leonardo-dicaprio","19":"tag-mesmo","20":"tag-movies","21":"tag-portugal","22":"tag-produtores","23":"tag-pt","24":"tag-titanic","25":"tag-vontade"},"share_on_mastodon":{"url":"https:\/\/pubeurope.com\/@pt\/115425262007803395","error":""},"_links":{"self":[{"href":"https:\/\/www.europesays.com\/pt\/wp-json\/wp\/v2\/posts\/123610","targetHints":{"allow":["GET"]}}],"collection":[{"href":"https:\/\/www.europesays.com\/pt\/wp-json\/wp\/v2\/posts"}],"about":[{"href":"https:\/\/www.europesays.com\/pt\/wp-json\/wp\/v2\/types\/post"}],"author":[{"embeddable":true,"href":"https:\/\/www.europesays.com\/pt\/wp-json\/wp\/v2\/users\/2"}],"replies":[{"embeddable":true,"href":"https:\/\/www.europesays.com\/pt\/wp-json\/wp\/v2\/comments?post=123610"}],"version-history":[{"count":0,"href":"https:\/\/www.europesays.com\/pt\/wp-json\/wp\/v2\/posts\/123610\/revisions"}],"wp:featuredmedia":[{"embeddable":true,"href":"https:\/\/www.europesays.com\/pt\/wp-json\/wp\/v2\/media\/123611"}],"wp:attachment":[{"href":"https:\/\/www.europesays.com\/pt\/wp-json\/wp\/v2\/media?parent=123610"}],"wp:term":[{"taxonomy":"category","embeddable":true,"href":"https:\/\/www.europesays.com\/pt\/wp-json\/wp\/v2\/categories?post=123610"},{"taxonomy":"post_tag","embeddable":true,"href":"https:\/\/www.europesays.com\/pt\/wp-json\/wp\/v2\/tags?post=123610"}],"curies":[{"name":"wp","href":"https:\/\/api.w.org\/{rel}","templated":true}]}}