{"id":123614,"date":"2025-10-23T20:02:27","date_gmt":"2025-10-23T20:02:27","guid":{"rendered":"https:\/\/www.europesays.com\/pt\/123614\/"},"modified":"2025-10-23T20:02:27","modified_gmt":"2025-10-23T20:02:27","slug":"vitoria-supera-a-meta-de-vacinacao-contra-a-doenca-prefeitura-de-vitoria","status":"publish","type":"post","link":"https:\/\/www.europesays.com\/pt\/123614\/","title":{"rendered":"Vit\u00f3ria supera a meta de vacina\u00e7\u00e3o contra a doen\u00e7a \u2013 Prefeitura de Vit\u00f3ria"},"content":{"rendered":"<p>                      Dia Mundial de Combate \u00e0 Poliomielite: Vit\u00f3ria supera a meta de vacina\u00e7\u00e3o contra a doen\u00e7a<\/p>\n<p class=\"data-publicacao\">\n                        Publicada em 23\/10\/2025, \u00e0s 16h40 | Atualizada em 23\/10\/2025, \u00e0s 16h42\n                      <\/p>\n<p class=\"autoria\">\n                        Por Giovana Rebuli Santos (<a href=\"https:\/\/www.vitoria.es.gov.br\/noticia\/mailto:girsantoseirah064+pref.vitoria.es.gov.br\" rel=\"nofollow noopener\" target=\"_blank\">girsantoseira$4h064+pref.vitoria.es.gov.br<\/a>), com edi\u00e7\u00e3o de Andreza Lopes\n                      <\/p>\n<p class=\"colaboradores\">\n                        Com a colabora\u00e7\u00e3o de Thyago Oliveira\n                      <\/p>\n<ul class=\"list-unstyled ods\">\n<li>\n                          <a href=\"https:\/\/observavix.vitoria.es.gov.br\/objetivo\/3\" rel=\"external nofollow noopener\" title=\"Sa\u00fade e bem-estar\" target=\"_blank\"><img loading=\"lazy\" decoding=\"async\" src=\"https:\/\/www.europesays.com\/pt\/wp-content\/uploads\/2025\/08\/ods_3.png\" width=\"50\" height=\"50\" alt=\"Sa\u00fade e bem-estar\"\/><\/a>\n                        <\/li>\n<li>\n                          <a href=\"https:\/\/observavix.vitoria.es.gov.br\/objetivo\/16\" rel=\"external nofollow noopener\" title=\"Paz, justi\u00e7a e institui\u00e7\u00f5es eficazes\" target=\"_blank\"><img loading=\"lazy\" decoding=\"async\" src=\"https:\/\/www.europesays.com\/pt\/wp-content\/uploads\/2025\/10\/ods_16.png\" width=\"50\" height=\"50\" alt=\"Paz, justi\u00e7a e institui\u00e7\u00f5es eficazes\"\/><\/a>\n                        <\/li>\n<\/ul>\n<p>\n                        Leonardo Silveira\n                      <\/p>\n<p>                        <a href=\"https:\/\/www.vitoria.es.gov.br\/recursos\/imagens\/banco\/2022\/11\/19\/106617\/ampliada@2x.jpg\" title=\"A\u00e7\u00e3o Integrada no Bairro Resist\u00eancia\" class=\"lightbox cboxElement\" rel=\"nofollow noopener\" target=\"_blank\"><img loading=\"lazy\" decoding=\"async\" src=\"https:\/\/www.europesays.com\/pt\/wp-content\/uploads\/2025\/10\/1761249747_493_normal@2x.jpg\" width=\"700\" height=\"467\" alt=\"A\u00e7\u00e3o Integrada no Bairro Resist\u00eancia\" class=\"img-rounded img-responsive sombreado\"\/><\/a><\/p>\n<p>\n                      Nesta sexta-feira (24), \u00e9 celebrado o Dia Mundial de Combate \u00e0 Poliomielite, conhecida tamb\u00e9m como paralisia infantil. De acordo com o Minist\u00e9rio da Sa\u00fade, a doen\u00e7a \u00e9 contagiosa e pode infectar crian\u00e7as e adultos, por meio do contato direto com fezes ou secre\u00e7\u00f5es eliminadas pela boca de pessoas doentes. Em casos mais graves, o v\u00edrus pode causar paralisia nos membros inferiores.\n                    <\/p>\n<p>\n                      Gra\u00e7as a um trabalho \u00e1rduo de vacina\u00e7\u00e3o, o Brasil n\u00e3o registra nenhum caso de Poliomielite desde 1990. Por\u00e9m essa doen\u00e7a ainda \u00e9 muito presente em alguns pa\u00edses asi\u00e1ticos como o Afeganist\u00e3o e Paquist\u00e3o.\n                    <\/p>\n<p>\n                      Em Vit\u00f3ria, os resultados superaram a meta de 95%, estimada pelo Minist\u00e9rio da Sa\u00fade. Na capital, a cobertura vacinal passa dos 110%, mostrando o compromisso da gest\u00e3o municipal com a sa\u00fade p\u00fablica e com o fortalecimento das a\u00e7\u00f5es de imuniza\u00e7\u00e3o em todo o territ\u00f3rio, al\u00e9m de consolidar o munic\u00edpio como refer\u00eancia em vacina\u00e7\u00e3o e preven\u00e7\u00e3o.\n                    <\/p>\n<p>\n                      O esquema vacinal contra a Poliomielite \u00e9 exclusivo com vacina inativada poliomielite (VIP), com administra\u00e7\u00e3o em tr\u00eas doses de VIP aos 2, 4 e 6 meses de idade, al\u00e9m de um refor\u00e7o do imunobiol\u00f3gico aos 15 meses.\n                    <\/p>\n<p>\n                      A secret\u00e1ria de Sa\u00fade de Vit\u00f3ria, Magda Lamborghini, celebrou a conquista da cidade da capital em superar a meta de vacina\u00e7\u00e3o de Poliomielite. &#8220;Vit\u00f3ria superou a meta de vacina\u00e7\u00e3o contra a poliomielite, ultrapassando 100% de cobertura, gra\u00e7as ao esfor\u00e7o conjunto da comunidade e dos profissionais de sa\u00fade. O resultado demonstra o compromisso com a prote\u00e7\u00e3o das crian\u00e7as e a import\u00e2ncia de manter a uni\u00e3o para garantir um futuro mais saud\u00e1vel para o munic\u00edpio.&#8221;\n                    <\/p>\n<p>\n                      &#8220;Refor\u00e7amos que a vacina\u00e7\u00e3o \u00e9 a \u00fanica forma de preven\u00e7\u00e3o da Poliomielite, todas as crian\u00e7as menores de cinco anos de idade devem ser vacinadas conforme esquema de vacina\u00e7\u00e3o de rotina. Nossa miss\u00e3o \u00e9 garantir que nenhuma crian\u00e7a sofra com uma doen\u00e7a que pode ser prevenida. A vacina \u00e9 um ato de amor e responsabilidade. Convidamos todas as fam\u00edlias a atualizarem a caderneta e a protegerem quem mais precisa&#8221;, enfatizou a coordenadora de Vigil\u00e2ncia Epidemiol\u00f3gica de Vit\u00f3ria, Tatiane Comerio, .\n                    <\/p>\n<p>\n                      A imuniza\u00e7\u00e3o est\u00e1 dispon\u00edvel nas salas de vacina\u00e7\u00e3o de todas as Unidades de Sa\u00fade. Para mais detalhes, procure a sua Unidade de refer\u00eancia, onde a equipe de sa\u00fade estar\u00e1 pronta para fornecer todas as orienta\u00e7\u00f5es necess\u00e1rias.\u00a0\n                    <\/p>\n<p>                      Causas e sintomas<\/p>\n<p>\n                      A falta de saneamento, as m\u00e1s condi\u00e7\u00f5es habitacionais e a higiene pessoal prec\u00e1ria constituem fatores que favorecem a transmiss\u00e3o do poliov\u00edrus, causador da poliomielite. As sequelas da poliomielite est\u00e3o relacionadas com a infec\u00e7\u00e3o da medula e do c\u00e9rebro pelo poliov\u00edrus, normalmente sequelas motoras, e n\u00e3o t\u00eam cura.\n                    <\/p>\n<p>\n                      Os sinais e sintomas da poliomielite variam conforme as formas cl\u00ednicas, desde aus\u00eancia de sintomas at\u00e9 manifesta\u00e7\u00f5es neurol\u00f3gicas mais graves. A poliomielite pode causar paralisia e at\u00e9 mesmo a morte, mas a maioria das pessoas infectadas n\u00e3o fica doente e n\u00e3o manifesta sintomas, deixando a doen\u00e7a passar despercebida e colaborando com a transmiss\u00e3o do v\u00edrus.\n                    <\/p>\n<p>\n                      Outros sintomas que a pessoa com poliomielite pode apresentar s\u00e3o febre, mal-estar, dor de cabe\u00e7a, diarreia, pris\u00e3o de ventre, espasmos, v\u00f4mitos, rigidez na nuca, meningite, dores de cabe\u00e7a e no corpo\n                    <\/p>\n<p>                      Diagn\u00f3stico e tratamento<\/p>\n<p>\n                      O diagn\u00f3stico da poliomielite deve ser suspeitado sempre que houver paralisia fl\u00e1cida de surgimento agudo com diminui\u00e7\u00e3o ou aboli\u00e7\u00e3o de reflexos tendinosos em menores de 15 anos. Os exames de liquor (cultura) e a eletromiografia s\u00e3o recursos diagn\u00f3sticos importantes. O diagn\u00f3stico ser\u00e1 dado pela detec\u00e7\u00e3o de poliov\u00edrus nas fezes.\n                    <\/p>\n<p>\n                      O tratamento prev\u00ea a hospitaliza\u00e7\u00e3o de todas as v\u00edtimas de cont\u00e1gio, recebendo cuidados para os\u00a0 sintomas de acordo com o quadro cl\u00ednico do paciente.\n                    <\/p>\n","protected":false},"excerpt":{"rendered":"Dia Mundial de Combate \u00e0 Poliomielite: Vit\u00f3ria supera a meta de vacina\u00e7\u00e3o contra a doen\u00e7a Publicada em 23\/10\/2025,&hellip;\n","protected":false},"author":2,"featured_media":31228,"comment_status":"","ping_status":"","sticky":false,"template":"","format":"standard","meta":{"footnotes":""},"categories":[86],"tags":[28555,116,3130,28556,28559,32,33,117,10214,1333,2820,28558,28557],"class_list":{"0":"post-123614","1":"post","2":"type-post","3":"status-publish","4":"format-standard","5":"has-post-thumbnail","7":"category-saude","8":"tag-dia-mundial-de-combate-a-poliomielite","9":"tag-health","10":"tag-imunizacao","11":"tag-polio","12":"tag-polio-erradicada","13":"tag-portugal","14":"tag-pt","15":"tag-saude","16":"tag-semus","17":"tag-vacina","18":"tag-vacinacao","19":"tag-vip","20":"tag-vitoria-supera-meta-de-vacinacao-contra-polio"},"share_on_mastodon":{"url":"https:\/\/pubeurope.com\/@pt\/115425269922890117","error":""},"_links":{"self":[{"href":"https:\/\/www.europesays.com\/pt\/wp-json\/wp\/v2\/posts\/123614","targetHints":{"allow":["GET"]}}],"collection":[{"href":"https:\/\/www.europesays.com\/pt\/wp-json\/wp\/v2\/posts"}],"about":[{"href":"https:\/\/www.europesays.com\/pt\/wp-json\/wp\/v2\/types\/post"}],"author":[{"embeddable":true,"href":"https:\/\/www.europesays.com\/pt\/wp-json\/wp\/v2\/users\/2"}],"replies":[{"embeddable":true,"href":"https:\/\/www.europesays.com\/pt\/wp-json\/wp\/v2\/comments?post=123614"}],"version-history":[{"count":0,"href":"https:\/\/www.europesays.com\/pt\/wp-json\/wp\/v2\/posts\/123614\/revisions"}],"wp:featuredmedia":[{"embeddable":true,"href":"https:\/\/www.europesays.com\/pt\/wp-json\/wp\/v2\/media\/31228"}],"wp:attachment":[{"href":"https:\/\/www.europesays.com\/pt\/wp-json\/wp\/v2\/media?parent=123614"}],"wp:term":[{"taxonomy":"category","embeddable":true,"href":"https:\/\/www.europesays.com\/pt\/wp-json\/wp\/v2\/categories?post=123614"},{"taxonomy":"post_tag","embeddable":true,"href":"https:\/\/www.europesays.com\/pt\/wp-json\/wp\/v2\/tags?post=123614"}],"curies":[{"name":"wp","href":"https:\/\/api.w.org\/{rel}","templated":true}]}}