{"id":123617,"date":"2025-10-23T20:06:12","date_gmt":"2025-10-23T20:06:12","guid":{"rendered":"https:\/\/www.europesays.com\/pt\/123617\/"},"modified":"2025-10-23T20:06:12","modified_gmt":"2025-10-23T20:06:12","slug":"putin-promete-resposta-devastadora-caso-haja-ataques-com-tomahawk-e-goza-com-a-europa-por-causa-das-sanitas","status":"publish","type":"post","link":"https:\/\/www.europesays.com\/pt\/123617\/","title":{"rendered":"Putin promete resposta &#8220;devastadora&#8221; caso haja ataques com Tomahawk e goza com a Europa (por causa &#8220;das sanitas&#8221;)"},"content":{"rendered":"<p>\t                Putin leva ainda relativamente a s\u00e9rio as novas san\u00e7\u00f5es impostas por Trump &#8211; mas quanto \u00e0s novas san\u00e7\u00f5es europeias, fez ironia com elas<\/p>\n<p style=\"margin-bottom:11px\">O presidente da R\u00fassia, Vladimir Putin, prometeu esta quinta-feira uma resposta \u201cdevastadora\u201d \u00e0 eventual utiliza\u00e7\u00e3o de m\u00edsseis Tomahawk para atacar territ\u00f3rio russo.<\/p>\n<p>\u201cSe essas armas forem utilizadas para atacar o territ\u00f3rio russo, a resposta ser\u00e1 muito forte. Para n\u00e3o dizer devastadora. Que eles pensem nisso\u201d, disse o l\u00edder do Kremlin, citado pela ag\u00eancia estatal russa Ria Novosti.<\/p>\n<p>O envio de m\u00edsseis Tomahawk para a Ucr\u00e2nia tem sido tema em cima da mesa no \u00faltimo m\u00eas entre Kiev e Washington, DC. No entanto, ap\u00f3s o encontro da passada sexta-feira entre Volodymyr Zelensky e Donald Trump na capital americana, ficou claro que tal n\u00e3o acontecer\u00e1 em breve.<\/p>\n<p>Putin, que falou aos jornalistas no 17.\u00ba Congresso da Sociedade Geogr\u00e1fica Russa, minimizou tamb\u00e9m as palavras do presidente dos EUA, que esta quarta-feira disse que tinha cancelado o encontro de Budapeste com o hom\u00f3logo russo porque \u201cn\u00e3o lhe parecia correto\u201d. Putin sugeriu que Donald Trump n\u00e3o se estava a referir ao cancelamento, mas sim ao \u201cadiamento\u201d da reuni\u00e3o.<\/p>\n<p>Sobre as san\u00e7\u00f5es americanas, Putin procurou tranquilizar os russos, garantindo-lhes que as mesmas n\u00e3o v\u00e3o ter um \u201cimpacto significativo\u201d.<\/p>\n<p>\u201cN\u00e3o h\u00e1 nada de novo aqui. Sim, elas (san\u00e7\u00f5es) s\u00e3o graves para n\u00f3s, claro. E ter\u00e3o certas consequ\u00eancias, mas n\u00e3o ter\u00e3o um impacto significativo, especialmente na nossa sa\u00fade econ\u00f3mica\u201d, previu o l\u00edder russo, que considerou as san\u00e7\u00f5es um \u201cato hostil\u201d que \u201cn\u00e3o fortalece as rela\u00e7\u00f5es russo-americanas\u201d.<\/p>\n<p>O presidente russo disse tamb\u00e9m que esta \u201ctentativa de exercer press\u00e3o\u201d n\u00e3o vai dar resultado com Moscovo.<\/p>\n<p>\u201cNenhum pa\u00eds que se preze e nenhum povo que se preze decide nada dessa forma (sob press\u00e3o). Sem d\u00favida, a R\u00fassia tem esse privil\u00e9gio \u2014 sentir-se e considerar-se parte dessa lista de pa\u00edses e povos que se prezam.\u201d<\/p>\n<p>Putin foi mais ir\u00f3nico sobre as san\u00e7\u00f5es europeias e deu-se ao luxo de brincar com a proibi\u00e7\u00e3o da importa\u00e7\u00e3o de sanitas por Bruxelas. &#8220;O facto de terem cancelado a compra das nossas sanitas vai sair-lhes caro. Na minha opini\u00e3o, elas seriam \u00fateis na situa\u00e7\u00e3o atual&#8221;.<\/p>\n<p>Num tom mais s\u00e9rio, Vladimir Putin vaticinou a subida dos pre\u00e7os do petr\u00f3leo como consequ\u00eancias das san\u00e7\u00f5es americanas, mas disse esperar que estas n\u00e3o afetem o mercado energ\u00e9tico global.<\/p>\n<p>A administra\u00e7\u00e3o de Donald Trump anunciou esta quarta-feira san\u00e7\u00f5es contra dois grandes grupos petrol\u00edferos russos, Rosneft e Lukoil.<\/p>\n<p>O an\u00fancio contra as duas maiores empresas petrol\u00edferas da R\u00fassia foi feito pelo secret\u00e1rio do Tesouro, Scott Bessent, que criticou a recusa de Moscovo em terminar uma \u201cguerra sem sentido\u201d.<\/p>\n<p>As san\u00e7\u00f5es contra a Rosneft e a Lukoil, bem como dezenas de subsidi\u00e1rias, seguem-se a meses de press\u00e3o bipartid\u00e1ria sobre o Presidente Donald Trump para sancionar a R\u00fassia de forma mais rigorosa no setor petrol\u00edfero.<\/p>\n<p>\u201cAgora \u00e9 o momento de parar o derramamento de sangue e de estabelecer um cessar-fogo imediato\u201d, disse Bessent, em comunicado.<\/p>\n<p>Dada a \u201crecusa de o presidente russo, Vladimir Putin, terminar esta guerra sem sentido&#8221;, o Tesouro est\u00e1 a sancionar as duas maiores empresas petrol\u00edferas da R\u00fassia que financiam a m\u00e1quina de guerra do Kremlin.<\/p>\n<p>Bessent afirmou que o Departamento do Tesouro estava preparado para tomar medidas adicionais, se necess\u00e1rio, para apoiar o esfor\u00e7o do Presidente norte-americano para acabar com a guerra. \u201cEncorajamos os nossos aliados a juntar-se a n\u00f3s e a cumprir estas san\u00e7\u00f5es\u201d, adiantou Bessent.<\/p>\n","protected":false},"excerpt":{"rendered":"Putin leva ainda relativamente a s\u00e9rio as novas san\u00e7\u00f5es impostas por Trump &#8211; mas quanto \u00e0s novas san\u00e7\u00f5es&hellip;\n","protected":false},"author":2,"featured_media":56347,"comment_status":"","ping_status":"","sticky":false,"template":"","format":"standard","meta":{"footnotes":""},"categories":[50],"tags":[609,836,611,27,28,607,608,333,832,604,135,610,92,476,15,16,301,830,889,14,603,25,26,570,21,22,831,833,23026,62,834,12,13,19,20,835,602,6153,52,32,23,24,3813,839,23485,28560,17,18,2183,840,29,30,31,2415,63,64,65],"class_list":{"0":"post-123617","1":"post","2":"type-post","3":"status-publish","4":"format-standard","5":"has-post-thumbnail","7":"category-mundo","8":"tag-alerta","9":"tag-analise","10":"tag-ao-minuto","11":"tag-breaking-news","12":"tag-breakingnews","13":"tag-cnn","14":"tag-cnn-portugal","15":"tag-comentadores","16":"tag-costa","17":"tag-crime","18":"tag-desporto","19":"tag-direto","20":"tag-donald-trump","21":"tag-economia","22":"tag-featured-news","23":"tag-featurednews","24":"tag-governo","25":"tag-guerra","26":"tag-guerra-na-ucrania","27":"tag-headlines","28":"tag-justica","29":"tag-latest-news","30":"tag-latestnews","31":"tag-live","32":"tag-main-news","33":"tag-mainnews","34":"tag-mais-vistas","35":"tag-marcelo","36":"tag-misseis-tomahawk","37":"tag-mundo","38":"tag-negocios","39":"tag-news","40":"tag-noticias","41":"tag-noticias-principais","42":"tag-noticiasprincipais","43":"tag-opiniao","44":"tag-pais","45":"tag-petroleo","46":"tag-politica","47":"tag-portugal","48":"tag-principais-noticias","49":"tag-principaisnoticias","50":"tag-putin","51":"tag-russia","52":"tag-tomahawk","53":"tag-tomahawks","54":"tag-top-stories","55":"tag-topstories","56":"tag-trump","57":"tag-ucrania","58":"tag-ultimas","59":"tag-ultimas-noticias","60":"tag-ultimasnoticias","61":"tag-vladimir-putin","62":"tag-world","63":"tag-world-news","64":"tag-worldnews"},"share_on_mastodon":{"url":"","error":"Validation failed: Text character limit of 500 exceeded"},"_links":{"self":[{"href":"https:\/\/www.europesays.com\/pt\/wp-json\/wp\/v2\/posts\/123617","targetHints":{"allow":["GET"]}}],"collection":[{"href":"https:\/\/www.europesays.com\/pt\/wp-json\/wp\/v2\/posts"}],"about":[{"href":"https:\/\/www.europesays.com\/pt\/wp-json\/wp\/v2\/types\/post"}],"author":[{"embeddable":true,"href":"https:\/\/www.europesays.com\/pt\/wp-json\/wp\/v2\/users\/2"}],"replies":[{"embeddable":true,"href":"https:\/\/www.europesays.com\/pt\/wp-json\/wp\/v2\/comments?post=123617"}],"version-history":[{"count":0,"href":"https:\/\/www.europesays.com\/pt\/wp-json\/wp\/v2\/posts\/123617\/revisions"}],"wp:featuredmedia":[{"embeddable":true,"href":"https:\/\/www.europesays.com\/pt\/wp-json\/wp\/v2\/media\/56347"}],"wp:attachment":[{"href":"https:\/\/www.europesays.com\/pt\/wp-json\/wp\/v2\/media?parent=123617"}],"wp:term":[{"taxonomy":"category","embeddable":true,"href":"https:\/\/www.europesays.com\/pt\/wp-json\/wp\/v2\/categories?post=123617"},{"taxonomy":"post_tag","embeddable":true,"href":"https:\/\/www.europesays.com\/pt\/wp-json\/wp\/v2\/tags?post=123617"}],"curies":[{"name":"wp","href":"https:\/\/api.w.org\/{rel}","templated":true}]}}