{"id":123622,"date":"2025-10-23T20:12:19","date_gmt":"2025-10-23T20:12:19","guid":{"rendered":"https:\/\/www.europesays.com\/pt\/123622\/"},"modified":"2025-10-23T20:12:19","modified_gmt":"2025-10-23T20:12:19","slug":"joana-reage-declaracoes-de-afonso-leitao-sobre-namoro-toxico-tenho-a-minha-verdade-secret-story","status":"publish","type":"post","link":"https:\/\/www.europesays.com\/pt\/123622\/","title":{"rendered":"Joana reage declara\u00e7\u00f5es de Afonso Leit\u00e3o sobre namoro &#8216;t\u00f3xico&#8217;: \u00abTenho a minha verdade\u00bb &#8211; Secret Story"},"content":{"rendered":"<p>                            Joana do Secret Story 9 reage \u00e0s acusa\u00e7\u00f5es de Afonso Leit\u00e3o aquando participa\u00e7\u00e3o no Big Brother Ver\u00e3o. <\/p>\n<p data-end=\"643\" data-start=\"320\"><strong>Joana <\/strong>foi expulsa na gala do passado domingo, 19 de outubro, do \u201cSecret Story 9\u201d, e agora v\u00ea o seu nome envolvido em conversas que deram que falar. <a href=\"https:\/\/tvi.iol.pt\/bigbrother\/videos\/ciumenta-e-controladora-afonso-expoe-ex-namorada-em-conversa-com-miranda-e-continuaste-com-ela\/68a71c3c0cf28cf887683dbd\" rel=\"nofollow noopener\" target=\"_blank\">Durante o \u201cBig Brother \u2013 Ver\u00e3o\u201d, o namorado de Catarina Miranda revelou que viveu uma rela\u00e7\u00e3o alegadamente t\u00f3xica com uma rapariga<\/a> \u2014 e, entretanto, soube-se que se tratava de Joana.<\/p>\n<p data-end=\"1278\" data-start=\"645\"><strong>O jovem descreveu um epis\u00f3dio que o marcou profundamente: <\/strong>\u00abEla tirou-me um alarme para eu n\u00e3o acordar. Acordo com chamadas do meu diretor desportivo. Comecei a entrar em parafuso, porque n\u00e3o faltava aos jogos. O meu diretor veio a Alcochete buscar-me, o autocarro arrancou, ele veio a Alcochete buscar-me para conseguir ir ao jogo\u00bb, contou. Apesar de ter tentado perdoar, o namorado de Catarina Miranda acabou por p\u00f4r fim \u00e0 rela\u00e7\u00e3o. \u00abCome\u00e7ou a ser demais. A partir da\u00ed, come\u00e7aram a haver crises de ci\u00fames \u00e0 toa. Disse que j\u00e1 chegava. Ainda nos vimos. Chegou a uma altura em que me apareceu \u00e0 porta de casa e coisas assim\u00bb, revelou.<\/p>\n<p data-end=\"1932\" data-start=\"1280\"><strong>Agora fora da casa mais vigiada do pa\u00eds, Joana reagiu \u00e0s acusa\u00e7\u00f5es, em declara\u00e7\u00f5es <\/strong>\u00e0 revista TV 7 Dias. \u00abJ\u00e1 vi algumas coisas, mas n\u00e3o vou falar sobre esse assunto. Tenho um grande apre\u00e7o pela fam\u00edlia do Afonso. Gosto muito deles. Tudo aquilo que se passou foi h\u00e1 mais de cinco anos, n\u00e3o acredito que seja necess\u00e1rio dar palco a esse tipo de acontecimentos\u00bb, afirmou a ex-concorrente. Serena e sem entrar em confronto, Joana preferiu deixar o passado no passado: \u00abAs hist\u00f3rias que quiserem dizer, v\u00e3o dizer. Eu n\u00e3o estou aqui para calar ningu\u00e9m, somos livres de dizer aquilo que queremos. Tenho a minha verdade, e o resto \u00e9 o resto. Est\u00e1 tudo bem.\u00bb<\/p>\n","protected":false},"excerpt":{"rendered":"Joana do Secret Story 9 reage \u00e0s acusa\u00e7\u00f5es de Afonso Leit\u00e3o aquando participa\u00e7\u00e3o no Big Brother Ver\u00e3o. Joana&hellip;\n","protected":false},"author":2,"featured_media":123623,"comment_status":"","ping_status":"","sticky":false,"template":"","format":"standard","meta":{"footnotes":""},"categories":[142],"tags":[2031,18706,114,115,18705,19091,32,33,151,18704],"class_list":{"0":"post-123622","1":"post","2":"type-post","3":"status-publish","4":"format-standard","5":"has-post-thumbnail","7":"category-tv","8":"tag-afonso-leitao","9":"tag-bastidores-secret-story","10":"tag-entertainment","11":"tag-entretenimento","12":"tag-entrevistas-concorrentes-tvi","13":"tag-joana","14":"tag-portugal","15":"tag-pt","16":"tag-tv","17":"tag-vida-fora-da-casa"},"share_on_mastodon":{"url":"https:\/\/pubeurope.com\/@pt\/115425309226853072","error":""},"_links":{"self":[{"href":"https:\/\/www.europesays.com\/pt\/wp-json\/wp\/v2\/posts\/123622","targetHints":{"allow":["GET"]}}],"collection":[{"href":"https:\/\/www.europesays.com\/pt\/wp-json\/wp\/v2\/posts"}],"about":[{"href":"https:\/\/www.europesays.com\/pt\/wp-json\/wp\/v2\/types\/post"}],"author":[{"embeddable":true,"href":"https:\/\/www.europesays.com\/pt\/wp-json\/wp\/v2\/users\/2"}],"replies":[{"embeddable":true,"href":"https:\/\/www.europesays.com\/pt\/wp-json\/wp\/v2\/comments?post=123622"}],"version-history":[{"count":0,"href":"https:\/\/www.europesays.com\/pt\/wp-json\/wp\/v2\/posts\/123622\/revisions"}],"wp:featuredmedia":[{"embeddable":true,"href":"https:\/\/www.europesays.com\/pt\/wp-json\/wp\/v2\/media\/123623"}],"wp:attachment":[{"href":"https:\/\/www.europesays.com\/pt\/wp-json\/wp\/v2\/media?parent=123622"}],"wp:term":[{"taxonomy":"category","embeddable":true,"href":"https:\/\/www.europesays.com\/pt\/wp-json\/wp\/v2\/categories?post=123622"},{"taxonomy":"post_tag","embeddable":true,"href":"https:\/\/www.europesays.com\/pt\/wp-json\/wp\/v2\/tags?post=123622"}],"curies":[{"name":"wp","href":"https:\/\/api.w.org\/{rel}","templated":true}]}}