{"id":123634,"date":"2025-10-23T20:20:25","date_gmt":"2025-10-23T20:20:25","guid":{"rendered":"https:\/\/www.europesays.com\/pt\/123634\/"},"modified":"2025-10-23T20:20:25","modified_gmt":"2025-10-23T20:20:25","slug":"policias-feridos-e-24-detidos-apos-terceira-noite-de-motins-anti-imigracao-em-dublin-republica-da-irlanda","status":"publish","type":"post","link":"https:\/\/www.europesays.com\/pt\/123634\/","title":{"rendered":"Pol\u00edcias feridos e 24 detidos ap\u00f3s terceira noite de motins anti-imigra\u00e7\u00e3o em Dublin | Rep\u00fablica da Irlanda"},"content":{"rendered":"<p>Vinte e quatro pessoas foram detidas ap\u00f3s mais uma noite de motins e de confrontos com a pol\u00edcia nas imedia\u00e7\u00f5es de um centro de alojamento de refugiados e requerentes de asilo, incluindo ucranianos, na zona ocidental de Dublin, capital da <a href=\"https:\/\/www.publico.pt\/republica-da-irlanda\" target=\"_blank\" rel=\"nofollow noopener\">Rep\u00fablica da Irlanda<\/a>, informaram ensta quinta-feira as autoridades irlandesas.<\/p>\n<p>Dois agentes da An Garda S\u00edoch\u00e1na, a pol\u00edcia irlandesa, foram levados para o hospital na quarta-feira \u00e0 noite, na sequ\u00eancia dos ataques levados a cabo pelos desordeiros, que inclu\u00edram o lan\u00e7amento de pedras, de garrafas de vidro, de t\u00e1buas de madeira e de pirotecnia. Uma das agentes feridas foi atingida com uma garrafa na cabe\u00e7a.<\/p>\n<p>\u201cOs membros da An Garda S\u00edoch\u00e1na responderam mais uma vez com coragem e profissionalismo \u00e0 viol\u00eancia criminosa ocorrida esta noite no Citywest. Muitos foram detidos e outros ser\u00e3o detidos em breve. Ser\u00e3o acusados, identificados e julgados implacavelmente pelo nosso sistema judicial\u201d, reagiu o ministro da Justi\u00e7a irland\u00eas, Jim O\u2019Callaghan, citado pelo Irish Independent.<\/p>\n<p>Entre os detidos constam 17 adultos, que ser\u00e3o apresentados a um juiz nesta quinta-feira, e cinco menores de idade, que j\u00e1 foram libertados e cujo destino ser\u00e1 decidido ao abrigo de um programa especial da Garda para lidar com criminalidade juvenil.<\/p>\n<p>Pela terceira noite consecutiva, centenas de pessoas juntaram-se em frente ao complexo de Citywest, onde est\u00e3o alojados benefici\u00e1rios de um programa de protec\u00e7\u00e3o internacional do Governo, que, segundo o Irish Times, incluem 1200 ucranianos que fugiram da invas\u00e3o russa do seu pa\u00eds e 460 requerentes de asilo.<\/p>\n<p>Os protestos come\u00e7aram depois de um homem de 26 anos, de nacionalidade estrangeira, ter sido acusado de abusos sexuais contra uma rapariga de dez anos no campus do Citywest, na madrugada de segunda-feira. O nome e a nacionalidade do agressor n\u00e3o foram, no entanto, revelados, ao abrigo da legisla\u00e7\u00e3o penal irlandesa.<\/p>\n<p>Justin Kelly, comiss\u00e1rio da pol\u00edcia, assegurou que a \u201cviol\u00eancia\u201d teve a \u201cinten\u00e7\u00e3o de danificar o edif\u00edcio Citywest e de intimidar aqueles que estavam l\u00e1 dentro\u201d, e Miche\u00e1l Martin, primeiro-ministro irland\u00eas e l\u00edder de um executivo de centro-direita, afirmou que \u201cn\u00e3o h\u00e1 justifica\u00e7\u00e3o\u201d para ataques contra a pol\u00edcia.<\/p>\n<p>\u201cN\u00e3o \u00e9 a primeira vez que a comunidade ucraniana ou a comunidade imigrante em geral na Irlanda s\u00e3o alvo de ataques\u201d, lamentou Anatoilii Primakov, porta-voz da comunidade imigrante da Ucr\u00e2nia na Irlanda, em declara\u00e7\u00f5es \u00e0 RT\u00c9. \u201cEstamos a lidar com fam\u00edlias que fugiram da guerra (\u2026), fam\u00edlias e pessoas que j\u00e1 sofreram, que vieram para a Irlanda em busca de abrigo e seguran\u00e7a, mas que, em vez disso, est\u00e3o a encontrar isto.\u201d<\/p>\n<p>Temendo uma onda de viol\u00eancia anti-imigra\u00e7\u00e3o semelhante \u00e0 que <a href=\"https:\/\/www.publico.pt\/2023\/11\/23\/mundo\/noticia\/protestos-violentos-dublin-esfaqueamento-mulher-tres-criancas-2071338\" target=\"_blank\" rel=\"nofollow noopener\">ocorreu em 2023<\/a>, num protesto motivado por um ataque de um homem <a href=\"https:\/\/www.publico.pt\/2023\/11\/23\/mundo\/noticia\/tres-criancas-esfaqueadas-junto-escola-dublin-menina-sofreu-ferimentos-graves-2071276\" target=\"_blank\" rel=\"nofollow noopener\">contra tr\u00eas crian\u00e7as e uma mulher<\/a>, a pol\u00edcia anunciou que vai manter um forte dispositivo de seguran\u00e7a nas imedia\u00e7\u00f5es do Citywest durante os pr\u00f3ximos dias, com centenas de agentes destacados para travar novos motins.<\/p>\n<p>As autoridades esperam um regresso \u00e0 calma j\u00e1 nesta quinta-feira \u00e0 noite, v\u00e9spera da realiza\u00e7\u00e3o das elei\u00e7\u00f5es presidenciais.<\/p>\n","protected":false},"excerpt":{"rendered":"Vinte e quatro pessoas foram detidas ap\u00f3s mais uma noite de motins e de confrontos com a pol\u00edcia&hellip;\n","protected":false},"author":2,"featured_media":123635,"comment_status":"","ping_status":"","sticky":false,"template":"","format":"standard","meta":{"footnotes":""},"categories":[50],"tags":[27,28,15,16,14,9852,25,26,21,22,1961,62,12,13,19,20,23,24,4256,25827,17,18,29,30,31,3097,63,64,65],"class_list":{"0":"post-123634","1":"post","2":"type-post","3":"status-publish","4":"format-standard","5":"has-post-thumbnail","7":"category-mundo","8":"tag-breaking-news","9":"tag-breakingnews","10":"tag-featured-news","11":"tag-featurednews","12":"tag-headlines","13":"tag-irlanda","14":"tag-latest-news","15":"tag-latestnews","16":"tag-main-news","17":"tag-mainnews","18":"tag-migracoes","19":"tag-mundo","20":"tag-news","21":"tag-noticias","22":"tag-noticias-principais","23":"tag-noticiasprincipais","24":"tag-principais-noticias","25":"tag-principaisnoticias","26":"tag-protestos","27":"tag-republica-da-irlanda","28":"tag-top-stories","29":"tag-topstories","30":"tag-ultimas","31":"tag-ultimas-noticias","32":"tag-ultimasnoticias","33":"tag-violencia","34":"tag-world","35":"tag-world-news","36":"tag-worldnews"},"share_on_mastodon":{"url":"","error":"Validation failed: Text character limit of 500 exceeded"},"_links":{"self":[{"href":"https:\/\/www.europesays.com\/pt\/wp-json\/wp\/v2\/posts\/123634","targetHints":{"allow":["GET"]}}],"collection":[{"href":"https:\/\/www.europesays.com\/pt\/wp-json\/wp\/v2\/posts"}],"about":[{"href":"https:\/\/www.europesays.com\/pt\/wp-json\/wp\/v2\/types\/post"}],"author":[{"embeddable":true,"href":"https:\/\/www.europesays.com\/pt\/wp-json\/wp\/v2\/users\/2"}],"replies":[{"embeddable":true,"href":"https:\/\/www.europesays.com\/pt\/wp-json\/wp\/v2\/comments?post=123634"}],"version-history":[{"count":0,"href":"https:\/\/www.europesays.com\/pt\/wp-json\/wp\/v2\/posts\/123634\/revisions"}],"wp:featuredmedia":[{"embeddable":true,"href":"https:\/\/www.europesays.com\/pt\/wp-json\/wp\/v2\/media\/123635"}],"wp:attachment":[{"href":"https:\/\/www.europesays.com\/pt\/wp-json\/wp\/v2\/media?parent=123634"}],"wp:term":[{"taxonomy":"category","embeddable":true,"href":"https:\/\/www.europesays.com\/pt\/wp-json\/wp\/v2\/categories?post=123634"},{"taxonomy":"post_tag","embeddable":true,"href":"https:\/\/www.europesays.com\/pt\/wp-json\/wp\/v2\/tags?post=123634"}],"curies":[{"name":"wp","href":"https:\/\/api.w.org\/{rel}","templated":true}]}}