{"id":123638,"date":"2025-10-23T20:25:07","date_gmt":"2025-10-23T20:25:07","guid":{"rendered":"https:\/\/www.europesays.com\/pt\/123638\/"},"modified":"2025-10-23T20:25:07","modified_gmt":"2025-10-23T20:25:07","slug":"mineira-maria-do-carmo-ferreira-disputa-o-premio-oceanos","status":"publish","type":"post","link":"https:\/\/www.europesays.com\/pt\/123638\/","title":{"rendered":"Mineira Maria do Carmo Ferreira disputa o Pr\u00eamio Oceanos"},"content":{"rendered":"<p class=\"texto\">O pr\u00eamio Oceanos, que elege o melhor da poesia e prosa escrita em pa\u00edses lus\u00f3fonos, anunciou nesta quinta (23\/10) os finalistas da edi\u00e7\u00e3o de 2025, com autores de quatro nacionalidades diferentes. Entre eles est\u00e1 a mineira Maria do Carmo Ferreira, com o livro \u201cCoram populo \u2013 Poesia reunida (2)\u201d, organizado por Fabr\u00edcio Marques e Silvana Guimar\u00e3es.<\/p>\n<p class=\"texto\">S\u00e3o cinco nomes indicados para cada um dos dois pr\u00eamios, e o resultado sai no dia 10 de dezembro.<\/p>\n<p class=\"texto\">Entre os destaques da prosa est\u00e3o o mo\u00e7ambicano Mia Couto, com \u201cA cegueira do rio\u201d, o angolano Jos\u00e9 Eduardo Agualusa, autor de \u201cMestre dos batuques\u201d, e a brasileira Silvana Tavano, que concorre com \u201cRessuscitar mamutes\u201d, finalista do Pr\u00eamio S\u00e3o Paulo. Completam a lista os autores portugueses Rui Cardoso Martins e Teresa Veiga.<\/p>\n<p class=\"texto\">J\u00e1 a categoria de poesia tem em sua maioria brasileiros, representados por Maria do Carmo Ferreira, Ana Maria Vasconcelos e Fabiano Calixto. Os outros poetas concorrendo s\u00e3o o mo\u00e7ambicano Francisco Guita Jr. e o portugu\u00eas Ricardo Gil Soeiro.<\/p>\n<p class=\"texto\">Os 10 t\u00edtulos foram selecionados entre 3.432 inscritos, n\u00famero recorde para o pr\u00eamio. No ano passado, os pr\u00eamios foram para a brasileira Micheliny Verunschk, na categoria de prosa, e o portugu\u00eas Nuno J\u00fadice, na de poesia.<\/p>\n<p class=\"texto\">A avalia\u00e7\u00e3o dos finalistas est\u00e1 a cargo de um j\u00fari com representantes das quatro nacionalidades dos concorrentes.<\/p>\n<p class=\"texto\">Nascida em Cataguases, na Zona da Mata, Maria do Carmo Ferreira tem 85 anos e mora em Niter\u00f3i (RJ). Ela \u00e9 finalista tamb\u00e9m do Pr\u00eamio Jabuti, que ser\u00e1 entregue na pr\u00f3xima segunda-feira (27\/10). Formou-se na Faculdade de Letras da Universidade Federal de Minas Gerais, morou nos Estados Unidos e na Europa, al\u00e9m de S\u00e3o Paulo e Rio de Janeiro.<\/p>\n<p class=\"texto\">Carminha, como \u00e9 conhecida, trabalhou por mais de 30 anos na R\u00e1dio MEC como criadora, tradutora, redatora, produtora e coordenadora de programas liter\u00e1rios. Publicou poesia esparsamente, reunida agora pela Martelo Casa Editorial em trilogia com 213 poemas, que re\u00fane os volumes \u201cCave Carmen\u201d, \u201cCoram populo\u201d e \u201cQuantum satis\u201d.<\/p>\n<p>FINALISTAS<br \/>\n<br \/>Prosa<\/p>\n<p class=\"texto\">\u201cA cegueira do rio\u201d, do mo\u00e7ambicano Mia Couto. Editora Companhia das Letras<br \/>\u201cAs melhoras da morte\u201d, do portugu\u00eas Rui Cardoso Martins. Editora Tinta-da-China<br \/>\u201cMestre dos batuques\u201d, do angolano Jos\u00e9 Eduardo Agualusa. Editora Tusquets<br \/>\u201cRessuscitar mamutes\u201d, da brasileira Silvana Tavano. Editora Aut\u00eantica<br \/>\u201cVermelho delicado\u201d, da portuguesa Teresa Veiga. Editora Tinta-da-China<\/p>\n<p>Poesia<\/p>\n<p class=\"texto\">\u201cAs coisas do morto\u201d, do mo\u00e7ambicano Francisco Guita Jr. Editora Gala-Gala<br \/>\u201cCoram populo \u2013 Poesia reunida (2)\u201d, da brasileira Maria do Carmo Ferreira. Editora Martelo<br \/>\u201cLi\u00e7\u00f5es da miragem\u201d, do portugu\u00eas Ricardo Gil Soeiro. Editora Ass\u00edrio &amp; Alvim (Portugal)<br \/>\u201cLongarinas\u201d, da brasileira Ana Maria Vasconcelos. Editora 7Letras<br \/>\u201cO Pito do Pango &amp; Outros poemas\u201d, do brasileiro Fabiano Calixto. Editora Cors\u00e1rio-Sat\u00e3<\/p>\n","protected":false},"excerpt":{"rendered":"O pr\u00eamio Oceanos, que elege o melhor da poesia e prosa escrita em pa\u00edses lus\u00f3fonos, anunciou nesta quinta&hellip;\n","protected":false},"author":2,"featured_media":123639,"comment_status":"","ping_status":"","sticky":false,"template":"","format":"standard","meta":{"footnotes":""},"categories":[143],"tags":[169,114,115,170,32,33],"class_list":{"0":"post-123638","1":"post","2":"type-post","3":"status-publish","4":"format-standard","5":"has-post-thumbnail","7":"category-livros","8":"tag-books","9":"tag-entertainment","10":"tag-entretenimento","11":"tag-livros","12":"tag-portugal","13":"tag-pt"},"share_on_mastodon":{"url":"https:\/\/pubeurope.com\/@pt\/115425360301749735","error":""},"_links":{"self":[{"href":"https:\/\/www.europesays.com\/pt\/wp-json\/wp\/v2\/posts\/123638","targetHints":{"allow":["GET"]}}],"collection":[{"href":"https:\/\/www.europesays.com\/pt\/wp-json\/wp\/v2\/posts"}],"about":[{"href":"https:\/\/www.europesays.com\/pt\/wp-json\/wp\/v2\/types\/post"}],"author":[{"embeddable":true,"href":"https:\/\/www.europesays.com\/pt\/wp-json\/wp\/v2\/users\/2"}],"replies":[{"embeddable":true,"href":"https:\/\/www.europesays.com\/pt\/wp-json\/wp\/v2\/comments?post=123638"}],"version-history":[{"count":0,"href":"https:\/\/www.europesays.com\/pt\/wp-json\/wp\/v2\/posts\/123638\/revisions"}],"wp:featuredmedia":[{"embeddable":true,"href":"https:\/\/www.europesays.com\/pt\/wp-json\/wp\/v2\/media\/123639"}],"wp:attachment":[{"href":"https:\/\/www.europesays.com\/pt\/wp-json\/wp\/v2\/media?parent=123638"}],"wp:term":[{"taxonomy":"category","embeddable":true,"href":"https:\/\/www.europesays.com\/pt\/wp-json\/wp\/v2\/categories?post=123638"},{"taxonomy":"post_tag","embeddable":true,"href":"https:\/\/www.europesays.com\/pt\/wp-json\/wp\/v2\/tags?post=123638"}],"curies":[{"name":"wp","href":"https:\/\/api.w.org\/{rel}","templated":true}]}}