{"id":123673,"date":"2025-10-23T20:48:24","date_gmt":"2025-10-23T20:48:24","guid":{"rendered":"https:\/\/www.europesays.com\/pt\/123673\/"},"modified":"2025-10-23T20:48:24","modified_gmt":"2025-10-23T20:48:24","slug":"ue-e-eua-anunciam-novas-sancoes-contra-a-russia","status":"publish","type":"post","link":"https:\/\/www.europesays.com\/pt\/123673\/","title":{"rendered":"UE e EUA anunciam novas san\u00e7\u00f5es contra a R\u00fassia"},"content":{"rendered":"<p>\n                    Publicado a                 23\/10\/2025 &#8211; 7:31 GMT+2<br \/>\n                \u2022\u00daltimas not\u00edcias<br \/>\n                                     8:48\n                                        <\/p>\n<p>A <strong>Uni\u00e3o Europeia<\/strong> concordou em impor uma nova ronda de san\u00e7\u00f5es contra a <strong>R\u00fassia<\/strong>, ao passo que os <strong>Estados Unidos<\/strong> anunciaram tamb\u00e9m &#8220;san\u00e7\u00f5es maci\u00e7as&#8221;, pressionando o Kremlin a concordar com um cessar-fogo imediato na Ucr\u00e2nia.<\/p>\n<p><strong>Donald Trump anunciou, na Casa Branca, novas &#8220;san\u00e7\u00f5es maci\u00e7as contra as duas maiores petrol\u00edferas russas, Lukoil e Rosneft<\/strong>, que est\u00e3o entre as maiores empresas mundiais do mundo&#8221;, esperando diz, que &#8220;Putin seja chamado \u00e0 raz\u00e3o, mas que Zelenskyy tamb\u00e9m mostre razoabilidade, porque s\u00e3o precisos dois para dan\u00e7ar o tango&#8221;.<\/p>\n<p>Os coment\u00e1rios surgem ap\u00f3s o <a href=\"https:\/\/pt.euronews.com\/2025\/10\/22\/trump-nao-quer-perder-tempo-com-putin-e-cancela-reuniao-em-budapeste\" rel=\"nofollow noopener\" target=\"_blank\"><strong>cancelamento por tempo indeterminado de uma reuni\u00e3o entre o presidente dos EUA, Donald Trump, e o presidente russo, Vladimir Putin<\/strong><\/a>, em Budapeste. A Casa Branca cancelou a reuni\u00e3o depois de ter detetado que a <a href=\"https:\/\/pt.euronews.com\/2025\/10\/21\/exigencias-de-moscovo-nao-se-alteraram-apos-reuniao-trump-zelenskyy-diz-o-kremlin\" rel=\"nofollow noopener\" target=\"_blank\"><strong>posi\u00e7\u00e3o da R\u00fassia permanecia inalterada<\/strong><\/a>.<\/p>\n<p>Desde h\u00e1 um ano, os europeus t\u00eam vindo a pedir aos norte-americanos que aumentem a press\u00e3o sobre a economia russa, uma medida que Trump tem, at\u00e9 agora, recusado tomar.<\/p>\n<p>Ao mesmo tempo, em Bruxelas, os embaixadores chegaram a acordo sobre o 19\u00ba pacote de san\u00e7\u00f5es desde fevereiro de 2022, de acordo com a presid\u00eancia dinamarquesa do Conselho da UE.<\/p>\n<p>O acordo foi poss\u00edvel depois de <strong>Robert Fico<\/strong>, o primeiro-ministro da Eslov\u00e1quia, ter cedido e <a href=\"https:\/\/pt.euronews.com\/my-europe\/2025\/10\/21\/ue-pressiona-primeiro-ministro-eslovaco-para-que-levante-veto-as-sancoes-contra-a-russia\" rel=\"nofollow noopener\" target=\"_blank\"><strong>levantado o seu veto a exig\u00eancias n\u00e3o relacionadas com os elevados pre\u00e7os da energia<\/strong><\/a> e com o futuro da ind\u00fastria autom\u00f3vel, que estava prestes a levar a uma cimeira na quinta-feira.<\/p>\n<p>A proposta introduz a primeira proibi\u00e7\u00e3o de importa\u00e7\u00e3o de <a href=\"https:\/\/pt.euronews.com\/my-europe\/2025\/09\/19\/temos-mesmo-de-agir-ue-quebra-o-tabu-com-as-primeiras-sancoes-contra-o-gas-russo\" rel=\"nofollow noopener\" target=\"_blank\"><strong>g\u00e1s natural liquefeito<\/strong><\/a><a href=\"https:\/\/www.euronews.com\/my-europe\/2025\/09\/19\/we-really-need-to-act-eu-breaks-taboo-with-first-ever-sanctions-on-russian-lng\" rel=\"nofollow noopener\" target=\"_blank\">(GNL) russo<a href=\"https:\/\/www.euronews.com\/my-europe\/2025\/09\/19\/we-really-need-to-act-eu-breaks-taboo-with-first-ever-sanctions-on-russian-lng\" rel=\"nofollow noopener\" target=\"_blank\">a partir de 1 de janeiro de 2027. A proibi\u00e7\u00e3o permitir\u00e1 aos restantes fornecedores (B\u00e9lgica, Fran\u00e7a, Pa\u00edses Baixos, Espanha e Portugal) invocar for\u00e7a maior e quebrar os contratos de longo prazo com Moscovo, o que poderia levar a processos judiciais de v\u00e1rios milhares de milh\u00f5es de euros.<\/p>\n<p>As san\u00e7\u00f5es pro\u00edbem todas as transa\u00e7\u00f5es com a Rosneft e a Gazprom Neft e colocam na lista negra mais 117 navios da &#8220;frota fantasma, que \u00e9 utilizada para contornar o pre\u00e7o m\u00e1ximo do petr\u00f3leo, elevando o total para 558 navios. Estes navios est\u00e3o impedidos de aceder aos portos e servi\u00e7os da UE.<\/p>\n<p>S\u00e3o aplicadas uma s\u00e9rie de medidas financeiras que visam v\u00e1rios bancos russos, sistemas de pagamento, zonas econ\u00f3micas especiais, plataformas de criptomoeda e 45 entidades acusadas de permitir a evas\u00e3o, incluindo 12 na China e em Hong Kong.<\/p>\n<p>A principal novidade \u00e9 um mecanismo que permite \u00e0s capitais restringir a circula\u00e7\u00e3o de diplomatas russos no espa\u00e7o Schengen sem passaportes.<\/p>\n<p>Os membros das miss\u00f5es diplom\u00e1ticas e consulares russas, incluindo o pessoal administrativo e t\u00e9cnico e os membros das suas fam\u00edlias, passam a ser obrigados a notificar a sua inten\u00e7\u00e3o de viajar ou transitar por outro Estado-membro para al\u00e9m do seu pa\u00eds de acolhimento.<\/p>\n<p>A notifica\u00e7\u00e3o deve ser efetuada pelo menos 24 horas antes da chegada e deve especificar o meio de transporte e a data e o ponto de entrada\/sa\u00edda. O Estado de acolhimento ter\u00e1 ent\u00e3o a possibilidade de autorizar ou recusar a passagem.<\/p>\n<p>O Servi\u00e7o Europeu para a A\u00e7\u00e3o Externa (SEAE) <a href=\"https:\/\/pt.euronews.com\/my-europe\/2025\/09\/19\/temos-mesmo-de-agir-ue-quebra-o-tabu-com-as-primeiras-sancoes-contra-o-gas-russo\" rel=\"nofollow noopener\" target=\"_blank\"><strong>argumentou<\/strong><\/a> que os diplomatas russos est\u00e3o &#8220;frequentemente envolvidos em atividades que contribuem para a agress\u00e3o da R\u00fassia contra a Ucr\u00e2nia, nomeadamente atrav\u00e9s da divulga\u00e7\u00e3o da ret\u00f3rica russa sobre as causas da guerra, o seu desenrolar e o papel da Uni\u00e3o&#8221;.<\/p>\n<p>Os diplomatas russos que se deslocam atrav\u00e9s do bloco correm o risco de se envolverem em &#8220;manipula\u00e7\u00e3o coordenada de informa\u00e7\u00e3o e interfer\u00eancia ou outros actos destinados a manipular a opini\u00e3o p\u00fablica&#8221;, refere o documento original elaborado pelo SEAE.<\/p>\n<p>O 19\u00ba pacote dever\u00e1 ser formalmente adotado na quinta-feira.<\/p>\n","protected":false},"excerpt":{"rendered":"Publicado a 23\/10\/2025 &#8211; 7:31 GMT+2 \u2022\u00daltimas not\u00edcias 8:48 A Uni\u00e3o Europeia concordou em impor uma nova ronda&hellip;\n","protected":false},"author":2,"featured_media":123674,"comment_status":"","ping_status":"","sticky":false,"template":"","format":"standard","meta":{"footnotes":""},"categories":[50],"tags":[27,28,15,16,14,25,26,21,22,62,12,13,19,20,23,24,839,17,18,840,29,30,31,636,63,64,65],"class_list":{"0":"post-123673","1":"post","2":"type-post","3":"status-publish","4":"format-standard","5":"has-post-thumbnail","7":"category-mundo","8":"tag-breaking-news","9":"tag-breakingnews","10":"tag-featured-news","11":"tag-featurednews","12":"tag-headlines","13":"tag-latest-news","14":"tag-latestnews","15":"tag-main-news","16":"tag-mainnews","17":"tag-mundo","18":"tag-news","19":"tag-noticias","20":"tag-noticias-principais","21":"tag-noticiasprincipais","22":"tag-principais-noticias","23":"tag-principaisnoticias","24":"tag-russia","25":"tag-top-stories","26":"tag-topstories","27":"tag-ucrania","28":"tag-ultimas","29":"tag-ultimas-noticias","30":"tag-ultimasnoticias","31":"tag-uniao-europeia","32":"tag-world","33":"tag-world-news","34":"tag-worldnews"},"share_on_mastodon":{"url":"https:\/\/pubeurope.com\/@pt\/115425450791842888","error":""},"_links":{"self":[{"href":"https:\/\/www.europesays.com\/pt\/wp-json\/wp\/v2\/posts\/123673","targetHints":{"allow":["GET"]}}],"collection":[{"href":"https:\/\/www.europesays.com\/pt\/wp-json\/wp\/v2\/posts"}],"about":[{"href":"https:\/\/www.europesays.com\/pt\/wp-json\/wp\/v2\/types\/post"}],"author":[{"embeddable":true,"href":"https:\/\/www.europesays.com\/pt\/wp-json\/wp\/v2\/users\/2"}],"replies":[{"embeddable":true,"href":"https:\/\/www.europesays.com\/pt\/wp-json\/wp\/v2\/comments?post=123673"}],"version-history":[{"count":0,"href":"https:\/\/www.europesays.com\/pt\/wp-json\/wp\/v2\/posts\/123673\/revisions"}],"wp:featuredmedia":[{"embeddable":true,"href":"https:\/\/www.europesays.com\/pt\/wp-json\/wp\/v2\/media\/123674"}],"wp:attachment":[{"href":"https:\/\/www.europesays.com\/pt\/wp-json\/wp\/v2\/media?parent=123673"}],"wp:term":[{"taxonomy":"category","embeddable":true,"href":"https:\/\/www.europesays.com\/pt\/wp-json\/wp\/v2\/categories?post=123673"},{"taxonomy":"post_tag","embeddable":true,"href":"https:\/\/www.europesays.com\/pt\/wp-json\/wp\/v2\/tags?post=123673"}],"curies":[{"name":"wp","href":"https:\/\/api.w.org\/{rel}","templated":true}]}}