{"id":123753,"date":"2025-10-23T21:53:17","date_gmt":"2025-10-23T21:53:17","guid":{"rendered":"https:\/\/www.europesays.com\/pt\/123753\/"},"modified":"2025-10-23T21:53:17","modified_gmt":"2025-10-23T21:53:17","slug":"iron-maiden-celebram-50-anos-com-livro-em-novembro-observador","status":"publish","type":"post","link":"https:\/\/www.europesays.com\/pt\/123753\/","title":{"rendered":"Iron Maiden celebram 50 anos com livro em novembro \u2013 Observador"},"content":{"rendered":"<p>Os Iron Maiden celebram 50 anos com o livro Infinite Dreams, uma edi\u00e7\u00e3o especial em capa dura, com mais de 600 imagens e testemunhos in\u00e9ditos dos membros da banda, que chega \u00e0s livrarias portuguesas a 5 de novembro.<\/p>\n<p>A obra, lan\u00e7ada originalmente pela editora londrina Thames &amp; Hudson, chega ao mercado portugu\u00eas atrav\u00e9s da editora Marcador e apresenta-se como \u201ca hist\u00f3ria visual definitiva dos Iron Maiden\u201d, com mais de 600 ilustra\u00e7\u00f5es a cores, incluindo fotografias de Ross Halfin e John McMurtrie, capas ic\u00f3nicas de \u00e1lbuns, adere\u00e7os de palco, letras manuscritas e objetos raros do arquivo oficial e das cole\u00e7\u00f5es pessoais dos membros da banda.<\/p>\n<p>Descrito pela editora como um <strong>registo visual e biogr\u00e1fico de refer\u00eancia<\/strong>, o volume inclui um pref\u00e1cio de Steve Harris, fundador e baixista dos Iron Maiden, e um posf\u00e1cio do vocalista Bruce Dickinson, que refletem sobre a <strong>longevidade e o impacto cultural da banda.<\/strong><\/p>\n<p>\u201cEsta jornada tem sido uma verdadeira viagem no tempo para mim \u2014\u00a0e espero que seja igualmente fascinante para voc\u00eas\u201d, escreve Steve Harris, acrescentando: \u201c\u00c9 incr\u00edvel quando as pessoas me dizem que a banda as ajudou a superar momentos dif\u00edceis, que lhes mudou a vida ou at\u00e9 que lhes salvou a vida.\u201d<\/p>\n<p>Para Bruce Dickinson, \u201c\u00e9 o poder da imagina\u00e7\u00e3o que perdura\u201d e s\u00e3o as hist\u00f3rias da banda brit\u00e2nica que \u201csobreviver\u00e3o para as gera\u00e7\u00f5es futuras\u201d.<\/p>\n<p>Com 352 p\u00e1ginas e edi\u00e7\u00e3o comemorativa em capa dura, Infinite Dreams \u2014\u00a0Iron Maiden compila imagens raras e in\u00e9ditas, bem como hist\u00f3rias de bastidores que atravessam cinco d\u00e9cadas de carreira, desde os primeiros concertos em pubs\u00a0londrinos at\u00e9 \u00e0s digress\u00f5es mundiais que consagraram a banda como um dos nomes mais influentes do heavy metal.<\/p>\n<p>Segundo a editora, o livro foi <strong>criado com o envolvimento direto dos membros da banda<\/strong> e da sua equipa de management, bem como de artistas e colaboradores de v\u00e1rias \u00e9pocas, resultando numa \u201ccr\u00f3nica visual minuciosamente compilada\u201d, destinada tanto a f\u00e3s como a novos seguidores.<\/p>\n<p>O lan\u00e7amento mundial do livro aconteceu a 7 de outubro e chega agora a Portugal, estando os direitos de publica\u00e7\u00e3o j\u00e1 vendidos para v\u00e1rios pa\u00edses.<\/p>\n<p>                    <strong>Tem um minuto?<\/strong><br \/>O Observador est\u00e1 a realizar junto dos seus leitores um curto estudo de apenas quatro perguntas. <a href=\"https:\/\/observador.typeform.com\/to\/DnJJ0FZQ\" target=\"_blank\" style=\"text-decoration: underline; color:#262626;\" rel=\"nofollow noopener\">Responda aqui<\/a>.<\/p>\n","protected":false},"excerpt":{"rendered":"Os Iron Maiden celebram 50 anos com o livro Infinite Dreams, uma edi\u00e7\u00e3o especial em capa dura, com&hellip;\n","protected":false},"author":2,"featured_media":123754,"comment_status":"","ping_status":"","sticky":false,"template":"","format":"standard","meta":{"footnotes":""},"categories":[143],"tags":[169,315,114,115,864,170,339,32,33],"class_list":{"0":"post-123753","1":"post","2":"type-post","3":"status-publish","4":"format-standard","5":"has-post-thumbnail","7":"category-livros","8":"tag-books","9":"tag-cultura","10":"tag-entertainment","11":"tag-entretenimento","12":"tag-literatura","13":"tag-livros","14":"tag-mu00fasica","15":"tag-portugal","16":"tag-pt"},"share_on_mastodon":{"url":"https:\/\/pubeurope.com\/@pt\/115425706243236515","error":""},"_links":{"self":[{"href":"https:\/\/www.europesays.com\/pt\/wp-json\/wp\/v2\/posts\/123753","targetHints":{"allow":["GET"]}}],"collection":[{"href":"https:\/\/www.europesays.com\/pt\/wp-json\/wp\/v2\/posts"}],"about":[{"href":"https:\/\/www.europesays.com\/pt\/wp-json\/wp\/v2\/types\/post"}],"author":[{"embeddable":true,"href":"https:\/\/www.europesays.com\/pt\/wp-json\/wp\/v2\/users\/2"}],"replies":[{"embeddable":true,"href":"https:\/\/www.europesays.com\/pt\/wp-json\/wp\/v2\/comments?post=123753"}],"version-history":[{"count":0,"href":"https:\/\/www.europesays.com\/pt\/wp-json\/wp\/v2\/posts\/123753\/revisions"}],"wp:featuredmedia":[{"embeddable":true,"href":"https:\/\/www.europesays.com\/pt\/wp-json\/wp\/v2\/media\/123754"}],"wp:attachment":[{"href":"https:\/\/www.europesays.com\/pt\/wp-json\/wp\/v2\/media?parent=123753"}],"wp:term":[{"taxonomy":"category","embeddable":true,"href":"https:\/\/www.europesays.com\/pt\/wp-json\/wp\/v2\/categories?post=123753"},{"taxonomy":"post_tag","embeddable":true,"href":"https:\/\/www.europesays.com\/pt\/wp-json\/wp\/v2\/tags?post=123753"}],"curies":[{"name":"wp","href":"https:\/\/api.w.org\/{rel}","templated":true}]}}