{"id":123820,"date":"2025-10-23T23:11:13","date_gmt":"2025-10-23T23:11:13","guid":{"rendered":"https:\/\/www.europesays.com\/pt\/123820\/"},"modified":"2025-10-23T23:11:13","modified_gmt":"2025-10-23T23:11:13","slug":"apresentacao-do-livro-a-mae-esta-a-arder","status":"publish","type":"post","link":"https:\/\/www.europesays.com\/pt\/123820\/","title":{"rendered":"Apresenta\u00e7\u00e3o do livro A m\u00e3e est\u00e1 a arder"},"content":{"rendered":"<p>\t\t\t\t\t\t                        Literatura<\/p>\n<p>\n                        A Albatroz e a autora convidam para a apresenta\u00e7\u00e3o do livro de Mikaela \u00d6v\u00e9n, que se realiza a 24 de outubro (sexta-feira), pelas 18h30 na\u00a0Radioclube Agramonte.                        <\/p>\n<p class=\"event_list_info\">\n<p>\t\t\t\t\t\t\t\t\t\t                                        24 Out  2025\u00a0\u00a0|\u00a0\u00a018h30\n                                                                            <\/p>\n<p>Radioclube Agramonte<\/p>\n<p>R. Jo\u00e3o Martins Branco 180, 4150-431 Porto<\/p>\n<p>\n                        \tVenha da\u00ed e descubra tudo sobre a (peri)menopausa e como sobreviver a ela!                        \t   <\/p>\n","protected":false},"excerpt":{"rendered":"Literatura A Albatroz e a autora convidam para a apresenta\u00e7\u00e3o do livro de Mikaela \u00d6v\u00e9n, que se realiza&hellip;\n","protected":false},"author":2,"featured_media":123821,"comment_status":"","ping_status":"","sticky":false,"template":"","format":"standard","meta":{"footnotes":""},"categories":[143],"tags":[9226,207,169,10650,470,315,3144,114,115,10648,170,150,10649,419,32,33,2387],"class_list":{"0":"post-123820","1":"post","2":"type-post","3":"status-publish","4":"format-standard","5":"has-post-thumbnail","7":"category-livros","8":"tag-agenda-cultural","9":"tag-arte","10":"tag-books","11":"tag-centro-nacional-de-cultura","12":"tag-cinema","13":"tag-cultura","14":"tag-danca","15":"tag-entertainment","16":"tag-entretenimento","17":"tag-exposicoes","18":"tag-livros","19":"tag-musica","20":"tag-obras-de-referencia","21":"tag-patrimonio","22":"tag-portugal","23":"tag-pt","24":"tag-teatro"},"share_on_mastodon":{"url":"https:\/\/pubeurope.com\/@pt\/115426012964352293","error":""},"_links":{"self":[{"href":"https:\/\/www.europesays.com\/pt\/wp-json\/wp\/v2\/posts\/123820","targetHints":{"allow":["GET"]}}],"collection":[{"href":"https:\/\/www.europesays.com\/pt\/wp-json\/wp\/v2\/posts"}],"about":[{"href":"https:\/\/www.europesays.com\/pt\/wp-json\/wp\/v2\/types\/post"}],"author":[{"embeddable":true,"href":"https:\/\/www.europesays.com\/pt\/wp-json\/wp\/v2\/users\/2"}],"replies":[{"embeddable":true,"href":"https:\/\/www.europesays.com\/pt\/wp-json\/wp\/v2\/comments?post=123820"}],"version-history":[{"count":0,"href":"https:\/\/www.europesays.com\/pt\/wp-json\/wp\/v2\/posts\/123820\/revisions"}],"wp:featuredmedia":[{"embeddable":true,"href":"https:\/\/www.europesays.com\/pt\/wp-json\/wp\/v2\/media\/123821"}],"wp:attachment":[{"href":"https:\/\/www.europesays.com\/pt\/wp-json\/wp\/v2\/media?parent=123820"}],"wp:term":[{"taxonomy":"category","embeddable":true,"href":"https:\/\/www.europesays.com\/pt\/wp-json\/wp\/v2\/categories?post=123820"},{"taxonomy":"post_tag","embeddable":true,"href":"https:\/\/www.europesays.com\/pt\/wp-json\/wp\/v2\/tags?post=123820"}],"curies":[{"name":"wp","href":"https:\/\/api.w.org\/{rel}","templated":true}]}}