{"id":123822,"date":"2025-10-23T23:14:20","date_gmt":"2025-10-23T23:14:20","guid":{"rendered":"https:\/\/www.europesays.com\/pt\/123822\/"},"modified":"2025-10-23T23:14:20","modified_gmt":"2025-10-23T23:14:20","slug":"florinda-meza-anuncia-espetaculo-sobre-criador-de-chaves-23-10-2025-televisao","status":"publish","type":"post","link":"https:\/\/www.europesays.com\/pt\/123822\/","title":{"rendered":"Florinda Meza anuncia espet\u00e1culo sobre criador de &#8216;Chaves&#8217; &#8211; 23\/10\/2025 &#8211; Televis\u00e3o"},"content":{"rendered":"<p>\n<strong class=\"c-signature__location\">S\u00e3o Paulo<\/strong>\n<\/p>\n<p>A <a href=\"https:\/\/f5.folha.uol.com.br\/televisao\/2024\/08\/dona-florinda-de-chaves-se-despede-de-silvio-santos-de-um-abraco-no-meu-rober.shtml\" rel=\"nofollow noopener\" target=\"\">eterna Dona Florinda<\/a> est\u00e1 prestes a subir aos palcos brasileiros \u2014desta vez, para contar sua pr\u00f3pria hist\u00f3ria. A atriz <a href=\"https:\/\/www1.folha.uol.com.br\/ilustrada\/2024\/04\/atriz-de-dona-florinda-fala-sobre-fim-da-exibicao-de-chaves-nao-fui-consultada.shtml\" rel=\"nofollow noopener\" target=\"\">Florinda Meza<\/a> anunciou que vir\u00e1 ao Brasil para uma apresenta\u00e7\u00e3o especial intitulada &#8220;Florinda Meza \u2013 Entre Risos e Verdades&#8221;, em que promete compartilhar lembran\u00e7as, reflex\u00f5es e mem\u00f3rias do relacionamento que viveu com <a href=\"https:\/\/www1.folha.uol.com.br\/ilustrada\/2025\/08\/roberto-bolanos-ira-reviver-com-ia-em-documentario-de-ex-mulher-veja-trailer.shtml\" rel=\"nofollow noopener\" target=\"\">Roberto G\u00f3mez Bola\u00f1os<\/a>, criador dos personagens <a href=\"https:\/\/www1.folha.uol.com.br\/folha-topicos\/chaves\/\" rel=\"nofollow noopener\" target=\"_blank\">Chaves<\/a> e <a href=\"https:\/\/busca.folha.uol.com.br\/search?q=%22Chapolin%22+seriado&amp;site=online&amp;src=redacao\" rel=\"nofollow noopener\" target=\"\">Chapolin<\/a>.<\/p>\n","protected":false},"excerpt":{"rendered":"S\u00e3o Paulo A eterna Dona Florinda est\u00e1 prestes a subir aos palcos brasileiros \u2014desta vez, para contar sua&hellip;\n","protected":false},"author":2,"featured_media":123823,"comment_status":"","ping_status":"","sticky":false,"template":"","format":"standard","meta":{"footnotes":""},"categories":[142],"tags":[219,211,28582,1873,223,5638,114,115,224,225,226,221,220,222,32,33,28583,936,218,228,151,227],"class_list":{"0":"post-123822","1":"post","2":"type-post","3":"status-publish","4":"format-standard","5":"has-post-thumbnail","7":"category-tv","8":"tag-bichos","9":"tag-celebridades","10":"tag-chapolim-colorado","11":"tag-chaves","12":"tag-colunistas","13":"tag-dona-florinda","14":"tag-entertainment","15":"tag-entretenimento","16":"tag-estranho","17":"tag-eu-amo","18":"tag-fofices","19":"tag-horoscopo","20":"tag-humanos","21":"tag-humor","22":"tag-portugal","23":"tag-pt","24":"tag-roberto-gomez-bolaos","25":"tag-sbt","26":"tag-televisao","27":"tag-tudo","28":"tag-tv","29":"tag-videos"},"share_on_mastodon":{"url":"https:\/\/pubeurope.com\/@pt\/115426024826054965","error":""},"_links":{"self":[{"href":"https:\/\/www.europesays.com\/pt\/wp-json\/wp\/v2\/posts\/123822","targetHints":{"allow":["GET"]}}],"collection":[{"href":"https:\/\/www.europesays.com\/pt\/wp-json\/wp\/v2\/posts"}],"about":[{"href":"https:\/\/www.europesays.com\/pt\/wp-json\/wp\/v2\/types\/post"}],"author":[{"embeddable":true,"href":"https:\/\/www.europesays.com\/pt\/wp-json\/wp\/v2\/users\/2"}],"replies":[{"embeddable":true,"href":"https:\/\/www.europesays.com\/pt\/wp-json\/wp\/v2\/comments?post=123822"}],"version-history":[{"count":0,"href":"https:\/\/www.europesays.com\/pt\/wp-json\/wp\/v2\/posts\/123822\/revisions"}],"wp:featuredmedia":[{"embeddable":true,"href":"https:\/\/www.europesays.com\/pt\/wp-json\/wp\/v2\/media\/123823"}],"wp:attachment":[{"href":"https:\/\/www.europesays.com\/pt\/wp-json\/wp\/v2\/media?parent=123822"}],"wp:term":[{"taxonomy":"category","embeddable":true,"href":"https:\/\/www.europesays.com\/pt\/wp-json\/wp\/v2\/categories?post=123822"},{"taxonomy":"post_tag","embeddable":true,"href":"https:\/\/www.europesays.com\/pt\/wp-json\/wp\/v2\/tags?post=123822"}],"curies":[{"name":"wp","href":"https:\/\/api.w.org\/{rel}","templated":true}]}}