{"id":123824,"date":"2025-10-23T23:15:11","date_gmt":"2025-10-23T23:15:11","guid":{"rendered":"https:\/\/www.europesays.com\/pt\/123824\/"},"modified":"2025-10-23T23:15:11","modified_gmt":"2025-10-23T23:15:11","slug":"alem-de-guerreiras-do-k-pop-a-animacao-em-que-a-voz-de-rumi-ejae-gostaria-de-trabalhar","status":"publish","type":"post","link":"https:\/\/www.europesays.com\/pt\/123824\/","title":{"rendered":"Al\u00e9m de \u2018Guerreiras do K-pop\u2019: a anima\u00e7\u00e3o em que a voz de Rumi, EJAE, gostaria de trabalhar"},"content":{"rendered":"<p>Nome por tr\u00e1s do grande sucesso da Netflix, <a href=\"https:\/\/www.instagram.com\/ejae_k\/\" target=\"_blank\" rel=\"noopener nofollow\"><strong>EJAE<\/strong><\/a>, artista que d\u00e1 voz a Rumi nas can\u00e7\u00f5es de \u2018<a href=\"https:\/\/recreio.com.br\/tags\/guerreiras-do-k-pop\" target=\"_blank\" rel=\"noopener nofollow\">Guerreiras do K-pop<\/a>\u2019, deseja expandir o seu curr\u00edculo de produ\u00e7\u00f5es \u2014 e j\u00e1 tem em mente outra franquia animada como um dos projetos que gostaria de trabalhar.<\/p>\n<p>Acontece que, al\u00e9m de interpretar as can\u00e7\u00f5es das HUNTR\/X, <strong>EJAE<\/strong> \u00e9 compositora e produtora musical, sendo creditada nas faixas \u2018Golden\u2019, \u2018How It\u2019s Done\u2019 e \u2018What It Sounds Like\u2019, da forma\u00e7\u00e3o composta por Rumi, Mira e Zoey, al\u00e9m de \u2018Your Idol\u2019, performada pelo grupo rival fict\u00edcio Saja Boys em \u2018Guerreiras do K-pop\u2019.<\/p>\n<p>Tamb\u00e9m respons\u00e1vel por \u2018Hunter\u2019s Mantra\u2019, outra faixa que faz parte da trilha sonora do filme, <strong>EJAE<\/strong> compartilhou em entrevista \u00e0 Variety que gostaria de continuar trabalhando em can\u00e7\u00f5es para produ\u00e7\u00f5es cinematogr\u00e1ficas, revelando qual o projeto animado que tem interesse em se envolver \u2014 al\u00e9m de um t\u00edtulo de a\u00e7\u00e3o vivo.<\/p>\n<p> Qual \u00e9 a anima\u00e7\u00e3o em que EJAE, gostaria de trabalhar? <\/p>\n<p>Ela, que acabou de assinar contrato com a ag\u00eancia WME (William Morris Endeavor) para representa\u00e7\u00e3o global em todas as \u00e1reas de sua carreira, disse que gostaria de estar envolvida em produ\u00e7\u00f5es como \u2018Homem-Aranha: No Aranhaverso\u2019 e a franquia James Bond.<\/p>\n<blockquote>\n<p>\u201cEu adoraria um dia trabalhar em um projeto como \u2018Homem-Aranha: No Aranhaverso\u2019 ou fazer a trilha sonora de um filme de James Bond\u201d, disse EJAE.<\/p>\n<\/blockquote>\n<p> Conhecendo Araverso e James Bond <\/p>\n<p>A trama que acompanha Miles Morales, um jovem negro do Brooklyn, que se torna o Homem-Aranha e descobre que h\u00e1 mais vers\u00f5es de her\u00f3is como ele espalhadas, fazendo com que ele viva uma grande aventura pelo multiverso, faz parte do mesmo est\u00fadio que desenvolveu \u2018Guerreiras do K-pop\u2019, a<a href=\"https:\/\/www.sonypicturesanimation.com\/\" target=\"_blank\" rel=\"noopener nofollow\"> Sony Pictures Animation<\/a>.<\/p>\n<p>Lan\u00e7ado em 2019, o filme se tornou um marco na ind\u00fastria cinematogr\u00e1fica devido ao estilo \u00fanico de anima\u00e7\u00e3o, o qual traz a apar\u00eancia de quadrinhos para as telonas, fazendo com que o t\u00edtulo se tornasse refer\u00eancia para pr\u00f3ximos lan\u00e7amentos animados como \u201cGato de Botas 2: O \u00daltimo Pedido\u201d (2022) e \u201cAs Tartarugas Ninja: Caos Mutante\u201d (2023).<\/p>\n<p>Vencedor do Oscar de Melhor Anima\u00e7\u00e3o, a produ\u00e7\u00e3o tamb\u00e9m abriu portas para duas sequ\u00eancias: \u201cHomem-Aranha: Atrav\u00e9s do Aranhaverso\u201d (2023), e o aguardado \u201cHomem-Aranha: Al\u00e9m do Aranhaverso\u201d, que deve chegar aos cinemas em 18 de junho de 2027.<\/p>\n<p>J\u00e1 James Bond surgiu como um personagem liter\u00e1rio criado pelo escritor<a href=\"https:\/\/pt.wikipedia.org\/wiki\/Ian_Fleming\" target=\"_blank\" rel=\"noopener nofollow\"> <strong>Ian Fleming<\/strong><\/a> em 1953. Tamb\u00e9m conhecido como o agente secreto 007, dezenas de filmes j\u00e1 foram produzidos trazendo o personagem como figura central desde \u00e0 decada de 1960, sendo vivido por diferentes atores ao longo dos anos, como <strong>Sean Connery<\/strong>, <strong>David Niven<\/strong>,<strong> Roger Moore<\/strong>, <strong>Pierce Brosnan<\/strong> e<strong> Daniel Craig<\/strong>, dentre outros. A trama mais recente \u00e9 \u201c007 \u2013 Sem Tempo para Morrer\u201d, de 2021.<\/p>\n<p>As duas franquias t\u00eam grandes trilhas sonoras, como \u201cSunflower\u201d, de<strong> Post Malone<\/strong>, ouvida por Miles no primeiro filme. J\u00e1 nas tramas de James Bond, a m\u00fasica tema do personagem criada em 1962 por <strong>John Barry<\/strong> se tornou um verdadeiro marco, al\u00e9m das vencedoras do Oscar \u201cNo Time To Die\u201d, de <strong>Billie Eilish<\/strong> e \u201cSkyfall\u201d, de <strong>Adele<\/strong>, dentre outras inconfund\u00edveis na trilha dos longas.<\/p>\n<p> Onde acompanhar EJAE? <\/p>\n<p>Enquanto novos projetos com <strong>EJAE<\/strong> n\u00e3o s\u00e3o anunciados, \u00e9 poss\u00edvel conferir outros trabalhos da artista j\u00e1 que ela \u00e9 respons\u00e1vel por \u2018Rebirth\u2019, composta para League of Legends, faixa que rendeu a ela uma indica\u00e7\u00e3o ao Hollywood Music in Media Awards em 2022, bem como est\u00e1 por tr\u00e1s de sucessos do k-pop como \u201cDrama\u201d e \u201cArmageddon\u201d, do aespa e \u201cPsycho\u201d, do Red Velvet, dentre outras can\u00e7\u00f5es de grupos como LE SSERAFIM, TWICE, NMIXX e FIFTY FIFTY.<\/p>\n<p>Al\u00e9m disso, a artista tamb\u00e9m estar\u00e1 nos palcos para performar faixas de \u2018Guerreiras do K-pop\u2019 ao lado de <strong>Audrey Nuna<\/strong> e <strong>Rei Ami<\/strong> no<a href=\"https:\/\/recreio.com.br\/noticias\/entretenimento\/guerreiras-do-k-pop-veja-onde-e-quando-sera-primeiro-show-das-huntr-x.phtml\" target=\"_blank\" rel=\"noopener nofollow\"> \u201cJingle Ball\u201d, evento anual da iHeartRadio<\/a>, propriet\u00e1ria da KIIS-FM, que acontecer\u00e1 em dezembro.<\/p>\n<p>        <a href=\"https:\/\/recreio.com.br\/noticias\/author\/izabela-queiroz\" rel=\"nofollow noopener\" target=\"_blank\">&#13;<br \/>\n          <img loading=\"lazy\" alt=\"Izabela Queiroz\" src=\"https:\/\/www.europesays.com\/pt\/wp-content\/uploads\/2025\/10\/1761261311_99_73c0b9c1056486c3f0ac887fc031213cdd608512c3b419d28e1ba5da81c3eb12\"  class=\"avatar avatar-115 photo rounded-circle mr-3\" height=\"115\" width=\"115\" decoding=\"async\"\/>        <\/a><\/p>\n<p>Izabela Queiroz, jornalista por paix\u00e3o e cin\u00e9fila de carteirinha. Formada pela UNINOVE, encontrou na escrita o lugar ideal para unir tudo o que mais gosta: filmes, s\u00e9ries e m\u00fasica. Nos textos, h\u00e1 quase sempre refer\u00eancias a algo relacionado \u00e0 cultura pop que a marcou. Fora deles, a encontrar\u00e1 assistindo hist\u00f3rias com reviravoltas chocantes, romances cativantes e dramas que a fazem chorar.<\/p>\n<p>\t                                            <script async src=\"\/\/www.instagram.com\/embed.js\"><\/script><\/p>\n","protected":false},"excerpt":{"rendered":"Nome por tr\u00e1s do grande sucesso da Netflix, EJAE, artista que d\u00e1 voz a Rumi nas can\u00e7\u00f5es de&hellip;\n","protected":false},"author":2,"featured_media":123825,"comment_status":"","ping_status":"","sticky":false,"template":"","format":"standard","meta":{"footnotes":""},"categories":[141],"tags":[1415,22202,114,115,148,4550,28584,149,150,32,33],"class_list":{"0":"post-123824","1":"post","2":"type-post","3":"status-publish","4":"format-standard","5":"has-post-thumbnail","7":"category-musica","8":"tag-animacao","9":"tag-ejae","10":"tag-entertainment","11":"tag-entretenimento","12":"tag-filmes","13":"tag-guerreiras-do-k-pop","14":"tag-homem-aranha-atraves-do-aranhaverso","15":"tag-music","16":"tag-musica","17":"tag-portugal","18":"tag-pt"},"share_on_mastodon":{"url":"https:\/\/pubeurope.com\/@pt\/115426028830104587","error":""},"_links":{"self":[{"href":"https:\/\/www.europesays.com\/pt\/wp-json\/wp\/v2\/posts\/123824","targetHints":{"allow":["GET"]}}],"collection":[{"href":"https:\/\/www.europesays.com\/pt\/wp-json\/wp\/v2\/posts"}],"about":[{"href":"https:\/\/www.europesays.com\/pt\/wp-json\/wp\/v2\/types\/post"}],"author":[{"embeddable":true,"href":"https:\/\/www.europesays.com\/pt\/wp-json\/wp\/v2\/users\/2"}],"replies":[{"embeddable":true,"href":"https:\/\/www.europesays.com\/pt\/wp-json\/wp\/v2\/comments?post=123824"}],"version-history":[{"count":0,"href":"https:\/\/www.europesays.com\/pt\/wp-json\/wp\/v2\/posts\/123824\/revisions"}],"wp:featuredmedia":[{"embeddable":true,"href":"https:\/\/www.europesays.com\/pt\/wp-json\/wp\/v2\/media\/123825"}],"wp:attachment":[{"href":"https:\/\/www.europesays.com\/pt\/wp-json\/wp\/v2\/media?parent=123824"}],"wp:term":[{"taxonomy":"category","embeddable":true,"href":"https:\/\/www.europesays.com\/pt\/wp-json\/wp\/v2\/categories?post=123824"},{"taxonomy":"post_tag","embeddable":true,"href":"https:\/\/www.europesays.com\/pt\/wp-json\/wp\/v2\/tags?post=123824"}],"curies":[{"name":"wp","href":"https:\/\/api.w.org\/{rel}","templated":true}]}}