{"id":123834,"date":"2025-10-23T23:23:29","date_gmt":"2025-10-23T23:23:29","guid":{"rendered":"https:\/\/www.europesays.com\/pt\/123834\/"},"modified":"2025-10-23T23:23:29","modified_gmt":"2025-10-23T23:23:29","slug":"adolescente-suspeito-de-matar-a-mae-em-vagos-fica-internado-em-centro-educativo","status":"publish","type":"post","link":"https:\/\/www.europesays.com\/pt\/123834\/","title":{"rendered":"Adolescente suspeito de matar a m\u00e3e em Vagos fica internado em centro educativo"},"content":{"rendered":"<p data-remotead-prev-elm=\"true\" data-remotead-elm-id=\"inread\">Segundo comunicado da PJ, sobre o menor recaem &#8220;fortes ind\u00edcios da pr\u00e1tica de um crime de homic\u00eddio qualificado&#8221;, ocorrido na tarde de ter\u00e7a-feira, na Gafanha da Vagueira, onde a vereadora morava.<\/p>\n<p>&#8220;A v\u00edtima foi atingida por um disparo de arma de fogo, quando se encontrava no interior da sua casa&#8221;, disse a PJ.<\/p>\n<p>De acordo com o comunicado, nas dilig\u00eancias realizadas, &#8220;foi poss\u00edvel identificar e recolher v\u00e1rios ind\u00edcios de prova e recuperar a arma de fogo utilizada, que pertence ao pai do menor&#8221;.<\/p>\n<blockquote data-type=\"articles\" data-id=\"related-article-18011359\"><p>\n              <strong>Leia tamb\u00e9m <\/strong><br \/>\n              <a href=\"https:\/\/www.jn.pt\/justica\/artigo\/vereadora-de-vagos-foi-morta-a-tiro-pelo-filho-tem-14-anos\/18011359\" rel=\"nofollow noopener\" target=\"_blank\">Vereadora de Vagos foi morta a tiro pelo filho de 14 anos<\/a>\n            <\/p><\/blockquote>\n","protected":false},"excerpt":{"rendered":"Segundo comunicado da PJ, sobre o menor recaem &#8220;fortes ind\u00edcios da pr\u00e1tica de um crime de homic\u00eddio qualificado&#8221;,&hellip;\n","protected":false},"author":2,"featured_media":123835,"comment_status":"","ping_status":"","sticky":false,"template":"","format":"standard","meta":{"footnotes":""},"categories":[10],"tags":[27,28,15,16,14,28592,603,25,26,21,22,12,13,19,20,32,23,24,33,17,18,29,30,31,28331],"class_list":{"0":"post-123834","1":"post","2":"type-post","3":"status-publish","4":"format-standard","5":"has-post-thumbnail","7":"category-portugal","8":"tag-breaking-news","9":"tag-breakingnews","10":"tag-featured-news","11":"tag-featurednews","12":"tag-headlines","13":"tag-homicidio-em-vagos","14":"tag-justica","15":"tag-latest-news","16":"tag-latestnews","17":"tag-main-news","18":"tag-mainnews","19":"tag-news","20":"tag-noticias","21":"tag-noticias-principais","22":"tag-noticiasprincipais","23":"tag-portugal","24":"tag-principais-noticias","25":"tag-principaisnoticias","26":"tag-pt","27":"tag-top-stories","28":"tag-topstories","29":"tag-ultimas","30":"tag-ultimas-noticias","31":"tag-ultimasnoticias","32":"tag-vagos"},"share_on_mastodon":{"url":"https:\/\/pubeurope.com\/@pt\/115426060228159561","error":""},"_links":{"self":[{"href":"https:\/\/www.europesays.com\/pt\/wp-json\/wp\/v2\/posts\/123834","targetHints":{"allow":["GET"]}}],"collection":[{"href":"https:\/\/www.europesays.com\/pt\/wp-json\/wp\/v2\/posts"}],"about":[{"href":"https:\/\/www.europesays.com\/pt\/wp-json\/wp\/v2\/types\/post"}],"author":[{"embeddable":true,"href":"https:\/\/www.europesays.com\/pt\/wp-json\/wp\/v2\/users\/2"}],"replies":[{"embeddable":true,"href":"https:\/\/www.europesays.com\/pt\/wp-json\/wp\/v2\/comments?post=123834"}],"version-history":[{"count":0,"href":"https:\/\/www.europesays.com\/pt\/wp-json\/wp\/v2\/posts\/123834\/revisions"}],"wp:featuredmedia":[{"embeddable":true,"href":"https:\/\/www.europesays.com\/pt\/wp-json\/wp\/v2\/media\/123835"}],"wp:attachment":[{"href":"https:\/\/www.europesays.com\/pt\/wp-json\/wp\/v2\/media?parent=123834"}],"wp:term":[{"taxonomy":"category","embeddable":true,"href":"https:\/\/www.europesays.com\/pt\/wp-json\/wp\/v2\/categories?post=123834"},{"taxonomy":"post_tag","embeddable":true,"href":"https:\/\/www.europesays.com\/pt\/wp-json\/wp\/v2\/tags?post=123834"}],"curies":[{"name":"wp","href":"https:\/\/api.w.org\/{rel}","templated":true}]}}