{"id":123839,"date":"2025-10-23T23:27:12","date_gmt":"2025-10-23T23:27:12","guid":{"rendered":"https:\/\/www.europesays.com\/pt\/123839\/"},"modified":"2025-10-23T23:27:12","modified_gmt":"2025-10-23T23:27:12","slug":"ideiafix-sobre-a-lusitania-e-os-lusitanos-para-assinalar-a-chegada-do-novo-livro-de-asterix-e-obelix-2","status":"publish","type":"post","link":"https:\/\/www.europesays.com\/pt\/123839\/","title":{"rendered":"Ideiafix sobre a Lusit\u00e2nia e os lusitanos: para assinalar a chegada do novo livro de Ast\u00e9rix e Ob\u00e9lix"},"content":{"rendered":"<p class=\"texto\">Comecemos pela arte. N\u00e3o no sentido de tentar esclarecer de uma vez por todas, na esteira de Arist\u00f3teles e de Oscar Wilde, se esta imita a vida ou se \u00e9 a vida que a imita a ela, mas no intuito de avaliar a preval\u00eancia geogr\u00e1fica das representa\u00e7\u00f5es art\u00edsticas enquanto crit\u00e9rio legitimador da reivindica\u00e7\u00e3o de uma figura hist\u00f3rica. Ora, se tal contabilidade servisse de argumento decisivo, Viriato seria de Espanha, e a capa do mais recente livro de Ast\u00e9rix teria, provavelmente, os dois her\u00f3is gauleses agarrados a uma paella e n\u00e3o a passear em cima de uma cal\u00e7ada portuguesa com desenhos de bacalhaus.<\/p>\n<p><a href=\"https:\/\/expresso.pt\/subscrever?action=GEN&amp;channel=VID&amp;type=CAP&amp;source=WEB&amp;returnUrl=https:\/\/expresso.pt\/semanario\/revista-e\/-e\/2025-10-23-ideiafix-sobre-a-lusitania-e-os-lusitanos-para-assinalar-a-chegada-do-novo-livro-de-asterix-e-obelix-a9e0ef65&amp;utm_source=expresso&amp;utm_medium=locked_article&amp;locked=true&amp;article_id=83468696-a175-431d-9059-118c4d9dd693&amp;author_id=S\u00e9rgio+Barreto+Costa&amp;category=+E\" target=\"_self\" class=\"\" rel=\"nofollow noopener\">Subscrever<\/a>J\u00e1 \u00e9 Subscritor?Fa\u00e7a login e continue a ler<a href=\"http:\/\/expresso.pt\/codigo?redirectUrl=https:\/\/expresso.pt\/semanario\/revista-e\/-e\/2025-10-23-ideiafix-sobre-a-lusitania-e-os-lusitanos-para-assinalar-a-chegada-do-novo-livro-de-asterix-e-obelix-a9e0ef65\" target=\"_self\" class=\"\" rel=\"nofollow noopener\">Inserir C\u00f3digo<\/a>Comprou o Expresso?Insira o c\u00f3digo presente na Revista E para continuar a ler<\/p>\n","protected":false},"excerpt":{"rendered":"Comecemos pela arte. N\u00e3o no sentido de tentar esclarecer de uma vez por todas, na esteira de Arist\u00f3teles&hellip;\n","protected":false},"author":2,"featured_media":123778,"comment_status":"","ping_status":"","sticky":false,"template":"","format":"standard","meta":{"footnotes":""},"categories":[143],"tags":[169,114,115,170,32,33],"class_list":{"0":"post-123839","1":"post","2":"type-post","3":"status-publish","4":"format-standard","5":"has-post-thumbnail","7":"category-livros","8":"tag-books","9":"tag-entertainment","10":"tag-entretenimento","11":"tag-livros","12":"tag-portugal","13":"tag-pt"},"share_on_mastodon":{"url":"https:\/\/pubeurope.com\/@pt\/115426075906938052","error":""},"_links":{"self":[{"href":"https:\/\/www.europesays.com\/pt\/wp-json\/wp\/v2\/posts\/123839","targetHints":{"allow":["GET"]}}],"collection":[{"href":"https:\/\/www.europesays.com\/pt\/wp-json\/wp\/v2\/posts"}],"about":[{"href":"https:\/\/www.europesays.com\/pt\/wp-json\/wp\/v2\/types\/post"}],"author":[{"embeddable":true,"href":"https:\/\/www.europesays.com\/pt\/wp-json\/wp\/v2\/users\/2"}],"replies":[{"embeddable":true,"href":"https:\/\/www.europesays.com\/pt\/wp-json\/wp\/v2\/comments?post=123839"}],"version-history":[{"count":0,"href":"https:\/\/www.europesays.com\/pt\/wp-json\/wp\/v2\/posts\/123839\/revisions"}],"wp:featuredmedia":[{"embeddable":true,"href":"https:\/\/www.europesays.com\/pt\/wp-json\/wp\/v2\/media\/123778"}],"wp:attachment":[{"href":"https:\/\/www.europesays.com\/pt\/wp-json\/wp\/v2\/media?parent=123839"}],"wp:term":[{"taxonomy":"category","embeddable":true,"href":"https:\/\/www.europesays.com\/pt\/wp-json\/wp\/v2\/categories?post=123839"},{"taxonomy":"post_tag","embeddable":true,"href":"https:\/\/www.europesays.com\/pt\/wp-json\/wp\/v2\/tags?post=123839"}],"curies":[{"name":"wp","href":"https:\/\/api.w.org\/{rel}","templated":true}]}}