{"id":123844,"date":"2025-10-23T23:30:09","date_gmt":"2025-10-23T23:30:09","guid":{"rendered":"https:\/\/www.europesays.com\/pt\/123844\/"},"modified":"2025-10-23T23:30:09","modified_gmt":"2025-10-23T23:30:09","slug":"johnny-depp-reforca-retorno-a-hollywood-com-novo-papel-23-10-2025-ilustrada","status":"publish","type":"post","link":"https:\/\/www.europesays.com\/pt\/123844\/","title":{"rendered":"Johnny Depp refor\u00e7a retorno a Hollywood com novo papel &#8211; 23\/10\/2025 &#8211; Ilustrada"},"content":{"rendered":"<p>&#8220;<a href=\"https:\/\/www1.folha.uol.com.br\/fsp\/ilustrad\/fq2512200813.htm\" rel=\"nofollow noopener\" target=\"\">Um Conto de Natal<\/a>&#8220;, livro hom\u00f4nimo de <a href=\"https:\/\/www1.folha.uol.com.br\/ilustrada\/2019\/03\/charles-dickens-tentou-internar-sua-mulher-em-hospicio-revelam-cartas.shtml\" rel=\"nofollow noopener\" target=\"\">Charles Dickens<\/a>, ganhar\u00e1 duas novas adapta\u00e7\u00f5es para o cinema. Uma delas, em desenvolvimento pela <a href=\"https:\/\/f5.folha.uol.com.br\/televisao\/2024\/04\/paramount-demite-ceo-apos-oito-anos-por-causa-de-grave-crise-financeira.shtml\" rel=\"nofollow noopener\" target=\"\">Paramount Pictures<\/a>, ter\u00e1 dire\u00e7\u00e3o de <a href=\"https:\/\/www1.folha.uol.com.br\/ilustrada\/2024\/07\/maxxxine-retoma-saga-que-fez-mia-goth-ser-meme-com-sangue-e-clima-oitentista.shtml\" rel=\"nofollow noopener\" target=\"\">Ti West<\/a>, respons\u00e1vel pela trilogia de terror &#8220;X&#8221;, e pode refor\u00e7ar o retorno de <a href=\"https:\/\/www1.folha.uol.com.br\/folha-topicos\/johnny-depp\/\" rel=\"nofollow noopener\" target=\"\">Johnny Depp<\/a> aos grandes pap\u00e9is de <a href=\"https:\/\/www1.folha.uol.com.br\/folha-topicos\/hollywood\/\" rel=\"nofollow noopener\" target=\"\">Hollywood<\/a>.<\/p>\n<p>Ele foi confirmado, no ano passado, como protagonista do filme americano &#8220;Day Drinker&#8221;, em que est\u00e1 previsto para contracenar com Pen\u00e9lope Cruz.<\/p>\n<p>A produ\u00e7\u00e3o est\u00e1 prevista para estrear em novembro de 2026 e, segundo a Variety, Depp estaria em negocia\u00e7\u00f5es finais para viver <a href=\"https:\/\/www1.folha.uol.com.br\/fsp\/acontece\/ac1111200904.htm\" rel=\"nofollow noopener\" target=\"_blank\">Ebenezer Scrooge<\/a>, protagonista da hist\u00f3ria cl\u00e1ssica de Dickens.<\/p>\n<p>Depp esteve longe dos holofotes, apesar de ter participado de filmes menores e fora de Hollywood, nos \u00faltimos anos, ap\u00f3s ir a julgamento, em 2022, por acusa\u00e7\u00f5es de viol\u00eancia dom\u00e9stica feitas pela ex-mulher, a atriz <a href=\"https:\/\/www1.folha.uol.com.br\/folha-topicos\/amber-heard\/\" rel=\"nofollow noopener\" target=\"_blank\">Amber Heard<\/a>.<\/p>\n<p>O imbr\u00f3glio envolvendo o ex-casal <a href=\"https:\/\/www1.folha.uol.com.br\/ilustrada\/2022\/06\/johnny-depp-esmagou-amber-heard-com-o-autoritarismo-do-sim.shtml\" rel=\"nofollow noopener\" target=\"_blank\">terminou em 2022 com uma senten\u00e7a favor\u00e1vel<\/a> a Depp. A justi\u00e7a determinou que o ator deve receber US$ 15 milh\u00f5es \u2014ou cerca de R$ 71 milh\u00f5es\u2014 da ex-mulher.<\/p>\n<p>Motivado pelo processo movido por Depp ap\u00f3s <a href=\"https:\/\/www1.folha.uol.com.br\/ilustrada\/2022\/04\/briga-de-johnny-depp-contra-amber-heard-chega-a-reta-final-entenda-o-processo.shtml\" rel=\"nofollow noopener\" target=\"_blank\">Heard ter publicado um artigo de opini\u00e3o acusando o ex-marido de viol\u00eancia dom\u00e9stica<\/a>, o julgamento teve, em suas mais de cem horas de testemunhos, acusa\u00e7\u00f5es m\u00fatuas de abuso de drogas e viol\u00eancia, e at\u00e9 uma acusa\u00e7\u00e3o escatol\u00f3gica \u2014<a href=\"https:\/\/f5.folha.uol.com.br\/celebridades\/2020\/07\/johnny-depp-diz-que-fezes-de-ex-mulher-ou-da-amiga-na-cama-foi-fim-apropriado-do-casamento.shtml\" rel=\"nofollow noopener\" target=\"_blank\">segundo a qual Heard teria defecado na cama de Depp ap\u00f3s uma briga do <\/a><a href=\"https:\/\/f5.folha.uol.com.br\/celebridades\/2020\/07\/johnny-depp-diz-que-fezes-de-ex-mulher-ou-da-amiga-na-cama-foi-fim-apropriado-do-casamento.shtml\" rel=\"nofollow noopener\" target=\"_blank\">casal<\/a>\u2014, passando por epis\u00f3dios de estupro com garrafa, inspe\u00e7\u00e3o procurando coca\u00edna na vagina, uivos pela janela do carro e enforcamento na lua de mel.<\/p>\n<p>A outra nova vers\u00e3o de &#8220;Um Conto de Natal&#8221;, em desenvolvimento pela <a href=\"https:\/\/www1.folha.uol.com.br\/ilustrada\/2023\/05\/historia-da-warner-bros-e-contada-em-minisserie-sobre-o-centenario-do-estudio.shtml\" rel=\"nofollow noopener\" target=\"\">Warner Bros. Pictures<\/a>, j\u00e1 havia sido anunciada em junho e ter\u00e1 roteiro e dire\u00e7\u00e3o de <a href=\"https:\/\/www1.folha.uol.com.br\/ilustrada\/2025\/01\/nosferatu-de-robert-eggers-e-obra-prima-acessivel-e-ambiciosa.shtml\" rel=\"nofollow noopener\" target=\"\">Robert Eggers<\/a>, que lan\u00e7ou neste ano a sua vers\u00e3o do vampiro &#8220;<a href=\"https:\/\/www1.folha.uol.com.br\/ilustrada\/2025\/01\/novo-nosferatu-resgata-lado-sexy-e-sombrio-dos-vampiros-sob-o-olhar-de-robert-eggers.shtml\" rel=\"nofollow noopener\" target=\"\">Nosferatu<\/a>&#8220;.<\/p>\n<p>A ideia \u00e9 que o cineasta tamb\u00e9m retome a sua parceria com <a href=\"https:\/\/www1.folha.uol.com.br\/ilustrada\/2025\/05\/barbara-paz-dirige-willem-dafoe-em-cuddle-filme-sobre-vendedor-de-abracos.shtml\" rel=\"nofollow noopener\" target=\"\">Willem Dafoe<\/a>, que desponta como o principal nome entre os cotados para interpretar Scrooge nesta vers\u00e3o. Eggers e Dafoe j\u00e1 trabalharam juntos nos filmes &#8220;<a href=\"https:\/\/www1.folha.uol.com.br\/ilustrada\/2019\/10\/desejo-masturbacao-e-violencia-se-misturam-no-terror-o-farol.shtml\" rel=\"nofollow noopener\" target=\"\">O Farol<\/a>&#8220;, &#8220;<a href=\"https:\/\/www1.folha.uol.com.br\/ilustrada\/2022\/05\/nicole-kidman-estrela-o-homem-do-norte-hamlet-viking-com-sexo-e-sangue.shtml\" rel=\"nofollow noopener\" target=\"\">O Homem do Norte<\/a>&#8221; e &#8220;<a href=\"https:\/\/www1.folha.uol.com.br\/ilustrada\/2025\/03\/corrida-de-formula-1-e-nosferatu-o-que-ver-na-tv-e-no-streaming-neste-sabado.shtml\" rel=\"nofollow noopener\" target=\"\">Nosferatu<\/a>&#8220;.<\/p>\n<p>&#8220;Um Conto de Natal&#8221; conta a hist\u00f3ria de um homem idoso amargurado que recebe a visita do fantasma de seu antigo s\u00f3cio e de outros tr\u00eas espectros, o do Natal Passado, do Presente e o do Futuro. Durante o processo, ele reavalia a sua \u00edndole e tenta se dedicar ao esp\u00edrito natalino.<\/p>\n<p>A obra j\u00e1 foi adaptada diversas vezes para a televis\u00e3o e os cinemas, e em 2009 deu \u00e0 luz uma vers\u00e3o animada, &#8220;<a href=\"https:\/\/www1.folha.uol.com.br\/fsp\/acontece\/ac1111200904.htm\" rel=\"nofollow noopener\" target=\"_blank\">Os Fantasmas de Scrooge<\/a>&#8220;, que contou com <a href=\"https:\/\/f5.folha.uol.com.br\/celebridades\/2022\/03\/jim-carrey-se-diz-enojado-com-tapa-de-will-smith-e-diz-deveria-ir-preso.shtml\" rel=\"nofollow noopener\" target=\"_blank\">Jim Carrey<\/a> como a voz do protagonista. Em 2023, <a href=\"https:\/\/www1.folha.uol.com.br\/folha-topicos\/miguel-falabella\/\" rel=\"nofollow noopener\" target=\"_blank\">Miguel Falabella<\/a> interpretou o protagonista em uma vers\u00e3o teatral que apresentada em S\u00e3o Paulo.<\/p>\n","protected":false},"excerpt":{"rendered":"&#8220;Um Conto de Natal&#8220;, livro hom\u00f4nimo de Charles Dickens, ganhar\u00e1 duas novas adapta\u00e7\u00f5es para o cinema. Uma delas,&hellip;\n","protected":false},"author":2,"featured_media":123845,"comment_status":"","ping_status":"","sticky":false,"template":"","format":"standard","meta":{"footnotes":""},"categories":[140],"tags":[9336,207,1244,28593,470,114,115,147,148,236,2595,9334,146,7561,32,33,28594,28595],"class_list":{"0":"post-123844","1":"post","2":"type-post","3":"status-publish","4":"format-standard","5":"has-post-thumbnail","7":"category-filmes","8":"tag-amber-heard","9":"tag-arte","10":"tag-ator","11":"tag-charles-dickens","12":"tag-cinema","13":"tag-entertainment","14":"tag-entretenimento","15":"tag-film","16":"tag-filmes","17":"tag-folha","18":"tag-hollywood","19":"tag-johnny-depp","20":"tag-movies","21":"tag-natal","22":"tag-portugal","23":"tag-pt","24":"tag-robert-eggers","25":"tag-willem-dafoe"},"share_on_mastodon":{"url":"https:\/\/pubeurope.com\/@pt\/115426087560770353","error":""},"_links":{"self":[{"href":"https:\/\/www.europesays.com\/pt\/wp-json\/wp\/v2\/posts\/123844","targetHints":{"allow":["GET"]}}],"collection":[{"href":"https:\/\/www.europesays.com\/pt\/wp-json\/wp\/v2\/posts"}],"about":[{"href":"https:\/\/www.europesays.com\/pt\/wp-json\/wp\/v2\/types\/post"}],"author":[{"embeddable":true,"href":"https:\/\/www.europesays.com\/pt\/wp-json\/wp\/v2\/users\/2"}],"replies":[{"embeddable":true,"href":"https:\/\/www.europesays.com\/pt\/wp-json\/wp\/v2\/comments?post=123844"}],"version-history":[{"count":0,"href":"https:\/\/www.europesays.com\/pt\/wp-json\/wp\/v2\/posts\/123844\/revisions"}],"wp:featuredmedia":[{"embeddable":true,"href":"https:\/\/www.europesays.com\/pt\/wp-json\/wp\/v2\/media\/123845"}],"wp:attachment":[{"href":"https:\/\/www.europesays.com\/pt\/wp-json\/wp\/v2\/media?parent=123844"}],"wp:term":[{"taxonomy":"category","embeddable":true,"href":"https:\/\/www.europesays.com\/pt\/wp-json\/wp\/v2\/categories?post=123844"},{"taxonomy":"post_tag","embeddable":true,"href":"https:\/\/www.europesays.com\/pt\/wp-json\/wp\/v2\/tags?post=123844"}],"curies":[{"name":"wp","href":"https:\/\/api.w.org\/{rel}","templated":true}]}}