{"id":123858,"date":"2025-10-23T23:44:18","date_gmt":"2025-10-23T23:44:18","guid":{"rendered":"https:\/\/www.europesays.com\/pt\/123858\/"},"modified":"2025-10-23T23:44:18","modified_gmt":"2025-10-23T23:44:18","slug":"morreu-sam-rivers-baixista-da-banda-limp-bizkit","status":"publish","type":"post","link":"https:\/\/www.europesays.com\/pt\/123858\/","title":{"rendered":"Morreu Sam Rivers, baixista da banda Limp Bizkit"},"content":{"rendered":"<p data-remotead-prev-elm=\"true\" data-remotead-elm-id=\"inread\">&#8220;Hoje perdemos nosso irm\u00e3o. Nosso companheiro de banda. Nosso cora\u00e7\u00e3o&#8221;, escreveram o cantor Fred Durst, o guitarrista Wes Borland, o baterista John Otto e o DJ Lethal numa publica\u00e7\u00e3o no Instagram, sem especificarem a causa da morte de Sam Rivers.<\/p>\n<p>Sam Rivers &#8220;n\u00e3o era apenas o nosso baixista, ele era pura magia&#8230; Desde a primeira nota que tocamos juntos. Trouxe uma luz e um ritmo que jamais poderiam ser substitu\u00eddos. O seu talento era natural, a sua presen\u00e7a inesquec\u00edvel, o seu cora\u00e7\u00e3o t\u00e3o grande quanto este&#8221;, acrescentaram os m\u00fasicos.<\/p>\n<p>&#8220;A sua m\u00fasica nunca para&#8221;, escreveram, prestando homenagem a uma &#8220;verdadeira lenda das lendas&#8221;.<\/p>\n<p data-remotead-prev-elm=\"true\" data-remotead-elm-id=\"centro1\">Limp Bizkit, uma banda formada em 1994 por Sam Rivers e Fred Durst, lan\u00e7ou o primeiro \u00e1lbum, &#8220;Three Dollar Bill, Y&#8217;all&#8221;, em 1997.<\/p>\n<p>O terceiro \u00e1lbum, &#8220;Chocolate Starfish and the Hot Dog Flavored Water&#8221;, alcan\u00e7ou disco de ouro pelas vendas em Fran\u00e7a (100.000 c\u00f3pias).<\/p>\n<p>Sam Rivers, que deixou o grupo em 2015, regressou em 2018, participando do \u00e1lbum mais recente da banda, &#8220;Still Sucks&#8221; (2021).<\/p>\n","protected":false},"excerpt":{"rendered":"&#8220;Hoje perdemos nosso irm\u00e3o. Nosso companheiro de banda. Nosso cora\u00e7\u00e3o&#8221;, escreveram o cantor Fred Durst, o guitarrista Wes&hellip;\n","protected":false},"author":2,"featured_media":123859,"comment_status":"","ping_status":"","sticky":false,"template":"","format":"standard","meta":{"footnotes":""},"categories":[141],"tags":[1753,114,115,27992,149,150,2409,32,33],"class_list":{"0":"post-123858","1":"post","2":"type-post","3":"status-publish","4":"format-standard","5":"has-post-thumbnail","7":"category-musica","8":"tag-artes","9":"tag-entertainment","10":"tag-entretenimento","11":"tag-limp-bizkit","12":"tag-music","13":"tag-musica","14":"tag-obito","15":"tag-portugal","16":"tag-pt"},"share_on_mastodon":{"url":"https:\/\/pubeurope.com\/@pt\/115426142846922805","error":""},"_links":{"self":[{"href":"https:\/\/www.europesays.com\/pt\/wp-json\/wp\/v2\/posts\/123858","targetHints":{"allow":["GET"]}}],"collection":[{"href":"https:\/\/www.europesays.com\/pt\/wp-json\/wp\/v2\/posts"}],"about":[{"href":"https:\/\/www.europesays.com\/pt\/wp-json\/wp\/v2\/types\/post"}],"author":[{"embeddable":true,"href":"https:\/\/www.europesays.com\/pt\/wp-json\/wp\/v2\/users\/2"}],"replies":[{"embeddable":true,"href":"https:\/\/www.europesays.com\/pt\/wp-json\/wp\/v2\/comments?post=123858"}],"version-history":[{"count":0,"href":"https:\/\/www.europesays.com\/pt\/wp-json\/wp\/v2\/posts\/123858\/revisions"}],"wp:featuredmedia":[{"embeddable":true,"href":"https:\/\/www.europesays.com\/pt\/wp-json\/wp\/v2\/media\/123859"}],"wp:attachment":[{"href":"https:\/\/www.europesays.com\/pt\/wp-json\/wp\/v2\/media?parent=123858"}],"wp:term":[{"taxonomy":"category","embeddable":true,"href":"https:\/\/www.europesays.com\/pt\/wp-json\/wp\/v2\/categories?post=123858"},{"taxonomy":"post_tag","embeddable":true,"href":"https:\/\/www.europesays.com\/pt\/wp-json\/wp\/v2\/tags?post=123858"}],"curies":[{"name":"wp","href":"https:\/\/api.w.org\/{rel}","templated":true}]}}