{"id":123862,"date":"2025-10-23T23:47:09","date_gmt":"2025-10-23T23:47:09","guid":{"rendered":"https:\/\/www.europesays.com\/pt\/123862\/"},"modified":"2025-10-23T23:47:09","modified_gmt":"2025-10-23T23:47:09","slug":"especialista-comenta-avancos-no-diagnostico-e-no-combate-ao-alzheimer","status":"publish","type":"post","link":"https:\/\/www.europesays.com\/pt\/123862\/","title":{"rendered":"Especialista comenta avan\u00e7os no diagn\u00f3stico e no combate ao Alzheimer"},"content":{"rendered":"<p class=\"texto\"><strong>Manuela S\u00e1*<\/strong><\/p>\n<p dir=\"ltr\">Nesta quinta-feira (23\/10), o CB.Sa\u00fade \u2014 parceria entre o <strong>Correio Braziliense<\/strong> e a TV Bras\u00edlia \u2014 recebeu Luciana Barbosa, coordenadora do servi\u00e7o de neurologia do Hospital S\u00edrio-Liban\u00eas Bras\u00edlia. \u00c0s jornalistas Sibele Negromonte e Mariana Niederauer, a entrevistada falou sobre como fazer o diagn\u00f3stico precoce de Alzheimer e avan\u00e7os no combate \u00e0 doen\u00e7a.<\/p>\n<p class=\"texto\"><strong><a href=\"https:\/\/whatsapp.com\/channel\/0029VaB1U9a002T64ex1Sy2w\" rel=\"nofollow noopener\" target=\"_blank\">Siga o canal do Correio no WhatsApp e receba as principais not\u00edcias do dia no seu celular<\/a><\/strong>?<\/p>\n<p dir=\"ltr\">De acordo com a especialista, apenas 20% dos cerca de\u00a02 milh\u00f5es de idosos com dem\u00eancia no Brasil receberam diagn\u00f3stico. \u201cTemos muito que trabalhar para saber identificar a doen\u00e7a de forma precoce porque isso muda a vida desse paciente, a vida dessa fam\u00edlia\u201d, afirma Luciana.<\/p>\n<p dir=\"ltr\">Para fazer esse diagn\u00f3stico, coordenadora do Hospital S\u00edrio-Liban\u00eas Bras\u00edlia instrui familiares e pessoas pr\u00f3ximas a prestarem aten\u00e7\u00e3o em diferen\u00e7as no comportamento. \u201cEssas s\u00e3o doen\u00e7as, no geral, do envelhecimento. E muita coisa, \u00e0s vezes, a gente acha que \u00e9 da pr\u00f3pria idade. Ent\u00e3o, o familiar tem que ficar atento quando o paciente come\u00e7a a deixar de fazer coisas que ele conseguia fazer antes\u201d, adverte.\u00a0<\/p>\n<p dir=\"ltr\">A especialista aponta os principais fatores de risco para a dem\u00eancia, sendo um deles a falta de escolaridade: \u201cAs pessoas que s\u00e3o analfabetas t\u00eam o dobro de risco de desenvolver dem\u00eancia. H\u00e1 a quest\u00e3o da hipertens\u00e3o tamb\u00e9m, quando n\u00e3o est\u00e1 controlada, e da audi\u00e7\u00e3o, quando a gente n\u00e3o consegue corrigir. Esses s\u00e3o os fatores de risco principais, mas existem outros: diabetes e colesterol, quando est\u00e3o descompensados, obesidade, depress\u00e3o, altera\u00e7\u00f5es do sono, traumatismo craniano, tabagismo, polui\u00e7\u00e3o e isolamento social\u201d.<\/p>\n<p dir=\"ltr\">Luciana\u00a0indica que, para evitar o Alzheimer, \u00e9 poss\u00edvel fazer o que especialistas neurol\u00f3gicos chamam de reserva cognitiva: \u201c\u00c9 parecido com uma poupan\u00e7a que a gente cria para o nosso envelhecimento. Temos que manter a nossa sa\u00fade geral boa. \u00c9 preciso estar dormindo bem, se alimentar de forma saud\u00e1vel, evitar os ultraprocessados, alimentos muito gordurosos, tentar comer mais verduras, frutas, legumes, evitar carne vermelha e controlar bem as doen\u00e7as no geral\u201d.\u00a0<\/p>\n<p dir=\"ltr\">A coordenadora do S\u00edrio-Liban\u00eas Bras\u00edlia tamb\u00e9m falou do novo medicamento para Alzheimer, que foi autorizado pela Anvisa em setembro deste ano. \u201c\u00c9 uma coisa revolucion\u00e1ria no sentido de que \u00e9 algo que est\u00e1 tratando a causa. Estamos h\u00e1 mais de 20 anos sem nenhum tratamento novo para a doen\u00e7a e agora veio esse. Ent\u00e3o, a gente v\u00ea com \u00e2nimo de ser um caminho novo\u201d, comentou.<\/p>\n<p class=\"texto\">*Estagi\u00e1ria sob supervis\u00e3o de Patrick Selvatti<\/p>\n<ul>\n<li><a href=\"https:\/\/wa.me\/?text=Especialista+comenta+avan%C3%A7os+no+diagn%C3%B3stico+e+no+combate+ao+Alzheimer%20https:\/\/www.correiobraziliense.com.br\/cidades-df\/2025\/10\/7277565-especialista-comenta-avancos-no-diagnostico-e-no-combate-ao-alzheimer.html\" target=\"_blank\" title=\"Whatsapp\" aria-label=\"WhatsApp\" rel=\"nofollow noopener\"><\/a><\/li>\n<li><a href=\"https:\/\/www.facebook.com\/sharer.php?u=https:\/\/www.correiobraziliense.com.br%2Fcidades-df%2F2025%2F10%2F7277565-especialista-comenta-avancos-no-diagnostico-e-no-combate-ao-alzheimer.html&amp;text=Especialista+comenta+avan%C3%A7os+no+diagn%C3%B3stico+e+no+combate+ao+Alzheimer\" target=\"_blank\" title=\"Facebook\" aria-label=\"Facebook\" rel=\"nofollow noopener\"><\/a><\/li>\n<li><a href=\"https:\/\/twitter.com\/intent\/tweet?url=https:\/\/www.correiobraziliense.com.br%2Fcidades-df%2F2025%2F10%2F7277565-especialista-comenta-avancos-no-diagnostico-e-no-combate-ao-alzheimer.html&amp;text=Especialista+comenta+avan%C3%A7os+no+diagn%C3%B3stico+e+no+combate+ao+Alzheimer\" target=\"_blank\" title=\"Twitter\" aria-label=\"Twitter\" rel=\"nofollow noopener\"><\/a><\/li>\n<li><a href=\"https:\/\/profile.google.com\/cp\/CgovbS8wNzZ0dms1\" title=\"Google Discover\" target=\"_blank\" aria-label=\"Google Discover\" rel=\"nofollow noopener\"><img decoding=\"async\" src=\"https:\/\/www.europesays.com\/pt\/wp-content\/uploads\/2025\/10\/1761263228_86_google-discover-icon.png\" style=\"height: 25px; margin: 0 !important; margin-left: 3px;\" alt=\"Google Discover Icon\"\/><\/a><\/li>\n<\/ul>\n<p>              <a href=\"https:\/\/www.correiobraziliense.com.br\/autor\/correio-braziliense\/page\/1\/\" style=\"height: 100%;\" rel=\"nofollow noopener\" target=\"_blank\"><img decoding=\"async\" class=\"hidden-print author-circle d-block h6 mt-0 mb-0 mr-6 text-center\" src=\"https:\/\/www.europesays.com\/pt\/wp-content\/uploads\/2025\/10\/logo_800x800-32298422.png\" alt=\"\" width=\"40\" height=\"40\" loading=\"lazy\" style=\"object-fit:cover; width: 40px; height: 40px; margin-right:10px;\"\/><\/a><a href=\"https:\/\/www.correiobraziliense.com.br\/autor\/correio-braziliense\/page\/1\/\" rel=\"nofollow noopener\" target=\"_blank\"><img decoding=\"async\" class=\"hidden-print author-circle d-block h6 mt-0 mb-0 mr-6 text-center\" src=\"https:\/\/www.europesays.com\/pt\/wp-content\/uploads\/2025\/10\/logo_800x800-32298422.png\" alt=\"\" width=\"40\" height=\"40\" loading=\"lazy\" style=\"object-fit:cover; width: 40px; height: 40px; margin-right:10px;\"\/><\/a><\/p>\n<p>                          <script async src=\"https:\/\/platform.twitter.com\/widgets.js\" charset=\"utf-8\"><\/script><\/p>\n","protected":false},"excerpt":{"rendered":"Manuela S\u00e1* Nesta quinta-feira (23\/10), o CB.Sa\u00fade \u2014 parceria entre o Correio Braziliense e a TV Bras\u00edlia \u2014&hellip;\n","protected":false},"author":2,"featured_media":123863,"comment_status":"","ping_status":"","sticky":false,"template":"","format":"standard","meta":{"footnotes":""},"categories":[86],"tags":[314,21661,116,32,33,117],"class_list":{"0":"post-123862","1":"post","2":"type-post","3":"status-publish","4":"format-standard","5":"has-post-thumbnail","7":"category-saude","8":"tag-alzheimer","9":"tag-diagnostic","10":"tag-health","11":"tag-portugal","12":"tag-pt","13":"tag-saude"},"share_on_mastodon":{"url":"https:\/\/pubeurope.com\/@pt\/115426154716814700","error":""},"_links":{"self":[{"href":"https:\/\/www.europesays.com\/pt\/wp-json\/wp\/v2\/posts\/123862","targetHints":{"allow":["GET"]}}],"collection":[{"href":"https:\/\/www.europesays.com\/pt\/wp-json\/wp\/v2\/posts"}],"about":[{"href":"https:\/\/www.europesays.com\/pt\/wp-json\/wp\/v2\/types\/post"}],"author":[{"embeddable":true,"href":"https:\/\/www.europesays.com\/pt\/wp-json\/wp\/v2\/users\/2"}],"replies":[{"embeddable":true,"href":"https:\/\/www.europesays.com\/pt\/wp-json\/wp\/v2\/comments?post=123862"}],"version-history":[{"count":0,"href":"https:\/\/www.europesays.com\/pt\/wp-json\/wp\/v2\/posts\/123862\/revisions"}],"wp:featuredmedia":[{"embeddable":true,"href":"https:\/\/www.europesays.com\/pt\/wp-json\/wp\/v2\/media\/123863"}],"wp:attachment":[{"href":"https:\/\/www.europesays.com\/pt\/wp-json\/wp\/v2\/media?parent=123862"}],"wp:term":[{"taxonomy":"category","embeddable":true,"href":"https:\/\/www.europesays.com\/pt\/wp-json\/wp\/v2\/categories?post=123862"},{"taxonomy":"post_tag","embeddable":true,"href":"https:\/\/www.europesays.com\/pt\/wp-json\/wp\/v2\/tags?post=123862"}],"curies":[{"name":"wp","href":"https:\/\/api.w.org\/{rel}","templated":true}]}}