{"id":123868,"date":"2025-10-23T23:53:17","date_gmt":"2025-10-23T23:53:17","guid":{"rendered":"https:\/\/www.europesays.com\/pt\/123868\/"},"modified":"2025-10-23T23:53:17","modified_gmt":"2025-10-23T23:53:17","slug":"normalmente-e-mau-sinal-psicologa-deixa-alerta-aos-pais-sobre-comportamento-do-filho-que-assassinou-a-vereadora-de-vagos-dois-as-10","status":"publish","type":"post","link":"https:\/\/www.europesays.com\/pt\/123868\/","title":{"rendered":"\u00abNormalmente, \u00e9 mau sinal\u00bb: psic\u00f3loga deixa alerta aos pais sobre comportamento do filho que assassinou a vereadora de Vagos &#8211; Dois \u00e0s 10"},"content":{"rendered":"<p>                        A psic\u00f3loga In\u00eas Balinha Carlos analisou o comportamento do filho de Susana Gravato, depois de ser identificado como autor do assass\u00ednio da m\u00e3e.<\/p>\n<p data-end=\"1325\" data-start=\"969\">O crime que chocou o pa\u00eds \u2014 o <strong data-end=\"1046\" data-start=\"1009\">assass\u00ednio da vereadora de Vagos\u00a0<\/strong>pelo filho de <strong data-end=\"1086\" data-start=\"1075\">14 anos<\/strong> \u2014 gerou debate no <strong data-end=\"1127\" data-start=\"1111\">\u201cDois \u00e0s 10\u201d<\/strong>. A psic\u00f3loga <strong data-end=\"1164\" data-start=\"1141\">In\u00eas Balinha Carlos<\/strong> deixou um <strong data-end=\"1215\" data-start=\"1175\">alerta importante para todos os pais<\/strong>, sublinhando que certos comportamentos \u201cdemasiado perfeitos\u201d podem ser um sinal de aten\u00e7\u00e3o.<\/p>\n<p data-end=\"1483\" data-start=\"1327\">Durante a conversa, In\u00eas come\u00e7ou por contextualizar o caso, recordando que todos os que conheciam o jovem o descreviam como calmo, educado e exemplar\u00a0: \u201c<strong data-end=\"1663\" data-start=\"1487\">Era um menino perfeito e de uma fam\u00edlia perfeita \u2014 e isso, normalmente, \u00e9 muito mau sinal. No futebol era o certinho e direitinho, na escola era o mais simp\u00e1tico e educado.<\/strong>\u201d<\/p>\n<p data-end=\"1714\" data-start=\"1668\">Cristina Ferreira, surpreendida, questionou: \u201c<strong data-end=\"1764\" data-start=\"1718\">Mas n\u00e3o \u00e9 natural que haja crian\u00e7as assim?<\/strong>\u201d<\/p>\n<p data-end=\"1844\" data-start=\"1769\">A psic\u00f3loga explicou que a aus\u00eancia total de falhas pode ser preocupante: \u201c<strong data-end=\"2008\" data-start=\"1848\">T\u00e3o perfeito como ele era, com 14 anos, \u00e9 um grande alerta. Se um dos filhos nunca tem um momento em que \u2018rebenta\u2019 um bocadinho, aquilo fica tudo acumulado.<\/strong>\u201d<\/p>\n<p data-end=\"2092\" data-start=\"2013\">In\u00eas Balinha Carlos aproveitou ainda para deixar\u00a0dicas pr\u00e1ticas aos pais: \u201c<strong data-end=\"2277\" data-start=\"2096\">Todos falhamos como pais e temos de ter humildade. Gosto muito da palavra \u2018desculpa\u2019. Eu pe\u00e7o desculpa aos meus filhos \u2014 \u00e9 importante que eles tamb\u00e9m percebam que os pais erram.<\/strong>\u00a0<strong data-end=\"2408\" data-start=\"2285\">Se h\u00e1 um clima constante em que a m\u00e3e ou o pai invadem o espa\u00e7o do filho, se ele se sente controlado, a raiva acaba por explodir.<\/strong>\u201d<\/p>\n<p data-end=\"2647\" data-start=\"2413\">A especialista citou ainda o psic\u00f3logo <strong data-end=\"2472\" data-start=\"2452\">Donald Winnicott<\/strong>, que estudou o fen\u00f3meno da <strong data-end=\"2528\" data-start=\"2500\">\u201cm\u00e3e excessivamente m\u00e3e\u201d<\/strong><\/p>\n<p data-end=\"2855\" data-start=\"2649\">\u00a0<\/p>\n","protected":false},"excerpt":{"rendered":"A psic\u00f3loga In\u00eas Balinha Carlos analisou o comportamento do filho de Susana Gravato, depois de ser identificado como&hellip;\n","protected":false},"author":2,"featured_media":123869,"comment_status":"","ping_status":"","sticky":false,"template":"","format":"standard","meta":{"footnotes":""},"categories":[8],"tags":[27,28,329,166,3412,3406,3409,801,3410,3411,3407,3408,15,16,14,25,26,21,22,3413,338,12,13,19,20,32,23,24,33,28330,17,18,29,30,31,28497],"class_list":{"0":"post-123868","1":"post","2":"type-post","3":"status-publish","4":"format-standard","5":"has-post-thumbnail","7":"category-principais-noticias","8":"tag-breaking-news","9":"tag-breakingnews","10":"tag-claudio-ramos","11":"tag-cristina-ferreira","12":"tag-dois-10","13":"tag-dois-a-s-10-dois-a-s-10","14":"tag-dois-a-s-dez","15":"tag-dois-as-10","16":"tag-dois-as-dez","17":"tag-dois-dez","18":"tag-doisas10","19":"tag-doisasdez","20":"tag-featured-news","21":"tag-featurednews","22":"tag-headlines","23":"tag-latest-news","24":"tag-latestnews","25":"tag-main-news","26":"tag-mainnews","27":"tag-manha-tvi","28":"tag-maria-botelho-moniz","29":"tag-news","30":"tag-noticias","31":"tag-noticias-principais","32":"tag-noticiasprincipais","33":"tag-portugal","34":"tag-principais-noticias","35":"tag-principaisnoticias","36":"tag-pt","37":"tag-susana-gravato","38":"tag-top-stories","39":"tag-topstories","40":"tag-ultimas","41":"tag-ultimas-noticias","42":"tag-ultimasnoticias","43":"tag-vereadora-de-vagos"},"share_on_mastodon":{"url":"","error":"Validation failed: Text character limit of 500 exceeded"},"_links":{"self":[{"href":"https:\/\/www.europesays.com\/pt\/wp-json\/wp\/v2\/posts\/123868","targetHints":{"allow":["GET"]}}],"collection":[{"href":"https:\/\/www.europesays.com\/pt\/wp-json\/wp\/v2\/posts"}],"about":[{"href":"https:\/\/www.europesays.com\/pt\/wp-json\/wp\/v2\/types\/post"}],"author":[{"embeddable":true,"href":"https:\/\/www.europesays.com\/pt\/wp-json\/wp\/v2\/users\/2"}],"replies":[{"embeddable":true,"href":"https:\/\/www.europesays.com\/pt\/wp-json\/wp\/v2\/comments?post=123868"}],"version-history":[{"count":0,"href":"https:\/\/www.europesays.com\/pt\/wp-json\/wp\/v2\/posts\/123868\/revisions"}],"wp:featuredmedia":[{"embeddable":true,"href":"https:\/\/www.europesays.com\/pt\/wp-json\/wp\/v2\/media\/123869"}],"wp:attachment":[{"href":"https:\/\/www.europesays.com\/pt\/wp-json\/wp\/v2\/media?parent=123868"}],"wp:term":[{"taxonomy":"category","embeddable":true,"href":"https:\/\/www.europesays.com\/pt\/wp-json\/wp\/v2\/categories?post=123868"},{"taxonomy":"post_tag","embeddable":true,"href":"https:\/\/www.europesays.com\/pt\/wp-json\/wp\/v2\/tags?post=123868"}],"curies":[{"name":"wp","href":"https:\/\/api.w.org\/{rel}","templated":true}]}}