{"id":123882,"date":"2025-10-24T00:12:24","date_gmt":"2025-10-24T00:12:24","guid":{"rendered":"https:\/\/www.europesays.com\/pt\/123882\/"},"modified":"2025-10-24T00:12:24","modified_gmt":"2025-10-24T00:12:24","slug":"morre-a-atriz-isabella-tate-aos-23-anos","status":"publish","type":"post","link":"https:\/\/www.europesays.com\/pt\/123882\/","title":{"rendered":"Morre a atriz Isabella Tate, aos 23 anos"},"content":{"rendered":"<p>A atriz <strong>Isabelle Tate,<\/strong> conhecida por sua participa\u00e7\u00e3o recente na s\u00e9rie 9-1-1: Nashville, morreu no domingo, 19, aos 23 anos. Nascida e criada no Tennessee, nos Estados Unidos, a atriz havia retornado \u00e0s telas depois de um tempo afastada e, segundo pessoas pr\u00f3ximas, vivia um momento de reencontro com a arte que a formou na adolesc\u00eancia.<\/p>\n<p>A fam\u00edlia informou a morte por meio do obitu\u00e1rio, mas a causa ainda n\u00e3o foi divulgada. Tate dedicava grande parte de seu tempo ao trabalho volunt\u00e1rio e era apaixonada por animais. A nota ainda a descrevia como uma jovem \u201ccheia de energia, determinada e apaixonada por mudar o mundo\u201d.<\/p>\n<p>Segundo a fam\u00edlia, ela tamb\u00e9m tinha forte liga\u00e7\u00e3o com a m\u00fasica e costumava passar horas compondo e gravando can\u00e7\u00f5es com amigos. \u201cIsabelle era cheia de fogo, uma lutadora, que nunca usou sua defici\u00eancia como desculpa. Era criativa, divertida e o cora\u00e7\u00e3o de cada festa\u201d, diz o texto divulgado pelos familiares.<\/p>\n<p>Carreira e trajet\u00f3ria de Isabelle Tate<\/p>\n<p>Aos 13 anos, Isabelle foi diagnosticada com uma doen\u00e7a neuromuscular progressiva que enfraquecia gradualmente os m\u00fasculos das pernas, fazendo com que ela precisasse de cadeira de rodas. Em uma publica\u00e7\u00e3o de 2022, a atriz falou sobre o processo de aceita\u00e7\u00e3o: \u201cFoi uma jornada dif\u00edcil, porque aceitar ajuda e me render \u00e0 progress\u00e3o dessa condi\u00e7\u00e3o foi extremamente duro. Mas escolhi abra\u00e7ar isso e n\u00e3o deixar que me definisse.\u201d<\/p>\n<p>Mesmo diante das limita\u00e7\u00f5es f\u00edsicas, Isabelle seguia ativa e inspirava f\u00e3s com mensagens de for\u00e7a e otimismo. Em seu \u00faltimo texto, escreveu: \u201cN\u00e3o sei por que essas foram as cartas que a vida me deu, mas escolhi jogar com elas da melhor forma poss\u00edvel.\u201d<\/p>\n<p>Antes de conquistar seu papel em 9-1-1: Nashville, Isabelle havia iniciado a carreira ainda na adolesc\u00eancia e retomado recentemente o sonho de atuar. A ag\u00eancia que a representava publicou uma homenagem nas redes sociais: \u201cEstamos completamente devastados com a perda de Isabelle Tate. Ela tinha um talento imenso e uma energia \u00fanica. Fico feliz que tenha voltado a atuar e que tenha se divertido tanto nas filmagens de sua primeira s\u00e9rie.\u201d<\/p>\n<p>Leia tamb\u00e9m: <a href=\"https:\/\/caras.com.br\/atualidades\/morre-fernando-fecchio-ator-de-destaque-no-teatro-e-ex-mtv-aos-45-anos.phtml\" rel=\"nofollow noopener\" target=\"_blank\">Morre Fernando Fecchio, ator de destaque no teatro e ex-MTV, aos 45 anos<\/a><\/p>\n<p>        <a href=\"https:\/\/caras.com.br\/autor\/izabella-nicolau\" rel=\"nofollow noopener\" target=\"_blank\">&#13;<br \/>\n          <img loading=\"lazy\" decoding=\"async\" alt=\"Izabella Nicolau\" src=\"https:\/\/www.europesays.com\/pt\/wp-content\/uploads\/2025\/10\/whatsapp_image_2025-08-12_at_15.10.50_1_sqmd.jpeg\" class=\"avatar avatar-115 photo rounded-circle\" height=\"115\" width=\"115\"\/>        <\/a><\/p>\n<p><strong>Izabella Nicolau<\/strong> \u00e9 rep\u00f3rter de conte\u00fado do site CARAS. Formada em jornalismo, j\u00e1 passou por sites como Observat\u00f3rio do Cinema e Ultraverso. Escreve sobre cultura, entretenimento e celebridades.<\/p>\n","protected":false},"excerpt":{"rendered":"A atriz Isabelle Tate, conhecida por sua participa\u00e7\u00e3o recente na s\u00e9rie 9-1-1: Nashville, morreu no domingo, 19, aos&hellip;\n","protected":false},"author":2,"featured_media":123883,"comment_status":"","ping_status":"","sticky":false,"template":"","format":"standard","meta":{"footnotes":""},"categories":[145],"tags":[211,210,114,115,28598,32,33],"class_list":{"0":"post-123882","1":"post","2":"type-post","3":"status-publish","4":"format-standard","5":"has-post-thumbnail","7":"category-celebridades","8":"tag-celebridades","9":"tag-celebrities","10":"tag-entertainment","11":"tag-entretenimento","12":"tag-isabelle-tate","13":"tag-portugal","14":"tag-pt"},"share_on_mastodon":{"url":"https:\/\/pubeurope.com\/@pt\/115426253003168023","error":""},"_links":{"self":[{"href":"https:\/\/www.europesays.com\/pt\/wp-json\/wp\/v2\/posts\/123882","targetHints":{"allow":["GET"]}}],"collection":[{"href":"https:\/\/www.europesays.com\/pt\/wp-json\/wp\/v2\/posts"}],"about":[{"href":"https:\/\/www.europesays.com\/pt\/wp-json\/wp\/v2\/types\/post"}],"author":[{"embeddable":true,"href":"https:\/\/www.europesays.com\/pt\/wp-json\/wp\/v2\/users\/2"}],"replies":[{"embeddable":true,"href":"https:\/\/www.europesays.com\/pt\/wp-json\/wp\/v2\/comments?post=123882"}],"version-history":[{"count":0,"href":"https:\/\/www.europesays.com\/pt\/wp-json\/wp\/v2\/posts\/123882\/revisions"}],"wp:featuredmedia":[{"embeddable":true,"href":"https:\/\/www.europesays.com\/pt\/wp-json\/wp\/v2\/media\/123883"}],"wp:attachment":[{"href":"https:\/\/www.europesays.com\/pt\/wp-json\/wp\/v2\/media?parent=123882"}],"wp:term":[{"taxonomy":"category","embeddable":true,"href":"https:\/\/www.europesays.com\/pt\/wp-json\/wp\/v2\/categories?post=123882"},{"taxonomy":"post_tag","embeddable":true,"href":"https:\/\/www.europesays.com\/pt\/wp-json\/wp\/v2\/tags?post=123882"}],"curies":[{"name":"wp","href":"https:\/\/api.w.org\/{rel}","templated":true}]}}