{"id":123884,"date":"2025-10-24T00:15:13","date_gmt":"2025-10-24T00:15:13","guid":{"rendered":"https:\/\/www.europesays.com\/pt\/123884\/"},"modified":"2025-10-24T00:15:13","modified_gmt":"2025-10-24T00:15:13","slug":"tv-gazeta-anuncia-executivo-ex-globo-como-vp-comercial","status":"publish","type":"post","link":"https:\/\/www.europesays.com\/pt\/123884\/","title":{"rendered":"TV Gazeta anuncia executivo ex-Globo como VP Comercial"},"content":{"rendered":"<p>Na tarde desta quinta-feira (23), a Funda\u00e7\u00e3o C\u00e1sper L\u00edbero anunciou que Cl\u00e1udio Corr\u00eaa de Mello \u00e9 seu novo vice-presidente comercial. O executivo chega para liderar e representar essa \u00e1rea nas emissoras TV Gazeta e Gazeta FM (88.1) e gerar denovos neg\u00f3cios, al\u00e9m de apoiar a Faculdade C\u00e1sper L\u00edbero, o canal digital Gazeta Esportiva e os eventos esportivos Corrida de S\u00e3o Silvestre e Prova Cicl\u00edstica 9 de Julho.<\/p>\n<p>Em comunicado enviado \u00e0 imprensa, a funda\u00e7\u00e3o afirmou que seu objetivo com a nova contrata\u00e7\u00e3o \u00e9 fortalecer a presen\u00e7a das marcas no mercado publicit\u00e1rio e ampliar as oportunidades de receita em suas diversas plataformas.\u00a0<\/p>\n<p>+\u00a0<a href=\"https:\/\/natelinha.uol.com.br\/series\/2025\/10\/23\/serie-do-globoplay-mostra-como-boxe-levou-maguila-do-sucesso-a-doenca-cruel-232980.php\" rel=\"nofollow noopener\" target=\"_blank\">S\u00e9rie do Globoplay mostra como boxe levou Maguila do sucesso \u00e0 doen\u00e7a cruel <\/a><\/p>\n<p>+\u00a0<a href=\"https:\/\/natelinha.uol.com.br\/famosos\/2025\/10\/23\/maiara-troca-carinhos-com-matheus-vargas-e-insinua-que-affair-com-filho-de-leonardo-e-antigo-232978.php\" rel=\"nofollow noopener\" target=\"_blank\">Maiara troca carinhos com Matheus Vargas e insinua que affair com filho de Leonardo \u00e9 antigo <\/a><\/p>\n<p>Cl\u00e1udio Corr\u00eaa tem um curr\u00edculo extenso e mais de duas d\u00e9cadas em posi\u00e7\u00f5es de lideran\u00e7a em comunica\u00e7\u00e3o, opera\u00e7\u00f5es, marketing e vendas. Em televis\u00e3o, atuou como diretor regional, comercial e de novos neg\u00f3cios do grupo <a href=\"https:\/\/natelinha.uol.com.br\/televisao\/emissoras\/globo\" rel=\"nofollow noopener\" target=\"_blank\">Globo<\/a>.\u00a0<\/p>\n<p>continua depois da publicidade<\/p>\n<p>TV Gazeta e Cl\u00e1udio Corr\u00eaa se pronunciam<\/p>\n<p><img decoding=\"async\" loading=\"lazy\" class=\"horizontal\" src=\"https:\/\/www.europesays.com\/pt\/wp-content\/uploads\/2025\/10\/h2-tv-gazeta-contrata-ex-globo_6124.jpeg\" alt=\"Fachada da TV Gazeta em SP\" width=\"1240\" height=\"719\"\/><\/p>\n<p>Maria Cristina, Superintendente Geral da Funda\u00e7\u00e3o C\u00e1sper L\u00edbero, mantenedora da <a href=\"https:\/\/natelinha.uol.com.br\/televisao\/emissoras\/tv-gazeta\" rel=\"nofollow noopener\" target=\"_blank\">TV Gazeta<\/a>, comemorou a chegada de Cl\u00e1udio Corr\u00eaa \u00e0 equipe: &#8220;A chegada de um profissional experiente representa um passo importante no nosso plano de expans\u00e3o e moderniza\u00e7\u00e3o da nossa \u00e1rea comercial&#8221;.<\/p>\n<p>J\u00e1 o executivo, enxerga a funda\u00e7\u00e3o como um \u00edcone da cultura, do jornalismo, do esporte e da educa\u00e7\u00e3o em S\u00e3o Paulo. &#8220;Viver esse novo tempo, de integra\u00e7\u00e3o entre suas unidades de neg\u00f3cios e de conex\u00e3o real com a cidade, \u00e9 um privil\u00e9gio&#8221;, celebrou.<\/p>\n<p>&#8220;A contrata\u00e7\u00e3o refor\u00e7a o compromisso da Funda\u00e7\u00e3o C\u00e1sper L\u00edbero em investir em talentos de alto n\u00edvel para garantir a excel\u00eancia e a competitividade do seu neg\u00f3cio&#8221;, concluiu nota oficial.<\/p>\n<p>continua depois da publicidade<\/p>\n","protected":false},"excerpt":{"rendered":"Na tarde desta quinta-feira (23), a Funda\u00e7\u00e3o C\u00e1sper L\u00edbero anunciou que Cl\u00e1udio Corr\u00eaa de Mello \u00e9 seu novo&hellip;\n","protected":false},"author":2,"featured_media":123885,"comment_status":"","ping_status":"","sticky":false,"template":"","format":"standard","meta":{"footnotes":""},"categories":[142],"tags":[114,115,32,33,151,16330],"class_list":{"0":"post-123884","1":"post","2":"type-post","3":"status-publish","4":"format-standard","5":"has-post-thumbnail","7":"category-tv","8":"tag-entertainment","9":"tag-entretenimento","10":"tag-portugal","11":"tag-pt","12":"tag-tv","13":"tag-tv-gazeta"},"share_on_mastodon":{"url":"https:\/\/pubeurope.com\/@pt\/115426264891280810","error":""},"_links":{"self":[{"href":"https:\/\/www.europesays.com\/pt\/wp-json\/wp\/v2\/posts\/123884","targetHints":{"allow":["GET"]}}],"collection":[{"href":"https:\/\/www.europesays.com\/pt\/wp-json\/wp\/v2\/posts"}],"about":[{"href":"https:\/\/www.europesays.com\/pt\/wp-json\/wp\/v2\/types\/post"}],"author":[{"embeddable":true,"href":"https:\/\/www.europesays.com\/pt\/wp-json\/wp\/v2\/users\/2"}],"replies":[{"embeddable":true,"href":"https:\/\/www.europesays.com\/pt\/wp-json\/wp\/v2\/comments?post=123884"}],"version-history":[{"count":0,"href":"https:\/\/www.europesays.com\/pt\/wp-json\/wp\/v2\/posts\/123884\/revisions"}],"wp:featuredmedia":[{"embeddable":true,"href":"https:\/\/www.europesays.com\/pt\/wp-json\/wp\/v2\/media\/123885"}],"wp:attachment":[{"href":"https:\/\/www.europesays.com\/pt\/wp-json\/wp\/v2\/media?parent=123884"}],"wp:term":[{"taxonomy":"category","embeddable":true,"href":"https:\/\/www.europesays.com\/pt\/wp-json\/wp\/v2\/categories?post=123884"},{"taxonomy":"post_tag","embeddable":true,"href":"https:\/\/www.europesays.com\/pt\/wp-json\/wp\/v2\/tags?post=123884"}],"curies":[{"name":"wp","href":"https:\/\/api.w.org\/{rel}","templated":true}]}}