{"id":123909,"date":"2025-10-24T00:35:51","date_gmt":"2025-10-24T00:35:51","guid":{"rendered":"https:\/\/www.europesays.com\/pt\/123909\/"},"modified":"2025-10-24T00:35:51","modified_gmt":"2025-10-24T00:35:51","slug":"victoria-ribeiro-filha-de-jardel-cresceu-e-prepara-se-para-ser-mae","status":"publish","type":"post","link":"https:\/\/www.europesays.com\/pt\/123909\/","title":{"rendered":"Vict\u00f3ria Ribeiro: filha de Jardel cresceu e prepara-se para ser m\u00e3e"},"content":{"rendered":"<p data-remotead-prev-elm=\"true\" data-remotead-elm-id=\"inread\">Vict\u00f3ria Ribeiro tem motivos de sobra para sorrir, longe dos tempos em que deu os primeiros passos no Porto. A filha de M\u00e1rio Jardel e de Karen Gaid\u00e3o prepara-se para ser m\u00e3e pela primeira vez, uma not\u00edcia partilhada com alegria pela m\u00e3e nas redes sociais.<\/p>\n<p>&#8220;O ano de 2025 vai ficar marcado para sempre na minha vida&#8230; Um ano de b\u00ean\u00e7\u00e3o sem fim. A melhor not\u00edcia que uma m\u00e3e pode ter. Vou ser vov\u00f3. Parab\u00e9ns, filha Vict\u00f3ria e Vasco Campos. Contem comigo para ficar com o baby&#8230; sempre!&#8221;, escreveu Karen Gaid\u00e3o, visivelmente comovida.<\/p>\n<p>A futura av\u00f3 descreveu o momento como uma b\u00ean\u00e7\u00e3o e n\u00e3o escondeu o orgulho na filha, que em setembro do ano passado casou com Vasco Campos, em Le\u00e7a do Balio, numa cerim\u00f3nia intimista e carregada de simbolismo.<\/p>\n<p data-remotead-prev-elm=\"true\" data-remotead-elm-id=\"centro1\">O casamento ficou marcado por um gesto invulgar. Vict\u00f3ria entrou na igreja de bra\u00e7o dado com o pai, M\u00e1rio Jardel, e com o padrasto, Filipe Gaid\u00e3o, marido da m\u00e3e h\u00e1 17 anos. Depois da cerim\u00f3nia, os pais partilharam mensagens de carinho. &#8220;Desejo-te muita sabedoria e que essa nova caminhada seja de muito amor e felicidade. O papai ama-te muito&#8221;, escreveu Jardel.<\/p>\n<p>Fot\u00f3grafa profissional do Sport Lisboa e Benfica desde 2021, Vict\u00f3ria construiu uma carreira s\u00f3lida na \u00e1rea da imagem. Licenciada em Fotografia pela Universidade Lus\u00f3fona, soma trabalhos em eventos, imobili\u00e1rio e comunica\u00e7\u00e3o visual, unindo t\u00e9cnica e sensibilidade art\u00edstica.<\/p>\n<p>Novo cap\u00edtulo<\/p>\n<p>A gravidez chega num momento de equil\u00edbrio pessoal e profissional. Entre Lisboa e o Porto, Vict\u00f3ria e Vasco vivem discretamente, afastados do mediatismo que sempre acompanhou o antigo avan\u00e7ado, tamb\u00e9m conhecido como Super M\u00e1rio, que vive em Fortaleza, no Brasil, sem nunca se desligar de Portugal.<\/p>\n<p>Vict\u00f3ria nasceu na Invicta, no auge da carreira do pai em Portugal, quando brilhava ao servi\u00e7o do F.C. Porto e deixava os adeptos em \u00eaxtase com os seus remates certeiros no Drag\u00e3o. Hoje, aos 52 anos, M\u00e1rio Jardel prepara-se para celebrar uma nova conquista fora das quatro linhas: a chegada do primeiro neto.<\/p>\n","protected":false},"excerpt":{"rendered":"Vict\u00f3ria Ribeiro tem motivos de sobra para sorrir, longe dos tempos em que deu os primeiros passos no&hellip;\n","protected":false},"author":2,"featured_media":123910,"comment_status":"","ping_status":"","sticky":false,"template":"","format":"standard","meta":{"footnotes":""},"categories":[85],"tags":[13828,2557,726,114,115,20558,1127,1041,28603,28602,32,33],"class_list":{"0":"post-123909","1":"post","2":"type-post","3":"status-publish","4":"format-standard","5":"has-post-thumbnail","7":"category-entretenimento","8":"tag-avo","9":"tag-bebe","10":"tag-brasil","11":"tag-entertainment","12":"tag-entretenimento","13":"tag-f-c-porto","14":"tag-filha","15":"tag-gravidez","16":"tag-jardel","17":"tag-mario-jardel","18":"tag-portugal","19":"tag-pt"},"share_on_mastodon":{"url":"https:\/\/pubeurope.com\/@pt\/115426347148254332","error":""},"_links":{"self":[{"href":"https:\/\/www.europesays.com\/pt\/wp-json\/wp\/v2\/posts\/123909","targetHints":{"allow":["GET"]}}],"collection":[{"href":"https:\/\/www.europesays.com\/pt\/wp-json\/wp\/v2\/posts"}],"about":[{"href":"https:\/\/www.europesays.com\/pt\/wp-json\/wp\/v2\/types\/post"}],"author":[{"embeddable":true,"href":"https:\/\/www.europesays.com\/pt\/wp-json\/wp\/v2\/users\/2"}],"replies":[{"embeddable":true,"href":"https:\/\/www.europesays.com\/pt\/wp-json\/wp\/v2\/comments?post=123909"}],"version-history":[{"count":0,"href":"https:\/\/www.europesays.com\/pt\/wp-json\/wp\/v2\/posts\/123909\/revisions"}],"wp:featuredmedia":[{"embeddable":true,"href":"https:\/\/www.europesays.com\/pt\/wp-json\/wp\/v2\/media\/123910"}],"wp:attachment":[{"href":"https:\/\/www.europesays.com\/pt\/wp-json\/wp\/v2\/media?parent=123909"}],"wp:term":[{"taxonomy":"category","embeddable":true,"href":"https:\/\/www.europesays.com\/pt\/wp-json\/wp\/v2\/categories?post=123909"},{"taxonomy":"post_tag","embeddable":true,"href":"https:\/\/www.europesays.com\/pt\/wp-json\/wp\/v2\/tags?post=123909"}],"curies":[{"name":"wp","href":"https:\/\/api.w.org\/{rel}","templated":true}]}}