{"id":123912,"date":"2025-10-24T00:41:11","date_gmt":"2025-10-24T00:41:11","guid":{"rendered":"https:\/\/www.europesays.com\/pt\/123912\/"},"modified":"2025-10-24T00:41:11","modified_gmt":"2025-10-24T00:41:11","slug":"axl-rose-do-guns-n-roses-e-visto-passeando-em-shopping-em-sao-paulo","status":"publish","type":"post","link":"https:\/\/www.europesays.com\/pt\/123912\/","title":{"rendered":"Axl Rose, do Guns N&#8217; Roses, \u00e9 visto passeando em shopping em S\u00e3o Paulo"},"content":{"rendered":"<p>\n                        Cantor norte-americano foi filmado no Shopping Iguatemi, na zona sul da capital\n                    <\/p>\n<p>\n                                                                                                                                                                                                                            23 out<br \/>\n                                    2025<br \/>\n                                     &#8211; 20h49\n                                <\/p>\n<p>\n                                                                                                            (atualizado \u00e0s 20h50)\n                                                                    <\/p>\n<blockquote class=\"instagram-media\" data-instgrm-captioned=\"\" data-instgrm-permalink=\"https:\/\/www.instagram.com\/reel\/DQKhsjlD-JL\/?utm_source=ig_embed&amp;utm_campaign=loading\" data-instgrm-version=\"14\" style=\" background:#FFF; border:0; border-radius:3px; box-shadow:0 0 1px 0 rgba(0,0,0,0.5),0 1px 10px 0 rgba(0,0,0,0.15); margin: 1px; max-width:658px; min-width:326px; padding:0; width:99.375%; width:-webkit-calc(100% - 2px); width:calc(100% - 2px);\"><p>\n<a href=\"https:\/\/www.instagram.com\/reel\/DQKhsjlD-JL\/?utm_source=ig_embed&amp;utm_campaign=loading\" style=\" background:#FFFFFF; line-height:0; padding:0 0; text-align:center; text-decoration:none; width:100%;\" target=\"_blank\" rel=\"nofollow noopener\"><\/p>\n<p>      View this post on Instagram <\/p>\n<p><\/a><\/p>\n<p class=\"text\" style=\" color:#c9c8cd; font-family:Arial,sans-serif; font-size:14px; line-height:17px; margin-bottom:0; margin-top:8px; overflow:hidden; padding:8px 0 7px; text-align:center; text-overflow:ellipsis; white-space:nowrap;\"><a href=\"https:\/\/www.instagram.com\/reel\/DQKhsjlD-JL\/?utm_source=ig_embed&amp;utm_campaign=loading\" style=\" color:#c9c8cd; font-family:Arial,sans-serif; font-size:14px; font-style:normal; font-weight:normal; line-height:17px; text-decoration:none;\" target=\"_blank\" rel=\"nofollow noopener\">A post shared by 89FM A R\u00c1DIO ROCK (@aradiorock)<\/a><\/p>\n<\/blockquote>\n<p class=\"text\">Dois dias antes do <b>Guns N&#8217; Roses<\/b> se apresentar no Allianz Parque, em S\u00e3o Paulo, o cantor <b>Axl Rose<\/b> foi filmado passeando no Shopping Iguatemi, na zona sul da capital.<\/p>\n<p class=\"text\">O vocalista estava acompanhado de sua empres\u00e1ria brasileira Beta Lebeis. O v\u00eddeo foi postado pelo colunista L\u00e9o Dias nas redes sociais.<\/p>\n<p><img loading=\"lazy\" decoding=\"async\" alt=\"Axl Rose durante um show do Guns N' Roses no est\u00e1dio Allianz Parque, na zona oeste da capital paulista, em 2017\" class=\"img-4461062891f49f8e554da875527994b9x99l9ivp\" height=\"1197\" src=\"https:\/\/www.europesays.com\/pt\/wp-content\/uploads\/2025\/10\/1714371147-6kqpfdltpzal3kibgtwsykwtju.jpg\"  title=\"Axl Rose durante um show do Guns N' Roses no est\u00e1dio Allianz Parque, na zona oeste da capital paulista, em 2017\" width=\"774\"\/><\/p>\n<p>Axl Rose durante um show do Guns N&#8217; Roses no est\u00e1dio Allianz Parque, na zona oeste da capital paulista, em 2017<\/p>\n<p>Foto: Werther Santana\/Estad\u00e3o \/ Estad\u00e3o<\/p>\n<p class=\"text\">Al\u00e9m do show em S\u00e3o Paulo neste s\u00e1bado, 25, que est\u00e1 com ingressos esgotados, a banda de rock californiana tamb\u00e9m j\u00e1 se apresentou em Florian\u00f3polis e tocar\u00e1 ainda em Curitiba, Cuiab\u00e1 e Bras\u00edlia. Os espet\u00e1culos fazem parte da turn\u00ea mundial Because What You Want and What You Get Are Two Completely Different Things.<\/p>\n<p>                            <script async src=\"\/\/www.instagram.com\/embed.js\"><\/script><\/p>\n","protected":false},"excerpt":{"rendered":"Cantor norte-americano foi filmado no Shopping Iguatemi, na zona sul da capital 23 out 2025 &#8211; 20h49 (atualizado&hellip;\n","protected":false},"author":2,"featured_media":123913,"comment_status":"","ping_status":"","sticky":false,"template":"","format":"standard","meta":{"footnotes":""},"categories":[145],"tags":[24662,211,210,114,115,24663,150,32,33],"class_list":{"0":"post-123912","1":"post","2":"type-post","3":"status-publish","4":"format-standard","5":"has-post-thumbnail","7":"category-celebridades","8":"tag-axl-rose","9":"tag-celebridades","10":"tag-celebrities","11":"tag-entertainment","12":"tag-entretenimento","13":"tag-guns-n-roses","14":"tag-musica","15":"tag-portugal","16":"tag-pt"},"share_on_mastodon":{"url":"https:\/\/pubeurope.com\/@pt\/115426366998378825","error":""},"_links":{"self":[{"href":"https:\/\/www.europesays.com\/pt\/wp-json\/wp\/v2\/posts\/123912","targetHints":{"allow":["GET"]}}],"collection":[{"href":"https:\/\/www.europesays.com\/pt\/wp-json\/wp\/v2\/posts"}],"about":[{"href":"https:\/\/www.europesays.com\/pt\/wp-json\/wp\/v2\/types\/post"}],"author":[{"embeddable":true,"href":"https:\/\/www.europesays.com\/pt\/wp-json\/wp\/v2\/users\/2"}],"replies":[{"embeddable":true,"href":"https:\/\/www.europesays.com\/pt\/wp-json\/wp\/v2\/comments?post=123912"}],"version-history":[{"count":0,"href":"https:\/\/www.europesays.com\/pt\/wp-json\/wp\/v2\/posts\/123912\/revisions"}],"wp:featuredmedia":[{"embeddable":true,"href":"https:\/\/www.europesays.com\/pt\/wp-json\/wp\/v2\/media\/123913"}],"wp:attachment":[{"href":"https:\/\/www.europesays.com\/pt\/wp-json\/wp\/v2\/media?parent=123912"}],"wp:term":[{"taxonomy":"category","embeddable":true,"href":"https:\/\/www.europesays.com\/pt\/wp-json\/wp\/v2\/categories?post=123912"},{"taxonomy":"post_tag","embeddable":true,"href":"https:\/\/www.europesays.com\/pt\/wp-json\/wp\/v2\/tags?post=123912"}],"curies":[{"name":"wp","href":"https:\/\/api.w.org\/{rel}","templated":true}]}}