{"id":123914,"date":"2025-10-24T00:42:19","date_gmt":"2025-10-24T00:42:19","guid":{"rendered":"https:\/\/www.europesays.com\/pt\/123914\/"},"modified":"2025-10-24T00:42:19","modified_gmt":"2025-10-24T00:42:19","slug":"fotografo-joao-farkas-relembra-inicio-de-trancoso-antes-de-investimentos-era-semiabandonado","status":"publish","type":"post","link":"https:\/\/www.europesays.com\/pt\/123914\/","title":{"rendered":"Fot\u00f3grafo Jo\u00e3o Farkas relembra in\u00edcio de Trancoso antes de investimentos: &#8216;Era semiabandonado&#8217;"},"content":{"rendered":"<p>O fot\u00f3grafo <strong>Jo\u00e3o Farkas<\/strong>, reconhecido por sua trajet\u00f3ria na fotografia documental, afirmou que <strong>Trancoso<\/strong> foi um dos lugares que mais mudaram desde que ele o registrou no passado. A regi\u00e3o, hoje um dos destinos tur\u00edsticos mais procurados da Bahia, foi descoberta pelo artista na d\u00e9cada de 1970.<\/p>\n<p>\u201cQuando eu cheguei l\u00e1, tinha, a maioria das casas era desocupada, tinha umas 100 casas, mais ou menos, da qual talvez uma boa parte era ocupada, a outra parte era desocupada. <strong>Era um lugar semi-abandonado e que parecia um pres\u00e9pio<\/strong>\u201c, disse ele sobre a ent\u00e3o pequena vila de pescadores.<\/p>\n<p>Farkas tamb\u00e9m comentou sobre os impactos positivos que os investimentos trouxeram para o local, que hoje se destaca pelo turismo de luxo do estado. Entre as mudan\u00e7as, o artista destacou a facilidade de acesso, que antes s\u00f3 podia ser feita a p\u00e9.<\/p>\n<p>\u201c<strong>Eu cheguei de bicicleta at\u00e9 metade do caminho, o resto foi a p\u00e9<\/strong>. A p\u00e9 pela praia. Aquele grupo de pessoas que foi para l\u00e1, que preservou um pouco aquilo e promoveu a beleza, deu muito certo. Deu muita exposi\u00e7\u00e3o. Deu muita exposi\u00e7\u00e3o, ficou um lugar atrativo\u201d, afirmou.<\/p>\n","protected":false},"excerpt":{"rendered":"O fot\u00f3grafo Jo\u00e3o Farkas, reconhecido por sua trajet\u00f3ria na fotografia documental, afirmou que Trancoso foi um dos lugares&hellip;\n","protected":false},"author":2,"featured_media":123915,"comment_status":"","ping_status":"","sticky":false,"template":"","format":"standard","meta":{"footnotes":""},"categories":[144],"tags":[207,205,206,203,201,202,204,114,115,32,33],"class_list":{"0":"post-123914","1":"post","2":"type-post","3":"status-publish","4":"format-standard","5":"has-post-thumbnail","7":"category-arte-e-design","8":"tag-arte","9":"tag-arte-e-design","10":"tag-artedesign","11":"tag-arts","12":"tag-arts-and-design","13":"tag-artsanddesign","14":"tag-design","15":"tag-entertainment","16":"tag-entretenimento","17":"tag-portugal","18":"tag-pt"},"share_on_mastodon":{"url":"https:\/\/pubeurope.com\/@pt\/115426370721820574","error":""},"_links":{"self":[{"href":"https:\/\/www.europesays.com\/pt\/wp-json\/wp\/v2\/posts\/123914","targetHints":{"allow":["GET"]}}],"collection":[{"href":"https:\/\/www.europesays.com\/pt\/wp-json\/wp\/v2\/posts"}],"about":[{"href":"https:\/\/www.europesays.com\/pt\/wp-json\/wp\/v2\/types\/post"}],"author":[{"embeddable":true,"href":"https:\/\/www.europesays.com\/pt\/wp-json\/wp\/v2\/users\/2"}],"replies":[{"embeddable":true,"href":"https:\/\/www.europesays.com\/pt\/wp-json\/wp\/v2\/comments?post=123914"}],"version-history":[{"count":0,"href":"https:\/\/www.europesays.com\/pt\/wp-json\/wp\/v2\/posts\/123914\/revisions"}],"wp:featuredmedia":[{"embeddable":true,"href":"https:\/\/www.europesays.com\/pt\/wp-json\/wp\/v2\/media\/123915"}],"wp:attachment":[{"href":"https:\/\/www.europesays.com\/pt\/wp-json\/wp\/v2\/media?parent=123914"}],"wp:term":[{"taxonomy":"category","embeddable":true,"href":"https:\/\/www.europesays.com\/pt\/wp-json\/wp\/v2\/categories?post=123914"},{"taxonomy":"post_tag","embeddable":true,"href":"https:\/\/www.europesays.com\/pt\/wp-json\/wp\/v2\/tags?post=123914"}],"curies":[{"name":"wp","href":"https:\/\/api.w.org\/{rel}","templated":true}]}}