{"id":123930,"date":"2025-10-24T00:56:14","date_gmt":"2025-10-24T00:56:14","guid":{"rendered":"https:\/\/www.europesays.com\/pt\/123930\/"},"modified":"2025-10-24T00:56:14","modified_gmt":"2025-10-24T00:56:14","slug":"quando-e-preciso-agir-rapidamente-a-campanha-publicitaria-inspirada-no-assalto-ao-louvre","status":"publish","type":"post","link":"https:\/\/www.europesays.com\/pt\/123930\/","title":{"rendered":"&#8220;Quando \u00e9 preciso agir rapidamente&#8221;: a campanha publicit\u00e1ria inspirada no assalto ao Louvre"},"content":{"rendered":"<p class=\"category\"><a href=\"https:\/\/sicnoticias.pt\/mundo\" rel=\"nofollow noopener\" target=\"_blank\">Mundo<\/a><\/p>\n<p>Uma jogada de marketing feita depois de um envolvimento involunt\u00e1rio. Uma empresa familiar, sediada na Alemanha, viu um dos seus produtos envolvidos no roubo do Louvre.<\/p>\n<p><img decoding=\"async\" src=\"https:\/\/www.europesays.com\/pt\/wp-content\/uploads\/2025\/10\/1761267374_483_original.webp\" alt=\"&quot;Quando \u00e9 preciso agir rapidamente&quot;: a campanha publicit\u00e1ria inspirada no assalto ao Louvre\"\/><\/p>\n<p>Alexander Turnbull<\/p>\n<p><strong>&#8220;Quando \u00e9 preciso agir rapidamente&#8221;<\/strong><strong> \u00e9 o novo <\/strong><strong>slogan<\/strong><strong> de <\/strong><strong>u<\/strong><strong>ma empresa familiar alem\u00e3 que se inspirou no roubo no Louvre para fazer publicidade a um dos seus elevadores de m\u00f3veis. Uma jogada de marketing lan\u00e7ada ap\u00f3s um envolvimento involunt\u00e1rio.\u00a0<\/strong><\/p>\n<p>Na publica\u00e7\u00e3o \u00e9 mostrada a imagem do elevador de m\u00f3veis que, supostamente, os assaltantes &#8211; no passado domingo &#8211; ter\u00e3o usado para entrar no museu e roubar oito j\u00f3ias, avaliadas em quase 90 milh\u00f5es de euros. <\/p>\n<p>Segundo o <a href=\"https:\/\/www.theguardian.com\/world\/2025\/oct\/23\/german-firm-campaign-lift-louvre-heist-bocker\" rel=\"nofollow noopener\" target=\"_blank\">The Guardian<\/a>, os diretores da empresa &#8211; Julia Scharwatz e Alexander B\u00f6cker &#8211; ficaram &#8220;<strong>chocados&#8221;<\/strong> quando, ao lerem as not\u00edcias, viram a imagem de um dos seus produtos.<strong> &#8220;Ficou claro para n\u00f3s que este era um ato repreens\u00edvel e que eles usaram indevidamente o nosso dispositivo para o fazer&#8221;<\/strong>, disse.\u00a0<\/p>\n<blockquote><p>&#8220;Mas depois ficou claro que ningu\u00e9m tinha sido ferido, [ent\u00e3o] come\u00e7\u00e1mos a fazer algumas piadas e a pensar em slogans que ach\u00e1vamos engra\u00e7ados.&#8221;<\/p><\/blockquote>\n<p>&#8220;Maioria das pessoas est\u00e1 a gostar&#8221;<\/p>\n<p>Mas n\u00e3o ter\u00e3o sido s\u00f3 eles a achar que a ideia podia ser boa. Segundo Julia, <strong>\u201cin\u00fameras pessoas &#8211; desde membros da equipa, a parceiros comerciais e clientes &#8211; entraram em contacto connosco e pensamos: uau, temos que fazer alguma coisa com isto\u201d.\u00a0<\/strong><\/p>\n<p>Da ideia, rapidamente passaram \u00e0 a\u00e7\u00e3o e a campanha nasceu na segunda-feira.<strong> &#8220;Pensei que se tornaria um bocadinho viral, mas n\u00e3o que se tornasse t\u00e3o viral. Foi extraordin\u00e1rio. As nossas publica\u00e7\u00f5es no Instagram costumam alcan\u00e7ar 15 a 20 mil pessoas e agora estamos em 1,7 milh\u00f5es. \u00c9 uma loucura&#8221;.\u00a0<\/strong><\/p>\n<blockquote><p>&#8220;Compreendo que n\u00e3o seja o humor de toda a gente, mas a maioria das pessoas est\u00e1 a gostar.&#8221;<\/p><\/blockquote>\n<p>Julia explicou que em 2020 tinham vendido um elevador de carga m\u00f3vel a uma empresa em Paris, que os aluga. Segundo ela, os<strong> a<\/strong><strong>ssaltantes ter\u00e3o abordado essa empresa numa tentativa de usar o elevador e, durante uma demonstra\u00e7\u00e3o de utiliza\u00e7\u00e3o, roubaram-no.<\/strong><\/p>\n","protected":false},"excerpt":{"rendered":"Mundo Uma jogada de marketing feita depois de um envolvimento involunt\u00e1rio. Uma empresa familiar, sediada na Alemanha, viu&hellip;\n","protected":false},"author":2,"featured_media":123931,"comment_status":"","ping_status":"","sticky":false,"template":"","format":"standard","meta":{"footnotes":""},"categories":[144],"tags":[207,205,206,203,201,202,204,114,115,32,33],"class_list":{"0":"post-123930","1":"post","2":"type-post","3":"status-publish","4":"format-standard","5":"has-post-thumbnail","7":"category-arte-e-design","8":"tag-arte","9":"tag-arte-e-design","10":"tag-artedesign","11":"tag-arts","12":"tag-arts-and-design","13":"tag-artsanddesign","14":"tag-design","15":"tag-entertainment","16":"tag-entretenimento","17":"tag-portugal","18":"tag-pt"},"share_on_mastodon":{"url":"https:\/\/pubeurope.com\/@pt\/115426425815310198","error":""},"_links":{"self":[{"href":"https:\/\/www.europesays.com\/pt\/wp-json\/wp\/v2\/posts\/123930","targetHints":{"allow":["GET"]}}],"collection":[{"href":"https:\/\/www.europesays.com\/pt\/wp-json\/wp\/v2\/posts"}],"about":[{"href":"https:\/\/www.europesays.com\/pt\/wp-json\/wp\/v2\/types\/post"}],"author":[{"embeddable":true,"href":"https:\/\/www.europesays.com\/pt\/wp-json\/wp\/v2\/users\/2"}],"replies":[{"embeddable":true,"href":"https:\/\/www.europesays.com\/pt\/wp-json\/wp\/v2\/comments?post=123930"}],"version-history":[{"count":0,"href":"https:\/\/www.europesays.com\/pt\/wp-json\/wp\/v2\/posts\/123930\/revisions"}],"wp:featuredmedia":[{"embeddable":true,"href":"https:\/\/www.europesays.com\/pt\/wp-json\/wp\/v2\/media\/123931"}],"wp:attachment":[{"href":"https:\/\/www.europesays.com\/pt\/wp-json\/wp\/v2\/media?parent=123930"}],"wp:term":[{"taxonomy":"category","embeddable":true,"href":"https:\/\/www.europesays.com\/pt\/wp-json\/wp\/v2\/categories?post=123930"},{"taxonomy":"post_tag","embeddable":true,"href":"https:\/\/www.europesays.com\/pt\/wp-json\/wp\/v2\/tags?post=123930"}],"curies":[{"name":"wp","href":"https:\/\/api.w.org\/{rel}","templated":true}]}}