{"id":123942,"date":"2025-10-24T01:11:09","date_gmt":"2025-10-24T01:11:09","guid":{"rendered":"https:\/\/www.europesays.com\/pt\/123942\/"},"modified":"2025-10-24T01:11:09","modified_gmt":"2025-10-24T01:11:09","slug":"com-6789-metros-o-segundo-edificio-mais-alto-do-mundo-um-icone-de-118-andares-que-redefiniu-o-horizonte-da-malasia-em-2023","status":"publish","type":"post","link":"https:\/\/www.europesays.com\/pt\/123942\/","title":{"rendered":"Com 678,9 metros, o segundo edif\u00edcio mais alto do mundo, um \u00edcone de 118 andares que redefiniu o horizonte da Mal\u00e1sia em 2023"},"content":{"rendered":"<p>O <strong>Merdeka 118<\/strong>, em Kuala Lumpur, \u00e9 o <strong>segundo edif\u00edcio mais alto do mundo<\/strong>, com impressionantes <strong>678,9 metros de altura at\u00e9 a ponta da antena<\/strong>. Conclu\u00eddo em 2023, o arranha-c\u00e9u ultrapassou as Petronas Towers e transformou-se em um novo \u00edcone da Mal\u00e1sia moderna. O projeto combina <strong>engenharia avan\u00e7ada, simbolismo hist\u00f3rico e arquitetura de ponta<\/strong>, representando a fus\u00e3o entre o passado nacional e a vis\u00e3o de futuro do pa\u00eds.<\/p>\n<p>Al\u00e9m de sua escala monumental, o Merdeka 118 simboliza o orgulho nacional malaio. Erguido ao lado do Est\u00e1dio Merdeka, onde foi proclamada a independ\u00eancia em 1957, o edif\u00edcio traduz a mensagem de <strong>\u201cMerdeka\u201d, que significa \u201cliberdade\u201d em malaio<\/strong>, em <a href=\"https:\/\/clickpetroleoegas.com.br\/um-esforco-de-u165-bilhoes-que-mobilizou-400-000-pessoas-para-levar-12-astronautas-a-lua-em-8-anos-vencendo-a-corrida-espacial-btl96\/\" rel=\"nofollow noopener\" target=\"_blank\">uma forma arquitet\u00f4nica<\/a> que conecta o nascimento da na\u00e7\u00e3o \u00e0 sua nova era tecnol\u00f3gica e global.<\/p>\n<p>A ascens\u00e3o de um marco: o segundo edif\u00edcio mais alto do mundo<\/p>\n<p><img loading=\"lazy\" decoding=\"async\" width=\"1095\" height=\"730\" src=\"data:image\/svg+xml,%3Csvg%20xmlns=\" http:=\"\" alt=\"Com 678,9 metros, o segundo edif\u00edcio mais alto do mundo, um \u00edcone de 118 andares que redefiniu o horizonte da Mal\u00e1sia em 2023\" class=\"wp-image-287461\" data-lazy- data-lazy- data-lazy-src=\"https:\/\/www.europesays.com\/pt\/wp-content\/uploads\/2025\/10\/Com-6789-metros-o-segundo-edificio-mais-alto-do-mundo-um-icone-de-118-andares-que-redefiniu-o-horizo.jpeg\"\/><\/p>\n<p>O <strong>Merdeka 118<\/strong> alcan\u00e7a <strong>678,9 metros<\/strong> e <strong>118 andares<\/strong>, superando todos os pr\u00e9dios do Sudeste Asi\u00e1tico e ficando atr\u00e1s apenas do <strong>Burj Khalifa<\/strong>, em Dubai. <\/p>\n<p>        \u2014 ARTIGO CONTINUA ABAIXO \u2014<\/p>\n<p>Sua constru\u00e7\u00e3o exigiu <strong>nove anos de trabalho e mais de 3.000 profissionais<\/strong>, al\u00e9m de uma coordena\u00e7\u00e3o rigorosa entre engenheiros, arquitetos e especialistas em materiais de alta performance.<\/p>\n<p>A torre foi desenvolvida pela <strong>joint venture Samsung C&amp;T e UEM Construction JV Sdn Bhd<\/strong>, em um esfor\u00e7o que integrou tecnologia coreana, engenharia malaia e solu\u00e7\u00f5es inovadoras de constru\u00e7\u00e3o. <\/p>\n<p>O <strong>design em forma de diamante<\/strong> reflete o gesto hist\u00f3rico do primeiro-ministro <strong>Tunku Abdul Rahman<\/strong>, que declarou a independ\u00eancia da Mal\u00e1sia no Est\u00e1dio Merdeka, localizado a poucos metros dali.<\/p>\n<p>Inova\u00e7\u00e3o estrutural e engenharia de precis\u00e3o<\/p>\n<p><img loading=\"lazy\" decoding=\"async\" width=\"1095\" height=\"730\" src=\"data:image\/svg+xml,%3Csvg%20xmlns=\" http:=\"\" alt=\"Com 678,9 metros, o segundo edif\u00edcio mais alto do mundo, um \u00edcone de 118 andares que redefiniu o horizonte da Mal\u00e1sia em 2023\" class=\"wp-image-287462\" data-lazy- data-lazy- data-lazy-src=\"https:\/\/www.europesays.com\/pt\/wp-content\/uploads\/2025\/10\/1761268269_398_Com-6789-metros-o-segundo-edificio-mais-alto-do-mundo-um-icone-de-118-andares-que-redefiniu-o-horizo.jpeg\"\/><\/p>\n<p>Para sustentar o segundo edif\u00edcio mais alto do mundo, o Merdeka 118 incorpora <strong>cinco sistemas estruturais principais<\/strong>, com um <strong>n\u00facleo central de concreto refor\u00e7ado<\/strong> e <strong>oito megacolunas de 4,5 por 5 metros<\/strong>, projetadas para resistir \u00e0s for\u00e7as verticais e laterais causadas por ventos e sismos. <\/p>\n<p>Essa combina\u00e7\u00e3o garante <strong>estabilidade, flexibilidade e seguran\u00e7a<\/strong>, mesmo em condi\u00e7\u00f5es clim\u00e1ticas extremas.<\/p>\n<p>Um dos destaques da constru\u00e7\u00e3o foi o uso de <strong>macacos hidr\u00e1ulicos de alta capacidade<\/strong>, que elevaram a torre superior de 160 metros com precis\u00e3o milim\u00e9trica uma t\u00e9cnica de engenharia raramente utilizada em arranha-c\u00e9us dessa escala.<\/p>\n<p>Esse sistema permitiu manter o alinhamento estrutural mesmo sob varia\u00e7\u00f5es de temperatura e press\u00e3o atmosf\u00e9rica em altitudes extremas.<\/p>\n<p>Superando os desafios tropicais de Kuala Lumpur<\/p>\n<p>Construir o segundo edif\u00edcio mais alto do mundo em uma cidade tropical imp\u00f4s desafios constantes. <\/p>\n<p>Chuvas torrenciais e tempestades el\u00e9tricas eram rotineiras durante a execu\u00e7\u00e3o da obra. <\/p>\n<p>Para garantir a seguran\u00e7a dos trabalhadores e a continuidade do cronograma, a equipe da <strong>SUJV<\/strong> instalou <strong>sistemas de alerta de raios, sensores clim\u00e1ticos e protocolos autom\u00e1ticos de evacua\u00e7\u00e3o<\/strong>.<\/p>\n<p>O controle de qualidade do concreto tamb\u00e9m foi uma prioridade. <\/p>\n<p>As <strong>altas taxas de umidade<\/strong> poderiam comprometer a resist\u00eancia estrutural, exigindo <strong>t\u00e9cnicas especiais de cura e monitoramento t\u00e9rmico<\/strong> em cada etapa da concretagem. <\/p>\n<p>Essa aten\u00e7\u00e3o aos detalhes transformou o Merdeka 118 em um exemplo de excel\u00eancia construtiva para climas tropicais.<\/p>\n<p>O simbolismo nacional e o poder da arquitetura<\/p>\n<p>Mais do que o segundo edif\u00edcio mais alto do mundo, o <strong>Merdeka 118 \u00e9 um monumento identit\u00e1rio<\/strong>.<\/p>\n<p>O nome \u201cMerdeka\u201d foi escolhido para homenagear a independ\u00eancia da Mal\u00e1sia, e cada elemento de seu design reflete <strong>a conex\u00e3o entre orgulho nacional e progresso tecnol\u00f3gico<\/strong>. <\/p>\n<p>Sua fachada facetada de vidro cria o efeito de um diamante ascendente, representando o esp\u00edrito de supera\u00e7\u00e3o e a vis\u00e3o de futuro do pa\u00eds.<\/p>\n<p>Ao situar-se ao lado do <strong>Est\u00e1dio Merdeka<\/strong>, o edif\u00edcio estabelece um di\u00e1logo entre dois momentos hist\u00f3ricos: o nascimento da Mal\u00e1sia independente e a consolida\u00e7\u00e3o de uma na\u00e7\u00e3o moderna. <\/p>\n<p><strong>Essa integra\u00e7\u00e3o entre mem\u00f3ria e modernidade faz do Merdeka 118 um marco simb\u00f3lico da identidade malaia no s\u00e9culo XXI.<\/strong><\/p>\n<p>Impacto global e legado da engenharia moderna<\/p>\n<p>O Merdeka 118 n\u00e3o \u00e9 apenas o segundo edif\u00edcio mais alto do mundo: ele \u00e9 <strong>um testemunho da capacidade humana de construir em escala quase imposs\u00edvel<\/strong>. <\/p>\n<p>Combinando design futurista, engenharia sustent\u00e1vel e valores culturais, o projeto reposiciona Kuala Lumpur como <strong>centro de inova\u00e7\u00e3o arquitet\u00f4nica da \u00c1sia<\/strong>.<\/p>\n<p>A participa\u00e7\u00e3o da <strong>Samsung C&amp;T<\/strong>, tamb\u00e9m respons\u00e1vel pelo Burj Khalifa, refor\u00e7a a continuidade de uma linhagem de obras que desafiam os limites da engenharia. <\/p>\n<p>O Merdeka 118 passa a integrar o seleto grupo de <strong>superarranha-c\u00e9us ic\u00f4nicos<\/strong> que definem eras uma estrutura capaz de unir tecnologia, est\u00e9tica e significado hist\u00f3rico em um \u00fanico gesto vertical.<\/p>\n<p>O <strong>Merdeka 118<\/strong> representa um <strong>s\u00edmbolo de ambi\u00e7\u00e3o, orgulho e modernidade<\/strong> para a Mal\u00e1sia e para o mundo. <\/p>\n<p>Sua constru\u00e7\u00e3o marcou uma <a href=\"https:\/\/clickpetroleoegas.com.br\/menino-superdotado-que-leu-aos-18-meses-virou-fera-em-aviacao-e-levou-premio-global-prova-viva-de-talento-apoio-e-oportunidade-btl96\/\" rel=\"nofollow noopener\" target=\"_blank\">nova fase<\/a> na <strong>competi\u00e7\u00e3o global por altura e inova\u00e7\u00e3o<\/strong>, mas, acima de tudo, reafirmou a capacidade humana de transformar sonhos em realidade arquitet\u00f4nica.<\/p>\n<p>E voc\u00ea, acredita que a busca por edif\u00edcios cada vez mais altos \u00e9 uma express\u00e3o leg\u00edtima de progresso ou apenas uma corrida simb\u00f3lica por prest\u00edgio entre as na\u00e7\u00f5es?<\/p>\n","protected":false},"excerpt":{"rendered":"O Merdeka 118, em Kuala Lumpur, \u00e9 o segundo edif\u00edcio mais alto do mundo, com impressionantes 678,9 metros&hellip;\n","protected":false},"author":2,"featured_media":123943,"comment_status":"","ping_status":"","sticky":false,"template":"","format":"standard","meta":{"footnotes":""},"categories":[144],"tags":[207,205,206,203,201,202,204,114,115,32,33,28605],"class_list":{"0":"post-123942","1":"post","2":"type-post","3":"status-publish","4":"format-standard","5":"has-post-thumbnail","7":"category-arte-e-design","8":"tag-arte","9":"tag-arte-e-design","10":"tag-artedesign","11":"tag-arts","12":"tag-arts-and-design","13":"tag-artsanddesign","14":"tag-design","15":"tag-entertainment","16":"tag-entretenimento","17":"tag-portugal","18":"tag-pt","19":"tag-segundo-edificio-mais-alto-do-mundo"},"share_on_mastodon":{"url":"https:\/\/pubeurope.com\/@pt\/115426484735703000","error":""},"_links":{"self":[{"href":"https:\/\/www.europesays.com\/pt\/wp-json\/wp\/v2\/posts\/123942","targetHints":{"allow":["GET"]}}],"collection":[{"href":"https:\/\/www.europesays.com\/pt\/wp-json\/wp\/v2\/posts"}],"about":[{"href":"https:\/\/www.europesays.com\/pt\/wp-json\/wp\/v2\/types\/post"}],"author":[{"embeddable":true,"href":"https:\/\/www.europesays.com\/pt\/wp-json\/wp\/v2\/users\/2"}],"replies":[{"embeddable":true,"href":"https:\/\/www.europesays.com\/pt\/wp-json\/wp\/v2\/comments?post=123942"}],"version-history":[{"count":0,"href":"https:\/\/www.europesays.com\/pt\/wp-json\/wp\/v2\/posts\/123942\/revisions"}],"wp:featuredmedia":[{"embeddable":true,"href":"https:\/\/www.europesays.com\/pt\/wp-json\/wp\/v2\/media\/123943"}],"wp:attachment":[{"href":"https:\/\/www.europesays.com\/pt\/wp-json\/wp\/v2\/media?parent=123942"}],"wp:term":[{"taxonomy":"category","embeddable":true,"href":"https:\/\/www.europesays.com\/pt\/wp-json\/wp\/v2\/categories?post=123942"},{"taxonomy":"post_tag","embeddable":true,"href":"https:\/\/www.europesays.com\/pt\/wp-json\/wp\/v2\/tags?post=123942"}],"curies":[{"name":"wp","href":"https:\/\/api.w.org\/{rel}","templated":true}]}}