{"id":123950,"date":"2025-10-24T01:17:09","date_gmt":"2025-10-24T01:17:09","guid":{"rendered":"https:\/\/www.europesays.com\/pt\/123950\/"},"modified":"2025-10-24T01:17:09","modified_gmt":"2025-10-24T01:17:09","slug":"vacinas-contra-gripe-e-covid-19-podem-reduzir-risco-de-infarto-e-avc-noticias-r7","status":"publish","type":"post","link":"https:\/\/www.europesays.com\/pt\/123950\/","title":{"rendered":"Vacinas contra gripe e Covid-19 podem reduzir risco de infarto e AVC \u2013 Noticias R7"},"content":{"rendered":"<p class=\"jarvics:base-text-neutral-high-400 base-text-[calc(theme(fontSize.xs)_*_var(--font-size,_1))] base-font-normal base-font-primary base-text-neutral-low-500 base-text-left\">Um estudo m\u00e9dico internacional, revisado por especialistas brasileiros, indicou que vacinas contra a gripe e a Covid-19 n\u00e3o apenas previnem infec\u00e7\u00f5es, mas tamb\u00e9m oferecem prote\u00e7\u00e3o adicional contra infarto e AVC. A pesquisa aponta que essas vacinas ajudam a reduzir o risco de problemas cardiovasculares graves ao diminuir a forma\u00e7\u00e3o de co\u00e1gulos sangu\u00edneos.<\/p>\n","protected":false},"excerpt":{"rendered":"Um estudo m\u00e9dico internacional, revisado por especialistas brasileiros, indicou que vacinas contra a gripe e a Covid-19 n\u00e3o&hellip;\n","protected":false},"author":2,"featured_media":123951,"comment_status":"","ping_status":"","sticky":false,"template":"","format":"standard","meta":{"footnotes":""},"categories":[86],"tags":[11569,1418,116,32,33,3550,3802,117,2820],"class_list":{"0":"post-123950","1":"post","2":"type-post","3":"status-publish","4":"format-standard","5":"has-post-thumbnail","7":"category-saude","8":"tag-covid","9":"tag-gripe","10":"tag-health","11":"tag-portugal","12":"tag-pt","13":"tag-ribeirao-preto","14":"tag-sao-paulo-estado","15":"tag-saude","16":"tag-vacinacao"},"share_on_mastodon":{"url":"https:\/\/pubeurope.com\/@pt\/115426508315012124","error":""},"_links":{"self":[{"href":"https:\/\/www.europesays.com\/pt\/wp-json\/wp\/v2\/posts\/123950","targetHints":{"allow":["GET"]}}],"collection":[{"href":"https:\/\/www.europesays.com\/pt\/wp-json\/wp\/v2\/posts"}],"about":[{"href":"https:\/\/www.europesays.com\/pt\/wp-json\/wp\/v2\/types\/post"}],"author":[{"embeddable":true,"href":"https:\/\/www.europesays.com\/pt\/wp-json\/wp\/v2\/users\/2"}],"replies":[{"embeddable":true,"href":"https:\/\/www.europesays.com\/pt\/wp-json\/wp\/v2\/comments?post=123950"}],"version-history":[{"count":0,"href":"https:\/\/www.europesays.com\/pt\/wp-json\/wp\/v2\/posts\/123950\/revisions"}],"wp:featuredmedia":[{"embeddable":true,"href":"https:\/\/www.europesays.com\/pt\/wp-json\/wp\/v2\/media\/123951"}],"wp:attachment":[{"href":"https:\/\/www.europesays.com\/pt\/wp-json\/wp\/v2\/media?parent=123950"}],"wp:term":[{"taxonomy":"category","embeddable":true,"href":"https:\/\/www.europesays.com\/pt\/wp-json\/wp\/v2\/categories?post=123950"},{"taxonomy":"post_tag","embeddable":true,"href":"https:\/\/www.europesays.com\/pt\/wp-json\/wp\/v2\/tags?post=123950"}],"curies":[{"name":"wp","href":"https:\/\/api.w.org\/{rel}","templated":true}]}}