{"id":123956,"date":"2025-10-24T01:35:11","date_gmt":"2025-10-24T01:35:11","guid":{"rendered":"https:\/\/www.europesays.com\/pt\/123956\/"},"modified":"2025-10-24T01:35:11","modified_gmt":"2025-10-24T01:35:11","slug":"custou-475-milhoes-de-euros-ao-real-madrid-e-esta-disposto-a-assinar-por-benfica-fc-porto-ou-sporting","status":"publish","type":"post","link":"https:\/\/www.europesays.com\/pt\/123956\/","title":{"rendered":"Custou 47,5 milh\u00f5es de euros ao Real Madrid e est\u00e1 disposto a assinar por Benfica, FC Porto ou Sporting"},"content":{"rendered":"<p>&#8211; Advertisement &#8211;<\/p>\n<p><strong>Endrick dever\u00e1 deixar o Real Madrid no pr\u00f3ximo mercado de transfer\u00eancias e abriu as portas a Benfica, FC Porto e Sporting.<\/strong><\/p>\n<p>Endrick est\u00e1 interessado em deixar o Real Madrid no mercado de transfer\u00eancias de inverno, j\u00e1 que n\u00e3o tem qualquer minuto esta temporada ao servi\u00e7o dos merengues. De acordo com a ESPN Brasil, o avan\u00e7ado j\u00e1 identificou que clubes que est\u00e1 disposto a aceitar para 2026.<\/p>\n<p>Dentro do leque est\u00e3o Benfica, FC Porto e Sporting, mas Endrick est\u00e1 atento a todos os emblemas que atuem na Premeir League, na La Liga, na Serie A, na Bundesliga e na Ligue 1. O brasileiro dar\u00e1 prioridade aos conjuntos que estejam presentes nas provas europeias e que privilegiem o jogo ofensivo.<\/p>\n<p>Endrick foi comprado pelo Real Madrid ao Palmeiras em 2024 por 47,5 milh\u00f5es de euros. <a href=\"https:\/\/bolanarede.pt\/especial-bola-na-rede\/atualidade\/endrick-pode-deixar-o-real-madrid-e-alvo-de-adversario-do-sporting\/\" rel=\"nofollow noopener\" target=\"_blank\">Foi associado ao Marselha<\/a>.<\/p>\n<blockquote class=\"twitter-tweet\" data-width=\"550\" data-dnt=\"true\">\n<p lang=\"pt\" dir=\"ltr\">Endrick bate o martelo e define &#8216;perfil&#8217; de clube para atuar em 2026:<\/p>\n<p>\u2022 Um clube que esteja em uma das 5 principais ligas da Europa (Inglaterra, Espanha, It\u00e1lia, Alemanha e Fran\u00e7a) ou um dos 3 principais de Portugal (Porto, Benfica e Sporting)<\/p>\n<p>\u2022 Que dispute as principais\u2026 <a href=\"https:\/\/t.co\/TZNIHJ7Lfq\" rel=\"nofollow\">pic.twitter.com\/TZNIHJ7Lfq<\/a><\/p>\n<p>\u2014 Planeta do Futebol \ud83c\udf0e (@futebol_info) <a href=\"https:\/\/twitter.com\/futebol_info\/status\/1981396965913977192?ref_src=twsrc%5Etfw\" rel=\"nofollow noopener\" target=\"_blank\">October 23, 2025<\/a><\/p><\/blockquote>\n<p><script async src=\"https:\/\/platform.twitter.com\/widgets.js\" charset=\"utf-8\"><\/script><\/p>\n","protected":false},"excerpt":{"rendered":"&#8211; Advertisement &#8211; Endrick dever\u00e1 deixar o Real Madrid no pr\u00f3ximo mercado de transfer\u00eancias e abriu as portas&hellip;\n","protected":false},"author":2,"featured_media":123957,"comment_status":"","ping_status":"","sticky":false,"template":"","format":"standard","meta":{"footnotes":""},"categories":[87],"tags":[260,51,135,478,28606,282,32,33,2007,34,134],"class_list":{"0":"post-123956","1":"post","2":"type-post","3":"status-publish","4":"format-standard","5":"has-post-thumbnail","7":"category-desporto","8":"tag-atualidade","9":"tag-benfica","10":"tag-desporto","11":"tag-destaques-bnr","12":"tag-endrick","13":"tag-fc-porto","14":"tag-portugal","15":"tag-pt","16":"tag-real-madrid","17":"tag-sporting","18":"tag-sports"},"share_on_mastodon":{"url":"https:\/\/pubeurope.com\/@pt\/115426579199471186","error":""},"_links":{"self":[{"href":"https:\/\/www.europesays.com\/pt\/wp-json\/wp\/v2\/posts\/123956","targetHints":{"allow":["GET"]}}],"collection":[{"href":"https:\/\/www.europesays.com\/pt\/wp-json\/wp\/v2\/posts"}],"about":[{"href":"https:\/\/www.europesays.com\/pt\/wp-json\/wp\/v2\/types\/post"}],"author":[{"embeddable":true,"href":"https:\/\/www.europesays.com\/pt\/wp-json\/wp\/v2\/users\/2"}],"replies":[{"embeddable":true,"href":"https:\/\/www.europesays.com\/pt\/wp-json\/wp\/v2\/comments?post=123956"}],"version-history":[{"count":0,"href":"https:\/\/www.europesays.com\/pt\/wp-json\/wp\/v2\/posts\/123956\/revisions"}],"wp:featuredmedia":[{"embeddable":true,"href":"https:\/\/www.europesays.com\/pt\/wp-json\/wp\/v2\/media\/123957"}],"wp:attachment":[{"href":"https:\/\/www.europesays.com\/pt\/wp-json\/wp\/v2\/media?parent=123956"}],"wp:term":[{"taxonomy":"category","embeddable":true,"href":"https:\/\/www.europesays.com\/pt\/wp-json\/wp\/v2\/categories?post=123956"},{"taxonomy":"post_tag","embeddable":true,"href":"https:\/\/www.europesays.com\/pt\/wp-json\/wp\/v2\/tags?post=123956"}],"curies":[{"name":"wp","href":"https:\/\/api.w.org\/{rel}","templated":true}]}}