{"id":123978,"date":"2025-10-24T02:04:21","date_gmt":"2025-10-24T02:04:21","guid":{"rendered":"https:\/\/www.europesays.com\/pt\/123978\/"},"modified":"2025-10-24T02:04:21","modified_gmt":"2025-10-24T02:04:21","slug":"centro-de-referencia-em-diabetes-e-hipertensao-e-inaugurado-em-ceilandia","status":"publish","type":"post","link":"https:\/\/www.europesays.com\/pt\/123978\/","title":{"rendered":"Centro de Refer\u00eancia em Diabetes e Hipertens\u00e3o \u00e9 inaugurado em Ceil\u00e2ndia"},"content":{"rendered":"<p>Ambulat\u00f3rio ir\u00e1 atender pacientes de alto risco com diabetes ou hipertens\u00e3o e vai oferecer atendimento integral em diversas especialidades<\/p>\n<p>Nesta quinta-feira (23), a Regi\u00e3o de Sa\u00fade Oeste \u2013 que abrange Ceil\u00e2ndia, Brazl\u00e2ndia, P\u00f4r do Sol e Sol Nascente \u2013 deu mais um passo importante na oferta de um atendimento humanizado e integral aos pacientes de alto risco de diabetes e hipertens\u00e3o com a inaugura\u00e7\u00e3o do Centro de Refer\u00eancia em Atendimento a Diabetes e Hipertens\u00e3o (Cradh).\u00a0<\/p>\n<p>O ambulat\u00f3rio oferece atendimento integral e multidisciplinar com m\u00e9dicos de diversas especialidades \u2013 como endocrinologista, cardiologista e entre outros \u2013 al\u00e9m de nutricionista, psic\u00f3logo, assistente social, farmac\u00eautico, fisioterapeuta e enfermeiro. Os pacientes atendidos s\u00e3o encaminhados por meio das Unidades B\u00e1sicas de Sa\u00fade (UBS) da regi\u00e3o.<\/p>\n<p>        <img loading=\"lazy\" decoding=\"async\" alt=\"\" height=\"512\" src=\"https:\/\/www.europesays.com\/pt\/wp-content\/uploads\/2025\/10\/49960ca3-4ee3-ea52-a021-b9fac5bb7239\" style=\"margin: 0px;\" width=\"768\"\/> <\/p>\n<p>         Centro de Refer\u00eancia em Diabetes e Hipertens\u00e3o oferece atendimento integral e multidisciplinar a pacientes de alto risco. Foto: Jhonatan Cantarelle \/ Ag\u00eancia Sa\u00fade DF<\/p>\n<p>Segundo a diretora de Aten\u00e7\u00e3o Secund\u00e1ria da regi\u00e3o, Keila Lima, o servi\u00e7o representou um marco para a equipe e refor\u00e7ou o grande benef\u00edcio de uma assist\u00eancia integral em um s\u00f3 local. \u201cO principal ponto positivo \u00e9 que, agora, em vez da pessoa fazer todos esses atendimentos em outros lugares, ela pode fazer tudo no mesmo local\u201d, explica. \u201cO paciente j\u00e1 sai daqui, por exemplo, com a prescri\u00e7\u00e3o e o farmac\u00eautico vai ensinar qual melhor hor\u00e1rio e como identificar a medica\u00e7\u00e3o. Se o paciente tiver alguma resist\u00eancia ao atendimento, o psic\u00f3logo tamb\u00e9m j\u00e1 vai ser acionado\u201d, completou.<\/p>\n<p>Para o funcionamento do ambulat\u00f3rio, o espa\u00e7o passou por readequa\u00e7\u00f5es estruturais para abrigar os consult\u00f3rios e a equipe foi reorganizada para disponibilizar os profissionais necess\u00e1rios. O superintendente da Regi\u00e3o de Sa\u00fade Oeste, C\u00e9zar Brenol Renk, demonstrou otimismo diante do novo local. \u201cCom certeza, vamos ter um resultado fant\u00e1stico de acolhimento e humaniza\u00e7\u00e3o a esse paciente de alto risco\u201d, declarou.<\/p>\n<p>        <img loading=\"lazy\" decoding=\"async\" alt=\"\" height=\"512\" src=\"https:\/\/www.europesays.com\/pt\/wp-content\/uploads\/2025\/10\/a9758fda-adec-7061-7cef-2824fe334100\" style=\"margin: 0px;\" width=\"768\"\/> <\/p>\n<p>         Pacientes atendidos ser\u00e3o encaminhados por meio das Unidades B\u00e1sicas de Sa\u00fade da regi\u00e3o, que abrange Brazl\u00e2ndia e Ceil\u00e2ndia.\u00a0Foto: Jhonatan Cantarelle \/ Ag\u00eancia Sa\u00fade DF\u00a0\u00a0<\/p>\n<p><strong>Planifica\u00e7\u00e3o<\/strong><\/p>\n<p>O novo centro \u00e9 resultado da planifica\u00e7\u00e3o da rede de aten\u00e7\u00e3o \u00e0 sa\u00fade, estrat\u00e9gia que j\u00e1 demonstrou resultados em outras regi\u00f5es, como o Centro de Aten\u00e7\u00e3o a Diabetes e Hipertens\u00e3o (Cadh) e o Centro Especializado em Diabetes, Hipertens\u00e3o e Insufici\u00eancia Card\u00edaca (Cedhic). A iniciativa busca integrar as Aten\u00e7\u00f5es Prim\u00e1ria e a Especializada, organizando fluxos e facilitando o acesso aos servi\u00e7os de sa\u00fade em um s\u00f3 lugar.<\/p>\n<p>        <img loading=\"lazy\" decoding=\"async\" alt=\"\" height=\"512\" src=\"https:\/\/www.europesays.com\/pt\/wp-content\/uploads\/2025\/10\/ae0a9bd5-fd17-bded-91ba-afee2750986c\" style=\"margin: 0px;\" width=\"768\"\/> <\/p>\n<p>         Centro \u00e9 resultado da planifica\u00e7\u00e3o da rede de aten\u00e7\u00e3o \u00e0 sa\u00fade, estrat\u00e9gia que j\u00e1 demonstrou benef\u00edcios em outras regi\u00f5es.\u00a0Foto: Jhonatan Cantarelle \/ Ag\u00eancia Sa\u00fade DF\u00a0<\/p>\n<p>De acordo com o subsecret\u00e1rio de Planejamento em Sa\u00fade da SES-DF, Rodrigo Vidal, a planifica\u00e7\u00e3o traz uma reorganiza\u00e7\u00e3o do fluxo do paciente, fundamental para um bom atendimento. \u201cTemos profissionais e estrutura, o que \u00e9 necess\u00e1rio \u00e9 uma organiza\u00e7\u00e3o e a planifica\u00e7\u00e3o traz essa reorganiza\u00e7\u00e3o do ambiente e do fluxo do paciente. Os pacientes ficam gratos com isso\u201d, explicou.<\/p>\n<p>O chefe da Assessoria de Humaniza\u00e7\u00e3o da SES-DF, Rodrigo Valim, destaca que a planifica\u00e7\u00e3o beneficia toda a rede. \u201cA planifica\u00e7\u00e3o sintoniza e conecta com a necessidade do usu\u00e1rio. Esse ambulat\u00f3rio vai servir como modelo at\u00e9 para as unidades, porque \u00e9 uma organiza\u00e7\u00e3o de processos n\u00e3o s\u00f3 para aten\u00e7\u00e3o especializada, mas tamb\u00e9m para a aten\u00e7\u00e3o prim\u00e1ria. Isso fortalece a integra\u00e7\u00e3o\u201d, afirmou.<\/p>\n","protected":false},"excerpt":{"rendered":"Ambulat\u00f3rio ir\u00e1 atender pacientes de alto risco com diabetes ou hipertens\u00e3o e vai oferecer atendimento integral em diversas&hellip;\n","protected":false},"author":2,"featured_media":123979,"comment_status":"","ping_status":"","sticky":false,"template":"","format":"standard","meta":{"footnotes":""},"categories":[86],"tags":[3980,1661,116,1133,32,33,117],"class_list":{"0":"post-123978","1":"post","2":"type-post","3":"status-publish","4":"format-standard","5":"has-post-thumbnail","7":"category-saude","8":"tag-3980","9":"tag-destaque","10":"tag-health","11":"tag-noticia","12":"tag-portugal","13":"tag-pt","14":"tag-saude"},"share_on_mastodon":{"url":"https:\/\/pubeurope.com\/@pt\/115426693591036353","error":""},"_links":{"self":[{"href":"https:\/\/www.europesays.com\/pt\/wp-json\/wp\/v2\/posts\/123978","targetHints":{"allow":["GET"]}}],"collection":[{"href":"https:\/\/www.europesays.com\/pt\/wp-json\/wp\/v2\/posts"}],"about":[{"href":"https:\/\/www.europesays.com\/pt\/wp-json\/wp\/v2\/types\/post"}],"author":[{"embeddable":true,"href":"https:\/\/www.europesays.com\/pt\/wp-json\/wp\/v2\/users\/2"}],"replies":[{"embeddable":true,"href":"https:\/\/www.europesays.com\/pt\/wp-json\/wp\/v2\/comments?post=123978"}],"version-history":[{"count":0,"href":"https:\/\/www.europesays.com\/pt\/wp-json\/wp\/v2\/posts\/123978\/revisions"}],"wp:featuredmedia":[{"embeddable":true,"href":"https:\/\/www.europesays.com\/pt\/wp-json\/wp\/v2\/media\/123979"}],"wp:attachment":[{"href":"https:\/\/www.europesays.com\/pt\/wp-json\/wp\/v2\/media?parent=123978"}],"wp:term":[{"taxonomy":"category","embeddable":true,"href":"https:\/\/www.europesays.com\/pt\/wp-json\/wp\/v2\/categories?post=123978"},{"taxonomy":"post_tag","embeddable":true,"href":"https:\/\/www.europesays.com\/pt\/wp-json\/wp\/v2\/tags?post=123978"}],"curies":[{"name":"wp","href":"https:\/\/api.w.org\/{rel}","templated":true}]}}